{"id":59989,"date":"2024-07-03T18:38:18","date_gmt":"2024-07-03T21:38:18","guid":{"rendered":"https:\/\/123empregos.com.br\/blog\/?p=59989"},"modified":"2024-07-03T18:38:18","modified_gmt":"2024-07-03T21:38:18","slug":"fundacao-sm-rede-com-foco-em-educacao-tem-otimas-oportunidades-veja","status":"publish","type":"post","link":"https:\/\/99empregos.com.br\/blog\/fundacao-sm-rede-com-foco-em-educacao-tem-otimas-oportunidades-veja\/","title":{"rendered":"Funda\u00e7\u00e3o SM: Rede com foco em EDUCA\u00c7\u00c3O tem \u00f3timas oportunidades, veja"},"content":{"rendered":"<p>A Funda\u00e7\u00e3o SM tem como objetivo promover o desenvolvimento integral dos indiv\u00edduos atrav\u00e9s da Educa\u00e7\u00e3o. Fundada em 1918, o grupo tem um impacto global significativo, atuando em nove pa\u00edses: Espanha, M\u00e9xico, Porto Rico, Rep\u00fablica Dominicana, Col\u00f4mbia, Peru, Argentina, Chile e Brasil.<\/p>\n<p>A funda\u00e7\u00e3o faz uma diferen\u00e7a not\u00e1vel em todas as suas sedes, gra\u00e7as aos s\u00f3lidos valores que a orientam, como solidariedade, liberdade, respeito \u00e0 diversidade cultural e toler\u00e2ncia.<\/p>\n<p>Sua atua\u00e7\u00e3o \u00e9 proativa e complementa os esfor\u00e7os governamentais, colaborando com governos municipais, estaduais e federal, organiza\u00e7\u00f5es da sociedade civil, organismos internacionais, funda\u00e7\u00f5es e institutos, todos focados em promover uma educa\u00e7\u00e3o p\u00fablica eficaz.<\/p>\n<div class=\"flex flex-grow flex-col max-w-full\">\n<div class=\"min-h-[20px] text-message flex flex-col items-start whitespace-pre-wrap break-words [.text-message+&amp;]:mt-5 juice:w-full juice:items-end overflow-x-auto gap-2\" dir=\"auto\" data-message-author-role=\"assistant\" data-message-id=\"c91f8653-56fa-4aa4-98c5-dc686310b2eb\">\n<div class=\"flex w-full flex-col gap-1 juice:empty:hidden juice:first:pt-[3px]\">\n<div class=\"markdown prose w-full break-words dark:prose-invert light\">\n<p>A SM Educa\u00e7\u00e3o \u00e9, portanto, ampla.\u00a0 Oferece suporte abrangente a escolas, gestores, mantenedores, educadores, fam\u00edlias e alunos atrav\u00e9s de uma parceria completa.<\/p>\n<p>Faz tudo isso por meio de solu\u00e7\u00f5es estrat\u00e9gicas e operacionais para a gest\u00e3o escolar, materiais did\u00e1ticos, programas bil\u00edngues, literatura infantil e juvenil, Ensino Religioso, tecnologia educacional, assessoria pedag\u00f3gica e apoio \u00e0 forma\u00e7\u00e3o de professores<\/p>\n<\/div>\n<\/div>\n<\/div>\n<\/div>\n<p>Em s\u00edntese, a Funda\u00e7\u00e3o SM concentra-se em quatro pilares principais: promo\u00e7\u00e3o da leitura, apoio \u00e0 pesquisa educacional, forma\u00e7\u00e3o e valoriza\u00e7\u00e3o dos professores e apoio a projetos socioeducativos.<\/p>\n<p>Essas iniciativas s\u00e3o realizadas por <a href=\"https:\/\/99empregos.com.br\/blog\/ester-agroindustrial-rede-com-alta-relevancia-no-segmento-tem-vagas-veja\/#google_vignette\" target=\"_blank\" rel=\"noopener\">equipes<\/a> multidisciplinares com o objetivo de expandir ainda mais o alcance da funda\u00e7\u00e3o. A <a href=\"https:\/\/99empregos.com.br\/blog\/herbarium-laboratorio-botanico-tem-excelentes-vagas-disponiveis-veja\/#google_vignette\" target=\"_blank\" rel=\"noopener\">empresa<\/a> busca profissionais que compartilhem essa vis\u00e3o e possam atuar em diversas \u00e1reas e localidades.<\/p>\n<p>Se voc\u00ea se identifica com esse perfil, confira algumas das <a href=\"https:\/\/99empregos.com.br\/blog\/ecogen-empresa-direcionada-a-excelencia-energetica-tem-vagas-confira\/#google_vignette\" target=\"_blank\" rel=\"noopener\">vagas<\/a> dispon\u00edveis na Funda\u00e7\u00e3o SM:<\/p>\n<ul>\n<li>Est\u00e1gio de Suporte de TI &#8211; S\u00e3o Paulo\/SP<\/li>\n<li>Consultor Comercial Externo &#8211; Bras\u00edlia\/DF<\/li>\n<\/ul>\n<h2><strong>Sobre a Funda\u00e7\u00e3o SM<\/strong><\/h2>\n<p>A empresa oferece um sal\u00e1rio compat\u00edvel com o mercado de trabalho e o colaborador pode contar com os seguintes benef\u00edcios: vale-transporte, vale-refei\u00e7\u00e3o, seguro de vida, assist\u00eancia m\u00e9dica e assist\u00eancia odontol\u00f3gica.<\/p>\n<h2><b>Saiba como concorrer as vagas dispon\u00edveis\u00a0<\/b><\/h2>\n<p>O processo para se candidatar as vagas da Funda\u00e7\u00e3o SM \u00e9 simples, ao clicar nesse <a href=\"https:\/\/99empregos.com.br\/vaga\/fundacao-sm-rede-com-foco-em-educacao-tem-otimas-oportunidades-veja\/#google_vignette\" target=\"_blank\" rel=\"noopener\">link<\/a>, voc\u00ea poder\u00e1 clicar em Candidatar que voc\u00ea ser\u00e1 redirecionado para a \u00e1rea Trabalhe Conosco da empresa. L\u00e1, voc\u00ea ter\u00e1 acesso as diversas vagas e, ao escolher a que se encaixa no seu perfil clique em: Ver descri\u00e7\u00e3o da vaga.<\/p>\n<p>Em seguida, certifique-se de preencher os pr\u00e9-requisitos. Depois \u00e9 s\u00f3 clicar em Inscreva-se e anexar o seu curr\u00edculo. Voc\u00ea pode ainda cadastrar o seu curr\u00edculo no banco de vagas caso n\u00e3o encontre uma vaga.<\/p>\n","protected":false},"excerpt":{"rendered":"<p>A Funda\u00e7\u00e3o SM tem como objetivo promover o desenvolvimento integral dos indiv\u00edduos atrav\u00e9s da Educa\u00e7\u00e3o. Fundada em 1918, o grupo tem um impacto global significativo, atuando em nove pa\u00edses: Espanha, M\u00e9xico, Porto Rico, Rep\u00fablica Dominicana, Col\u00f4mbia, Peru, Argentina, Chile e Brasil. A funda\u00e7\u00e3o faz uma diferen\u00e7a not\u00e1vel em todas as suas sedes, gra\u00e7as aos s\u00f3lidos [&hellip;]<\/p>\n","protected":false},"author":13,"featured_media":59990,"comment_status":"open","ping_status":"closed","sticky":false,"template":"","format":"standard","meta":{"footnotes":""},"categories":[15],"tags":[1401,1402,2683],"class_list":["post-59989","post","type-post","status-publish","format-standard","has-post-thumbnail","hentry","category-vagas","tag-nivel-medio","tag-nivel-superior","tag-nivel-tecnico"],"_links":{"self":[{"href":"https:\/\/99empregos.com.br\/blog\/wp-json\/wp\/v2\/posts\/59989","targetHints":{"allow":["GET"]}}],"collection":[{"href":"https:\/\/99empregos.com.br\/blog\/wp-json\/wp\/v2\/posts"}],"about":[{"href":"https:\/\/99empregos.com.br\/blog\/wp-json\/wp\/v2\/types\/post"}],"author":[{"embeddable":true,"href":"https:\/\/99empregos.com.br\/blog\/wp-json\/wp\/v2\/users\/13"}],"replies":[{"embeddable":true,"href":"https:\/\/99empregos.com.br\/blog\/wp-json\/wp\/v2\/comments?post=59989"}],"version-history":[{"count":0,"href":"https:\/\/99empregos.com.br\/blog\/wp-json\/wp\/v2\/posts\/59989\/revisions"}],"wp:featuredmedia":[{"embeddable":true,"href":"https:\/\/99empregos.com.br\/blog\/wp-json\/wp\/v2\/media\/59990"}],"wp:attachment":[{"href":"https:\/\/99empregos.com.br\/blog\/wp-json\/wp\/v2\/media?parent=59989"}],"wp:term":[{"taxonomy":"category","embeddable":true,"href":"https:\/\/99empregos.com.br\/blog\/wp-json\/wp\/v2\/categories?post=59989"},{"taxonomy":"post_tag","embeddable":true,"href":"https:\/\/99empregos.com.br\/blog\/wp-json\/wp\/v2\/tags?post=59989"}],"curies":[{"name":"wp","href":"https:\/\/api.w.org\/{rel}","templated":true}]}}