{"id":59994,"date":"2024-07-03T19:10:35","date_gmt":"2024-07-03T22:10:35","guid":{"rendered":"https:\/\/123empregos.com.br\/blog\/?p=59994"},"modified":"2024-07-03T19:10:35","modified_gmt":"2024-07-03T22:10:35","slug":"mais-cabello-rede-com-foco-em-estetica-e-saude-tem-vagas-confira","status":"publish","type":"post","link":"https:\/\/99empregos.com.br\/blog\/mais-cabello-rede-com-foco-em-estetica-e-saude-tem-vagas-confira\/","title":{"rendered":"Mais Cabello: Rede com foco em EST\u00c9TICA e sa\u00fade tem vagas, confira"},"content":{"rendered":"<p>A Mais Cabello lidera o mercado de tratamentos capilares e transplantes, concentrando-se na restaura\u00e7\u00e3o da sa\u00fade dos cabelos atrav\u00e9s de terapias, t\u00e9cnicas manuais avan\u00e7adas, e tecnologia de ponta. A empresa se destaca por oferecer tratamentos personalizados para todos os p\u00fablicos, apoiados por especialistas que desenvolvem protocolos sob medida ap\u00f3s uma avalia\u00e7\u00e3o detalhada.<\/p>\n<p>Com 25 unidades estrategicamente localizadas em todo o pa\u00eds, cada uma com uma equipe t\u00e9cnica excelente composta por m\u00e9dicos e gestores, a Mais Cabello assegura acompanhamento integral dos pacientes desde a consulta inicial at\u00e9 os cuidados p\u00f3s-transplante nos primeiros 10 dias.<\/p>\n<p>A rede tem, portanto, como objetivo majorit\u00e1rio\u00a0evitar problemas e recuperar a sa\u00fade capilar dos nossos clientes, utilizando uma variedade de interven\u00e7\u00f5es terap\u00eauticas que combinam t\u00e9cnicas manuais e o uso de dispositivos especializados para o tratamento do couro cabeludo e dos fios.<\/p>\n<p>Este compromisso com a excel\u00eancia tem impulsionado o sucesso cont\u00ednuo da empresa, refletido na abertura frequente de vagas em diversos setores e n\u00edveis educacionais. \u00c9 reconhecida ainda por oferecer, dentro da <a href=\"https:\/\/99empregos.com.br\/blog\/ester-agroindustrial-rede-com-alta-relevancia-no-segmento-tem-vagas-veja\/#google_vignette\" target=\"_blank\" rel=\"noopener\">empresa<\/a>, a possibilidade de forma\u00e7\u00e3o e estrutura\u00e7\u00e3o de uma carreira s\u00f3lida em qualquer seja a fun\u00e7\u00e3o, preza ainda pela diversidade dentro do <a href=\"https:\/\/99empregos.com.br\/blog\/herbarium-laboratorio-botanico-tem-excelentes-vagas-disponiveis-veja\/#google_vignette\" target=\"_blank\" rel=\"noopener\">time<\/a>, sendo um dos pilares da empresa.<\/p>\n<p>Confira <a href=\"https:\/\/99empregos.com.br\/blog\/ecogen-empresa-direcionada-a-excelencia-energetica-tem-vagas-confira\/#google_vignette\" target=\"_blank\" rel=\"noopener\">vagas<\/a> dispon\u00edveis atualmente na Mais Cabello:<\/p>\n<ul>\n<li>Auxiliar de Estoque &#8211; Ribeir\u00e3o Preto\/SP<\/li>\n<li>Especialista de Vendas &#8211; Goi\u00e2nia\/GO<\/li>\n<li>Auxiliar de Servi\u00e7os Gerais &#8211; Belo Horizonte\/MG<\/li>\n<li>Recepcionista &#8211; Campo Grande\/MS<\/li>\n<li>Auxiliar de Estoque &#8211; Campo Grande\/MS<\/li>\n<li>Terapeuta Capilar &#8211; Taguatinga\/DF<\/li>\n<li>Terapeuta Capilar &#8211; Taguatinga\/DF<\/li>\n<li>Enfermeiro &#8211; Rio de Janeiro\/RJ<\/li>\n<li>Coordenador de Capacita\u00e7\u00e3o &#8211; Rio de Janeiro\/RJ<\/li>\n<\/ul>\n<h2><strong>Sobre a Mais Cabello <\/strong><\/h2>\n<p>A empresa oferece um sal\u00e1rio compat\u00edvel com o mercado de trabalho e o colaborador pode contar com os seguintes benef\u00edcios: vale-transporte, vale-refei\u00e7\u00e3o, seguro de vida, assist\u00eancia m\u00e9dica e assist\u00eancia odontol\u00f3gica.<\/p>\n<h2><b>Saiba como concorrer as vagas dispon\u00edveis\u00a0<\/b><\/h2>\n<p>O processo para se candidatar as vagas da Mais Cabello \u00e9 simples, ao clicar nesse <a href=\"https:\/\/99empregos.com.br\/vaga\/mais-cabello-rede-com-foco-em-estetica-e-saude-tem-vagas-confira\/\" target=\"_blank\" rel=\"noopener\">link<\/a>, voc\u00ea poder\u00e1 clicar em Candidatar que voc\u00ea ser\u00e1 redirecionado para a \u00e1rea Trabalhe Conosco da empresa. L\u00e1, voc\u00ea ter\u00e1 acesso as diversas vagas e, ao escolher a que se encaixa no seu perfil clique em: Ver descri\u00e7\u00e3o da vaga.<\/p>\n<p>Em seguida, certifique-se de preencher os pr\u00e9-requisitos. Depois \u00e9 s\u00f3 clicar em Inscreva-se e anexar o seu curr\u00edculo. Voc\u00ea pode ainda cadastrar o seu curr\u00edculo no banco de vagas caso n\u00e3o encontre uma vaga.<\/p>\n","protected":false},"excerpt":{"rendered":"<p>A Mais Cabello lidera o mercado de tratamentos capilares e transplantes, concentrando-se na restaura\u00e7\u00e3o da sa\u00fade dos cabelos atrav\u00e9s de terapias, t\u00e9cnicas manuais avan\u00e7adas, e tecnologia de ponta. A empresa se destaca por oferecer tratamentos personalizados para todos os p\u00fablicos, apoiados por especialistas que desenvolvem protocolos sob medida ap\u00f3s uma avalia\u00e7\u00e3o detalhada. Com 25 unidades [&hellip;]<\/p>\n","protected":false},"author":13,"featured_media":59995,"comment_status":"open","ping_status":"closed","sticky":false,"template":"","format":"standard","meta":{"footnotes":""},"categories":[15],"tags":[1401,1402,2683],"class_list":["post-59994","post","type-post","status-publish","format-standard","has-post-thumbnail","hentry","category-vagas","tag-nivel-medio","tag-nivel-superior","tag-nivel-tecnico"],"_links":{"self":[{"href":"https:\/\/99empregos.com.br\/blog\/wp-json\/wp\/v2\/posts\/59994","targetHints":{"allow":["GET"]}}],"collection":[{"href":"https:\/\/99empregos.com.br\/blog\/wp-json\/wp\/v2\/posts"}],"about":[{"href":"https:\/\/99empregos.com.br\/blog\/wp-json\/wp\/v2\/types\/post"}],"author":[{"embeddable":true,"href":"https:\/\/99empregos.com.br\/blog\/wp-json\/wp\/v2\/users\/13"}],"replies":[{"embeddable":true,"href":"https:\/\/99empregos.com.br\/blog\/wp-json\/wp\/v2\/comments?post=59994"}],"version-history":[{"count":0,"href":"https:\/\/99empregos.com.br\/blog\/wp-json\/wp\/v2\/posts\/59994\/revisions"}],"wp:featuredmedia":[{"embeddable":true,"href":"https:\/\/99empregos.com.br\/blog\/wp-json\/wp\/v2\/media\/59995"}],"wp:attachment":[{"href":"https:\/\/99empregos.com.br\/blog\/wp-json\/wp\/v2\/media?parent=59994"}],"wp:term":[{"taxonomy":"category","embeddable":true,"href":"https:\/\/99empregos.com.br\/blog\/wp-json\/wp\/v2\/categories?post=59994"},{"taxonomy":"post_tag","embeddable":true,"href":"https:\/\/99empregos.com.br\/blog\/wp-json\/wp\/v2\/tags?post=59994"}],"curies":[{"name":"wp","href":"https:\/\/api.w.org\/{rel}","templated":true}]}}