{"id":60159,"date":"2024-07-05T11:18:53","date_gmt":"2024-07-05T14:18:53","guid":{"rendered":"https:\/\/123empregos.com.br\/blog\/?p=60159"},"modified":"2024-07-05T11:18:53","modified_gmt":"2024-07-05T14:18:53","slug":"allis-empresa-de-gestao-de-equipes-de-fiel-marketing-tem-vagas-veja","status":"publish","type":"post","link":"https:\/\/99empregos.com.br\/blog\/allis-empresa-de-gestao-de-equipes-de-fiel-marketing-tem-vagas-veja\/","title":{"rendered":"Allis: Empresa de GEST\u00c3O de equipes de fiel marketing tem vagas, veja"},"content":{"rendered":"<div class=\"w-full text-token-text-primary\" dir=\"auto\" data-testid=\"conversation-turn-13\" data-scroll-anchor=\"false\">\n<div class=\"py-2 juice:py-[18px] px-3 text-base md:px-4 m-auto md:px-5 lg:px-1 xl:px-5\">\n<div class=\"mx-auto flex flex-1 gap-3 text-base juice:gap-4 juice:md:gap-5 juice:lg:gap-6 md:max-w-3xl lg:max-w-[40rem] xl:max-w-[48rem]\">\n<div class=\"group\/conversation-turn relative flex w-full min-w-0 flex-col agent-turn\">\n<div class=\"flex-col gap-1 md:gap-3\">\n<div class=\"flex flex-grow flex-col max-w-full\">\n<div class=\"min-h-[20px] text-message flex flex-col items-start whitespace-pre-wrap break-words [.text-message+&amp;]:mt-5 juice:w-full juice:items-end overflow-x-auto gap-3\" dir=\"auto\" data-message-author-role=\"assistant\" data-message-id=\"1aa1db12-888d-4a3e-9f15-e065c48438a4\">\n<div class=\"markdown prose w-full break-words dark:prose-invert light\">\n<p>A Allis \u00e9 uma empresa especializada na forma\u00e7\u00e3o e gest\u00e3o de equipes de Field Marketing, oferecendo diversas solu\u00e7\u00f5es personalizadas nesse campo. Fundada h\u00e1 mais de uma d\u00e9cada, a empresa \u00e9 amplamente reconhecida por suas solu\u00e7\u00f5es que impulsionam a performance das marcas e melhoram a experi\u00eancia do cliente.<\/p>\n<p>Destaca &#8211; se aqui pela gest\u00e3o e execu\u00e7\u00e3o de alto n\u00edvel de suas equipes. Al\u00e9m da excel\u00eancia em aprimoramento de t\u00e9cnico e intelig\u00eancia no varejo a partir da compreens\u00e3o das necessidades dos seus clientes e consumidores.<\/p>\n<p>A atua\u00e7\u00e3o da Allis \u00e9 marcada pela precis\u00e3o e efici\u00eancia. Seu portf\u00f3lio de solu\u00e7\u00f5es abrange talentos de campo, aplica\u00e7\u00e3o de intelig\u00eancia estrat\u00e9gica e execu\u00e7\u00e3o operacional.<\/p>\n<p>Essas solu\u00e7\u00f5es s\u00e3o implementadas por uma equipe altamente engajada, especializada em pontos de venda (PDV) e na captura de insights, proporcionando um valor significativo ao cliente e ampliando suas oportunidades de neg\u00f3cio.<\/p>\n<p>Os resultados da Allis s\u00e3o impressionantes: atualmente, a empresa opera em 60 unidades em todo o pa\u00eds, atendendo 30 mil PDVs e gerenciando 16 mil SKUs mensalmente. Isso \u00e9 realizado por uma equipe administrativa de mais de 150 colaboradores especializados em diversos setores.<\/p>\n<p>Equipe essa que trabalha, portanto, de modo meticuloso e colaborativo com as mais diversas marcas dispon\u00edveis no mercado, desenvolvendo solu\u00e7\u00f5es de modo estrat\u00e9gico para implementar a\u00e7\u00f5es bem sucedidas e que v\u00e3o resultar em alta movimenta\u00e7\u00e3o e visibilidade.<\/p>\n<p>Assim, o crescimento not\u00e1vel da Allis \u00e9 evidente e cont\u00ednuo, o que resulta na abertura frequente de <a href=\"https:\/\/99empregos.com.br\/blog\/ester-agroindustrial-rede-com-alta-relevancia-no-segmento-tem-vagas-veja\/\" target=\"_blank\" rel=\"noopener\">vagas<\/a> de <a href=\"https:\/\/99empregos.com.br\/blog\/ecogen-empresa-direcionada-a-excelencia-energetica-tem-vagas-confira\/#google_vignette\" target=\"_blank\" rel=\"noopener\">trabalho<\/a> em diferentes \u00e1reas e para diferentes n\u00edveis de qualifica\u00e7\u00e3o. Aqui est\u00e3o algumas das <a href=\"https:\/\/99empregos.com.br\/blog\/herbarium-laboratorio-botanico-tem-excelentes-vagas-disponiveis-veja\/\" target=\"_blank\" rel=\"noopener\">oportunidades<\/a> dispon\u00edveis atualmente:<\/p>\n<ul>\n<li>\n<div id=\"ctl00_phMasterPage_cGrid_rptGrid_ctl01_lblName\" class=\"advisor-vacancy-name\">Promotor De Vendas &#8211; Latic\u00ednios\/Refrigerados &#8211; Amparo\/SP<\/div>\n<\/li>\n<li>\n<div id=\"ctl00_phMasterPage_cGrid_rptGrid_ctl02_lblName\" class=\"advisor-vacancy-name\">PROMOTOR MOTORIZADO &#8211; OSASCO\/SP<\/div>\n<\/li>\n<li>\n<div id=\"ctl00_phMasterPage_cGrid_rptGrid_ctl04_lblName\" class=\"advisor-vacancy-name\">Promotor De Vendas &#8211; Bragan\u00e7a Paulista\/SP<\/div>\n<\/li>\n<li>\n<div id=\"ctl00_phMasterPage_cGrid_rptGrid_ctl05_lblName\" class=\"advisor-vacancy-name\">Promotor De Vendas &#8211; Palho\u00e7a\/SC<\/div>\n<\/li>\n<li>\n<div id=\"ctl00_phMasterPage_cGrid_rptGrid_ctl07_lblName\" class=\"advisor-vacancy-name\">Promotora De Merchandising\/ Degustadora &#8211; Setor Dos Vinhos &#8211; Cotia\/SP<\/div>\n<\/li>\n<li>\n<div id=\"ctl00_phMasterPage_cGrid_rptGrid_ctl13_lblName\" class=\"advisor-vacancy-name\">Consultora De Vendas ( Feminino ) &#8211; S\u00e3o Paulo\/SP<\/div>\n<\/li>\n<\/ul>\n<h2><strong>Sobre a Allis<\/strong><\/h2>\n<p>A empresa oferece um sal\u00e1rio compat\u00edvel com o mercado de trabalho e o colaborador pode contar com os seguintes benef\u00edcios: vale-transporte, vale-refei\u00e7\u00e3o, seguro de vida, assist\u00eancia m\u00e9dica e assist\u00eancia odontol\u00f3gica.<\/p>\n<h2><b>Saiba como concorrer as vagas dispon\u00edveis\u00a0<\/b><\/h2>\n<p>O processo para se candidatar as vagas da Allis \u00e9 simples, ao clicar nesse <a href=\"https:\/\/99empregos.com.br\/vaga\/allis-empresa-de-gestao-de-equipes-de-fiel-marketing-tem-vagas-veja\/\" target=\"_blank\" rel=\"noopener\">link<\/a>, voc\u00ea poder\u00e1 clicar em Candidatar que voc\u00ea ser\u00e1 redirecionado para a \u00e1rea Trabalhe Conosco da empresa. L\u00e1, voc\u00ea ter\u00e1 acesso as diversas vagas e, ao escolher a que se encaixa no seu perfil clique em: Ver descri\u00e7\u00e3o da vaga.<\/p>\n<p>Em seguida, certifique-se de preencher os pr\u00e9-requisitos. Depois \u00e9 s\u00f3 clicar em Inscreva-se e anexar o seu curr\u00edculo. Voc\u00ea pode ainda cadastrar o seu curr\u00edculo no banco de vagas caso n\u00e3o encontre uma vaga.<\/p>\n<p>&nbsp;<\/p>\n<\/div>\n<\/div>\n<\/div>\n<\/div>\n<\/div>\n<\/div>\n<\/div>\n<\/div>\n","protected":false},"excerpt":{"rendered":"<p>A Allis \u00e9 uma empresa especializada na forma\u00e7\u00e3o e gest\u00e3o de equipes de Field Marketing, oferecendo diversas solu\u00e7\u00f5es personalizadas nesse campo. Fundada h\u00e1 mais de uma d\u00e9cada, a empresa \u00e9 amplamente reconhecida por suas solu\u00e7\u00f5es que impulsionam a performance das marcas e melhoram a experi\u00eancia do cliente. Destaca &#8211; se aqui pela gest\u00e3o e execu\u00e7\u00e3o [&hellip;]<\/p>\n","protected":false},"author":13,"featured_media":60160,"comment_status":"open","ping_status":"closed","sticky":false,"template":"","format":"standard","meta":{"footnotes":""},"categories":[15],"tags":[1401,1402,2683],"class_list":["post-60159","post","type-post","status-publish","format-standard","has-post-thumbnail","hentry","category-vagas","tag-nivel-medio","tag-nivel-superior","tag-nivel-tecnico"],"_links":{"self":[{"href":"https:\/\/99empregos.com.br\/blog\/wp-json\/wp\/v2\/posts\/60159","targetHints":{"allow":["GET"]}}],"collection":[{"href":"https:\/\/99empregos.com.br\/blog\/wp-json\/wp\/v2\/posts"}],"about":[{"href":"https:\/\/99empregos.com.br\/blog\/wp-json\/wp\/v2\/types\/post"}],"author":[{"embeddable":true,"href":"https:\/\/99empregos.com.br\/blog\/wp-json\/wp\/v2\/users\/13"}],"replies":[{"embeddable":true,"href":"https:\/\/99empregos.com.br\/blog\/wp-json\/wp\/v2\/comments?post=60159"}],"version-history":[{"count":0,"href":"https:\/\/99empregos.com.br\/blog\/wp-json\/wp\/v2\/posts\/60159\/revisions"}],"wp:featuredmedia":[{"embeddable":true,"href":"https:\/\/99empregos.com.br\/blog\/wp-json\/wp\/v2\/media\/60160"}],"wp:attachment":[{"href":"https:\/\/99empregos.com.br\/blog\/wp-json\/wp\/v2\/media?parent=60159"}],"wp:term":[{"taxonomy":"category","embeddable":true,"href":"https:\/\/99empregos.com.br\/blog\/wp-json\/wp\/v2\/categories?post=60159"},{"taxonomy":"post_tag","embeddable":true,"href":"https:\/\/99empregos.com.br\/blog\/wp-json\/wp\/v2\/tags?post=60159"}],"curies":[{"name":"wp","href":"https:\/\/api.w.org\/{rel}","templated":true}]}}