{"id":60392,"date":"2024-07-08T21:34:28","date_gmt":"2024-07-09T00:34:28","guid":{"rendered":"https:\/\/123empregos.com.br\/blog\/?p=60392"},"modified":"2024-07-08T15:36:33","modified_gmt":"2024-07-08T18:36:33","slug":"processo-seletivo-seconci-sp-inscreva-se-para-as-novas-vagas","status":"publish","type":"post","link":"https:\/\/99empregos.com.br\/blog\/processo-seletivo-seconci-sp-inscreva-se-para-as-novas-vagas\/","title":{"rendered":"Processo Seletivo SECONCI-SP: Inscreva-se para as Novas Vagas!"},"content":{"rendered":"<div class=\"max-w-[700px] mx-auto mt-8 p-2\">\n<div class=\"h-fit md:ml-2 lg:ml-0 css-1tcqj3k\">\n<p>Procurando por uma chance de crescimento profissional? O<strong> Seconci-SP<\/strong>, uma institui\u00e7\u00e3o filantr\u00f3pica, est\u00e1 oferecendo mais de <strong>200 vagas de emprego<\/strong> em diversas \u00e1reas e n\u00edveis de escolaridade. Esta \u00e9 uma <a href=\"https:\/\/99empregos.com.br\/blog\/vagas-de-emprego-disponiveis-no-alto-tiete\/\">oportunidade<\/a> imperd\u00edvel para se juntar a uma equipe dedicada, experiente e comprometida em melhorar a vida dos trabalhadores da constru\u00e7\u00e3o civil e suas fam\u00edlias.<\/p>\n<h2>Sobre o Seconci-SP<\/h2>\n<p>Fundada em 1964 por um grupo de empres\u00e1rios vision\u00e1rios, o <strong>Seconci-SP (Servi\u00e7o Social da Constru\u00e7\u00e3o Civil do Estado de S\u00e3o Paulo)<\/strong> \u00e9 uma entidade sem fins lucrativos que dedica seus esfor\u00e7os a atender os trabalhadores da constru\u00e7\u00e3o civil e seus entes queridos. Com sede na capital paulista e 12 unidades ambulatoriais espalhadas pelo estado, a institui\u00e7\u00e3o oferece servi\u00e7os m\u00e9dicos, odontol\u00f3gicos e outros atendimentos complementares de alta qualidade.<\/p>\n<h2>Trajet\u00f3ria do Seconci-SP<\/h2>\n<p>Al\u00e9m de seus servi\u00e7os diretos aos trabalhadores, o Seconci-SP se destaca h\u00e1 mais de <strong>25 anos<\/strong> por sua assessoria de excel\u00eancia \u00e0s empresas na <strong>gest\u00e3o integrada de Sa\u00fade e Seguran\u00e7a do Trabalho (SST)<\/strong>. Utilizando o Sistema SOC, l\u00edder em gest\u00e3o de SST, a equipe multidisciplinar composta por m\u00e9dicos do trabalho, engenheiros, t\u00e9cnicos de seguran\u00e7a e outros especialistas auxilia as empresas a implementar a\u00e7\u00f5es preventivas que visam melhorar a qualidade de vida dos funcion\u00e1rios, aumentar a produtividade e reduzir custos operacionais.<\/p>\n<p>Em 1998, reconhecida por sua vasta experi\u00eancia na \u00e1rea da sa\u00fade, o Seconci-SP foi convidado a integrar a primeira gera\u00e7\u00e3o de Organiza\u00e7\u00f5es Sociais de Sa\u00fade (OSS) do Brasil. Desde ent\u00e3o, a institui\u00e7\u00e3o tem participado ativamente da gest\u00e3o de equipamentos de sa\u00fade em parceria com o Estado e o Munic\u00edpio de S\u00e3o Paulo, contribuindo para reduzir as filas do SUS e melhorar o atendimento \u00e0 popula\u00e7\u00e3o.<\/p>\n<h2>Valores Fundamentais do Seconci SP<\/h2>\n<p>Segundo informa\u00e7\u00f5es do site da empresa, a Seconci-SP valoriza o trabalhador e a diversidade, contando com uma equipe de mais de 12 mil colaboradores. \u00c9tica, respeito e excel\u00eancia na gest\u00e3o s\u00e3o os pilares fundamentais da institui\u00e7\u00e3o, que tem como princ\u00edpio oferecer um atendimento humanizado e de alta qualidade em todas as suas atividades. Comprometida com a diversidade e a inclus\u00e3o, a institui\u00e7\u00e3o incentiva a candidatura de pessoas com defici\u00eancia e outros grupos minorit\u00e1rios, reconhecendo o valor da pluralidade e da representatividade em seu ambiente de trabalho.<\/p>\n<h2>Oportunidades de Emprego no Seconci SP<\/h2>\n<p>Atualmente, o Seconci-SP est\u00e1 com mais de <strong>200 vagas<\/strong> de emprego abertas em diversas \u00e1reas e n\u00edveis de escolaridade, <strong>desde ensino m\u00e9dio completo at\u00e9 superior<\/strong>. As <a href=\"https:\/\/99empregos.com.br\/blog\/vagas-de-emprego-disponiveis-no-alto-tiete\/\">oportunidades<\/a> s\u00e3o para cargos efetivos em v\u00e1rias cidades do estado de S\u00e3o Paulo, oferecendo a chance de ingressar em uma equipe comprometida com a miss\u00e3o de salvar vidas e contribuir para a constru\u00e7\u00e3o de um Brasil melhor.<\/p>\n<h2 class=\"wp-block-heading\">Oportunidades de Emprego<\/h2>\n<p>Confira algumas das vagas dispon\u00edveis no<a href=\"https:\/\/99empregos.com.br\/blog\/vagas-na-ca-processo-seletivo-com-mais-de-100-oportunidades\/\"> processo seletivo<\/a> do Seconci-SP:<\/p>\n<h3 class=\"wp-block-heading\">Administrativo e Recursos Humanos<\/h3>\n<ul>\n<li><strong>Analista Administrativo (RH) \u2013 HEVA<\/strong>: S\u00e3o Paulo \u2013 SP<\/li>\n<li><strong>Analista de Recrutamento e Sele\u00e7\u00e3o<\/strong>: S\u00e3o Paulo \u2013 SP<\/li>\n<li><strong>Assistente Administrativo (Cl\u00ednicas de apoio)<\/strong>: S\u00e3o Paulo \u2013 SP<\/li>\n<li><strong>Assistente Administrativo RH \u2013 Hospital Municipal Dr. Benedicto Montenegro \u2013 SAS<\/strong>: S\u00e3o Paulo \u2013 SP<\/li>\n<li><strong>Assistente de Departamento Pessoal \u2013 Unidade Central<\/strong>: S\u00e3o Paulo \u2013 SP<\/li>\n<\/ul>\n<h3 class=\"wp-block-heading\">\u00c1rea da Sa\u00fade<\/h3>\n<ul>\n<li><strong>Agente de Sa\u00fade \u2013 Consult\u00f3rio de Rua \u2013 Canga\u00edba \u2013 Dr. Carlos Gentile de Mello \u2013 SAS<\/strong>: S\u00e3o Paulo \u2013 SP<\/li>\n<li><strong>Auxiliar de Enfermagem \u2013 CAPS AD II Ermelino Matarazzo \u2013 SAS<\/strong>: S\u00e3o Paulo \u2013 SP<\/li>\n<li><strong>Auxiliar de Enfermagem \u2013 CAPS Infanto-Juvenil III Penha \u2013 SAS<\/strong>: S\u00e3o Paulo \u2013 SP<\/li>\n<li><strong>Enfermeiro \u2013 AMA 24h Engenheiro Goulart Dr. Jos\u00e9 Pires \u2013 SAS<\/strong>: S\u00e3o Paulo \u2013 SP<\/li>\n<li><strong>Enfermeiro \u2013 HEVA<\/strong>: S\u00e3o Paulo \u2013 SP<\/li>\n<\/ul>\n<h3 class=\"wp-block-heading\">Limpeza e Higieniza\u00e7\u00e3o<\/h3>\n<ul>\n<li><strong>Agente de Higieniza\u00e7\u00e3o \u2013 HESAP<\/strong>: S\u00e3o Paulo \u2013 SP<\/li>\n<li><strong>Agente de Higieniza\u00e7\u00e3o \u2013 AME Barradas<\/strong>: S\u00e3o Paulo \u2013 SP<\/li>\n<li><strong>Agente de Higieniza\u00e7\u00e3o \u2013 CHS \u2013 3360<\/strong>: Sorocaba \u2013 SP<\/li>\n<\/ul>\n<h3 class=\"wp-block-heading\">Outras Vagas<\/h3>\n<ul>\n<li><strong>Controlador de Acesso \u2013 CEADIS<\/strong>: S\u00e3o Paulo \u2013 SP<\/li>\n<li><strong>Instrumentador Cir\u00fargico \u2013 HESAP<\/strong>: S\u00e3o Paulo \u2013 SP<\/li>\n<li><strong>Motorista \u2013 CTA Territorial \u2013 SAS<\/strong>: S\u00e3o Paulo \u2013 SP<\/li>\n<li><strong>Oficineiro \u2013 CAPS Adulto III Vila Matilde<\/strong>: S\u00e3o Paulo \u2013 SP<\/li>\n<li><strong>Supervisor de Higieniza\u00e7\u00e3o \u2013 HESAP<\/strong>: S\u00e3o Paulo \u2013 SP<\/li>\n<\/ul>\n<h2>Como se Candidatar no Seconci SP<\/h2>\n<p>O processo de candidatura \u00e9 simples e acess\u00edvel. Basta acessar o site de vagas do <a href=\"https:\/\/seconci-sp.gupy.io\/\" target=\"_blank\" rel=\"noopener\">Seconci-SP<\/a>, navegar at\u00e9 a se\u00e7\u00e3o de vagas de emprego e utilizar os filtros fornecidos para encontrar as oportunidades alinhadas com suas habilidades e aspira\u00e7\u00f5es profissionais.<\/p>\n<h3>Dicas para uma Candidatura de Sucesso<\/h3>\n<p>Ao se candidatar para uma vaga no Seconci-SP, \u00e9 importante preparar um curr\u00edculo atualizado e bem estruturado, destacando suas realiza\u00e7\u00f5es profissionais e acad\u00eamicas relevantes. Al\u00e9m disso, \u00e9 recomend\u00e1vel dedicar tempo \u00e0 reda\u00e7\u00e3o de uma carta de apresenta\u00e7\u00e3o convincente, ressaltando como suas habilidades e experi\u00eancias se alinham com os requisitos da vaga desejada.<\/p>\n<h2>Mais Informa\u00e7\u00f5es da Vaga no Seconci<\/h2>\n<p>Ao ingressar na equipe do Seconci-SP, voc\u00ea ter\u00e1 acesso a uma variedade de direitos, incluindo:<\/p>\n<ul class=\"!whitespace-normal list-disc ml-5\">\n<li class=\"pb-1\">Plano de sa\u00fade<\/li>\n<li class=\"pb-1\">Plano odontol\u00f3gico<\/li>\n<li class=\"pb-1\">Vale-refei\u00e7\u00e3o ou Vale-alimenta\u00e7\u00e3o<\/li>\n<li class=\"pb-1\">Aux\u00edlio-transporte<\/li>\n<li class=\"pb-1\">Seguro de vida<\/li>\n<li class=\"pb-1\">Programa de treinamento e desenvolvimento profissional<\/li>\n<\/ul>\n<p>&nbsp;<\/p>\n<figure id=\"attachment_60393\" aria-describedby=\"caption-attachment-60393\" style=\"width: 593px\" class=\"wp-caption alignnone\"><img decoding=\"async\" class=\" wp-image-60393\" src=\"https:\/\/99empregos.com.br\/blog\/wp-content\/uploads\/2024\/07\/logomarca-seconci.png-300x85.webp\" alt=\"Seconci-SP, logomarca.\" width=\"593\" height=\"168\" srcset=\"https:\/\/99empregos.com.br\/blog\/wp-content\/uploads\/2024\/07\/logomarca-seconci.png-300x85.webp 300w, https:\/\/99empregos.com.br\/blog\/wp-content\/uploads\/2024\/07\/logomarca-seconci.png-768x217.webp 768w, https:\/\/99empregos.com.br\/blog\/wp-content\/uploads\/2024\/07\/logomarca-seconci.png.webp 900w\" sizes=\"(max-width: 593px) 100vw, 593px\" \/><figcaption id=\"caption-attachment-60393\" class=\"wp-caption-text\">Seconci-SP, logomarca.<\/figcaption><\/figure>\n<p>&nbsp;<\/p>\n<p>O Seconci-SP \u00e9 uma institui\u00e7\u00e3o que oferece diversas oportunidades de emprego em diferentes \u00e1reas e n\u00edveis de escolaridade. Com um ambiente de trabalho que preza pela \u00e9tica, respeito e excel\u00eancia, a entidade busca profissionais comprometidos com a miss\u00e3o de salvar vidas e contribuir para a constru\u00e7\u00e3o de um Brasil melhor.<\/p>\n<p>N\u00e3o perca a chance de fazer parte dessa equipe dedicada e experiente. Acesse o site do Seconci-SP, explore as vagas dispon\u00edveis e inscreva-se para dar o pr\u00f3ximo passo em sua carreira.<\/p>\n<\/div>\n<\/div>\n<div class=\"sticky ml-8 left-4 bottom-4 gap-2 items-center hidden sm:flex tabletStars:sticky\"><\/div>\n","protected":false},"excerpt":{"rendered":"<p>Procurando por uma chance de crescimento profissional? O Seconci-SP, uma institui\u00e7\u00e3o filantr\u00f3pica, est\u00e1 oferecendo mais de 200 vagas de emprego em diversas \u00e1reas e n\u00edveis de escolaridade. Esta \u00e9 uma oportunidade imperd\u00edvel para se juntar a uma equipe dedicada, experiente e comprometida em melhorar a vida dos trabalhadores da constru\u00e7\u00e3o civil e suas fam\u00edlias. Sobre [&hellip;]<\/p>\n","protected":false},"author":32,"featured_media":60394,"comment_status":"open","ping_status":"closed","sticky":false,"template":"","format":"standard","meta":{"footnotes":""},"categories":[5955],"tags":[5,13,16],"class_list":["post-60392","post","type-post","status-publish","format-standard","has-post-thumbnail","hentry","category-emprego","tag-empregos","tag-oportunidade-de-emprego","tag-vagas-de-emprego"],"_links":{"self":[{"href":"https:\/\/99empregos.com.br\/blog\/wp-json\/wp\/v2\/posts\/60392","targetHints":{"allow":["GET"]}}],"collection":[{"href":"https:\/\/99empregos.com.br\/blog\/wp-json\/wp\/v2\/posts"}],"about":[{"href":"https:\/\/99empregos.com.br\/blog\/wp-json\/wp\/v2\/types\/post"}],"author":[{"embeddable":true,"href":"https:\/\/99empregos.com.br\/blog\/wp-json\/wp\/v2\/users\/32"}],"replies":[{"embeddable":true,"href":"https:\/\/99empregos.com.br\/blog\/wp-json\/wp\/v2\/comments?post=60392"}],"version-history":[{"count":0,"href":"https:\/\/99empregos.com.br\/blog\/wp-json\/wp\/v2\/posts\/60392\/revisions"}],"wp:featuredmedia":[{"embeddable":true,"href":"https:\/\/99empregos.com.br\/blog\/wp-json\/wp\/v2\/media\/60394"}],"wp:attachment":[{"href":"https:\/\/99empregos.com.br\/blog\/wp-json\/wp\/v2\/media?parent=60392"}],"wp:term":[{"taxonomy":"category","embeddable":true,"href":"https:\/\/99empregos.com.br\/blog\/wp-json\/wp\/v2\/categories?post=60392"},{"taxonomy":"post_tag","embeddable":true,"href":"https:\/\/99empregos.com.br\/blog\/wp-json\/wp\/v2\/tags?post=60392"}],"curies":[{"name":"wp","href":"https:\/\/api.w.org\/{rel}","templated":true}]}}