{"id":60411,"date":"2024-07-09T11:34:16","date_gmt":"2024-07-09T14:34:16","guid":{"rendered":"https:\/\/123empregos.com.br\/blog\/?p=60411"},"modified":"2025-04-30T15:29:40","modified_gmt":"2025-04-30T18:29:40","slug":"corrida-por-emprego-1-300-vagas-abertas-em-diversas-areas-nao-perca","status":"publish","type":"post","link":"https:\/\/99empregos.com.br\/blog\/corrida-por-emprego-1-300-vagas-abertas-em-diversas-areas-nao-perca\/","title":{"rendered":"Corrida por Emprego: 1.300 Vagas Abertas em Diversas \u00c1reas! N\u00e3o Perca!"},"content":{"rendered":"<div class=\"max-w-[700px] mx-auto mt-8 p-2\">\n<div class=\"h-fit md:ml-2 lg:ml-0 css-1tcqj3k\">\n<p>O mercado de trabalho brasileiro est\u00e1 com in\u00fameras empresas e institui\u00e7\u00f5es buscando pessoas qualificadas para integrar suas equipes. Desde gigantes corporativos at\u00e9 startups, h\u00e1 v\u00e1rias oportunidades dispon\u00edveis em diversos setores. Neste artigo, ser\u00e3o apresentadas as diversas vagas de emprego dispon\u00edveis, fornecendo informa\u00e7\u00f5es valiosas para aqueles que procuram dar um novo rumo em suas carreiras.<\/p>\n<h2>Servi\u00e7o Social do Transporte e Servi\u00e7o Nacional de Aprendizagem do Transporte (SEST SENAT)<\/h2>\n<p>O SEST SENAT, uma institui\u00e7\u00e3o com presen\u00e7a nacional, est\u00e1 recrutando em suas unidades operacionais espalhadas por todas as regi\u00f5es do pa\u00eds. Essa organiza\u00e7\u00e3o dedicada ao setor de transportes oferece oportunidades para profissionais de diversas \u00e1reas e n\u00edveis de experi\u00eancia.<\/p>\n<h3>Vagas Dispon\u00edveis e Prazos de Inscri\u00e7\u00e3o<\/h3>\n<p>As <a href=\"https:\/\/99empregos.com.br\/blog\/processo-seletivo-seconci-sp-inscreva-se-para-as-novas-vagas\/\">vagas<\/a> abertas no SEST SENAT abrangem uma grande variedade de campos de atua\u00e7\u00e3o, desde <strong>fun\u00e7\u00f5es administrativas at\u00e9 posi\u00e7\u00f5es t\u00e9cnicas e operacionais<\/strong>. Os prazos para se inscrever variam de acordo com o cargo desejado, portanto, \u00e9 essencial ficar atento \u00e0s datas limite anunciadas pela institui\u00e7\u00e3o.<\/p>\n<h4>Processo Seletivo SEST SENAT<\/h4>\n<p>Para ingressar no SEST SENAT, os candidatos devem estar preparados para enfrentar o<a href=\"https:\/\/99empregos.com.br\/blog\/processo-seletivo-seconci-sp-inscreva-se-para-as-novas-vagas\/\"> processo seletivo<\/a>. A organiza\u00e7\u00e3o busca pessoas comprometidas, com habilidades e compet\u00eancias alinhadas \u00e0s suas necessidades espec\u00edficas. Desde etapas de avalia\u00e7\u00e3o curricular at\u00e9 entrevistas e testes t\u00e9cnicos, cada fase \u00e9 projetada para identificar os melhores profissionais.<\/p>\n<p>Para realizar sua inscri\u00e7\u00e3o, <a href=\"https:\/\/www.sestsenat.org.br\/trabalhe-conosco\" target=\"_blank\" rel=\"noopener\">clique aqui<\/a>.<\/p>\n<h2>Prefeitura de S\u00e3o Paulo: Mais de 700 Vagas Abertas<\/h2>\n<p>A <strong>Prefeitura de S\u00e3o Paulo,<\/strong> por meio do<strong> Centro de Apoio ao Trabalho e Empreendedorismo (Cate)<\/strong>, est\u00e1 oferecendo mais de<strong> 700 oportunidades de emprego em diversas \u00e1reas<\/strong>. Essa iniciativa visa preencher <a href=\"https:\/\/99empregos.com.br\/blog\/vagas-agencia-do-trabalhador-paranavai\/\">vagas<\/a> em setores essenciais, como com\u00e9rcio e servi\u00e7os, impulsionando a economia local e proporcionando chances de crescimento profissional.<\/p>\n<h3>Sal\u00e1rios<\/h3>\n<p>As vagas disponibilizadas pela Prefeitura de S\u00e3o Paulo abrangem v\u00e1rios cargos, desde posi\u00e7\u00f5es de n\u00edvel operacional at\u00e9 fun\u00e7\u00f5es gerenciais. Os sal\u00e1rios oferecidos variam, com alguns cargos alcan\u00e7ando at\u00e9 <strong>R$ 2.631<\/strong>, dependendo das responsabilidades e requisitos.<\/p>\n<h4>Programa de Jovem Aprendiz<\/h4>\n<p>Al\u00e9m das vagas tradicionais, a Prefeitura de S\u00e3o Paulo tamb\u00e9m est\u00e1 investindo no futuro da for\u00e7a de trabalho por meio do <strong>Programa de Jovem Aprendiz<\/strong>. Nesta iniciativa, <strong>25 vagas<\/strong> est\u00e3o dispon\u00edveis para jovens talentosos que buscam adquirir experi\u00eancia pr\u00e1tica e desenvolver habilidades profissionais essenciais.<\/p>\n<p><a href=\"https:\/\/cate.prefeitura.sp.gov.br\/\" target=\"_blank\" rel=\"noopener\">Cadastre-se aqui.<\/a><\/p>\n<h2>Funda\u00e7\u00e3o Memorial da Am\u00e9rica Latina (FMAL)<\/h2>\n<p>A <strong>Funda\u00e7\u00e3o Memorial da Am\u00e9rica Latina (FMAL)<\/strong> est\u00e1 buscando talentos universit\u00e1rios para sua nova sele\u00e7\u00e3o de est\u00e1gios. Localizada na zona oeste de S\u00e3o Paulo, a institui\u00e7\u00e3o oferece oportunidades \u00fanicas para estudantes de diversas \u00e1reas do ensino superior.<\/p>\n<h3>Inscri\u00e7\u00f5es<\/h3>\n<p>As <strong>inscri\u00e7\u00f5es<\/strong> para o processo seletivo da FMAL ser\u00e3o abertas no dia <strong>15 de julho<\/strong>. \u00c9 fundamental ficar atento \u00e0s datas e requisitos espec\u00edficos anunciados pela funda\u00e7\u00e3o.<\/p>\n<p><a href=\"https:\/\/pp.ciee.org.br\/vitrine\/12428\/detalhe\" target=\"_blank\" rel=\"noopener\">Cadastre-se aqui.<\/a><\/p>\n<h2>Bradesco: Vagas em V\u00e1rios Estados<\/h2>\n<p>O Bradesco, uma das principais institui\u00e7\u00f5es financeiras do Brasil, est\u00e1 recrutando para vagas dispon\u00edveis em <strong>S\u00e3o Paulo, Cear\u00e1, Paran\u00e1, Goi\u00e1s e Mato Grosso do Sul<\/strong>.<\/p>\n<h3>Inscri\u00e7\u00f5es<\/h3>\n<p>Os interessados em fazer parte do time do Bradesco t\u00eam <strong>at\u00e9 o dia 9 de agosto<\/strong> para se inscrever no processo seletivo em andamento. \u00c9 essencial acompanhar as atualiza\u00e7\u00f5es e cumprir os prazos estabelecidos pela institui\u00e7\u00e3o.<\/p>\n<p><a href=\"https:\/\/app.eureca.me\/oportunidade\/estagiobradesco2024\" target=\"_blank\" rel=\"noopener\">Cadastre-se aqui.<\/a><\/p>\n<h2>Feira de Empregabilidade para Migrantes<\/h2>\n<p>O <strong>Instituto Adus<\/strong>, em parceria com a OIM (Ag\u00eancia da ONU para Migra\u00e7\u00f5es) e o Museu da Imigra\u00e7\u00e3o, est\u00e1 organizando uma Feira de Empregabilidade voltada para migrantes em busca de oportunidades de trabalho. Esse evento, que ocorrer\u00e1 no dia <strong>19 de julho, das 9h \u00e0s 15h<\/strong>, no Museu da Imigra\u00e7\u00e3o, \u00e9 uma plataforma \u00fanica para conectar talentos migrantes com potenciais empregadores.<\/p>\n<p>Ao participar desse evento, os migrantes ter\u00e3o a oportunidade de demonstrar suas habilidades, compartilhar suas experi\u00eancias e encontrar caminhos para alcan\u00e7ar seus objetivos de carreira.<\/p>\n<h2>Prefeitura de Guarulhos: Vagas de Est\u00e1gio para Universit\u00e1rios<\/h2>\n<p>A Prefeitura Municipal de Guarulhos, localizada na regi\u00e3o metropolitana de S\u00e3o Paulo, est\u00e1 oferecendo uma oportunidade de est\u00e1gio para estudantes universit\u00e1rios. Por meio de um processo seletivo rec\u00e9m-anunciado, a prefeitura visa credenciar talentos para eventuais vagas de est\u00e1gio que possam surgir na administra\u00e7\u00e3o p\u00fablica.<\/p>\n<h3>Inscri\u00e7\u00f5es<\/h3>\n<p>As inscri\u00e7\u00f5es para o processo seletivo da Prefeitura de Guarulhos ser\u00e3o abertas no dia <strong>12 de julho<\/strong>, dando aos estudantes interessados a chance de ingressar em uma experi\u00eancia enriquecedora no setor p\u00fablico.<\/p>\n<p><a href=\"https:\/\/pp.ciee.org.br\/vitrine\/12425\/detalhe\" target=\"_blank\" rel=\"noopener\">Cadastre-se aqui.<\/a><\/p>\n<h2>TIM: 145 Vagas em Diversos Estados<\/h2>\n<p>A operadora de telecomunica\u00e7\u00f5es TIM est\u00e1 recrutando talentos para preencher <strong>145 vagas<\/strong> em <strong>S\u00e3o Paulo, Rio de Janeiro, Pernambuco, Minas Gerais, Paran\u00e1, Par\u00e1, Goi\u00e1s e Distrito Federal<\/strong>. Essa \u00e9 uma chance imperd\u00edvel para profissionais que desejam ingressar em uma empresa especialista no setor de tecnologia e comunica\u00e7\u00f5es.<\/p>\n<h3>Inscri\u00e7\u00f5es<\/h3>\n<p>Os interessados em fazer parte do time da TIM t\u00eam at\u00e9 o dia <strong>19 de julho<\/strong> para se inscrever no processo seletivo em andamento. \u00c9 fundamental acompanhar as atualiza\u00e7\u00f5es e cumprir os prazos estabelecidos pela empresa.<\/p>\n<h4>Oportunidades em Diversas \u00c1reas e N\u00edveis<\/h4>\n<p>As vagas oferecidas pela TIM abrangem uma ampla gama de \u00e1reas e n\u00edveis de experi\u00eancia, desde posi\u00e7\u00f5es t\u00e9cnicas at\u00e9 fun\u00e7\u00f5es administrativas e gerenciais.<\/p>\n<p><a href=\"https:\/\/tim.academiadouniversitario.com.br\/\" target=\"_blank\" rel=\"noopener\">Cadastre-se aqui.<\/a><\/p>\n<h2>TalenTI: 459 Vagas na \u00c1rea de Tecnologia da Informa\u00e7\u00e3o<\/h2>\n<p>O TalenTI, um portal especializado em recrutamento de profissionais de tecnologia da informa\u00e7\u00e3o (TI), est\u00e1 oferecendo <strong>459 vagas de emprego<\/strong> no setor de TI em diversas fun\u00e7\u00f5es. Essas oportunidades est\u00e3o distribu\u00eddas por praticamente todas as regi\u00f5es do<strong> Estado de S\u00e3o Paulo<\/strong>, proporcionando v\u00e1rias op\u00e7\u00f5es para os apaixonados por tecnologia.<\/p>\n<h3>Vagas em Diferentes \u00c1reas de TI<\/h3>\n<p>As vagas disponibilizadas pelo TalenTI abrangem uma variedade de \u00e1reas dentro do setor de TI, desde desenvolvimento de software at\u00e9 suporte t\u00e9cnico, an\u00e1lise de dados e gerenciamento de projetos. Essa diversidade permite que profissionais com diferentes habilidades e interesses encontrem a oportunidade perfeita para prosperar.<\/p>\n<p>Cadastre-se aqui.<\/p>\n<figure id=\"attachment_60416\" aria-describedby=\"caption-attachment-60416\" style=\"width: 440px\" class=\"wp-caption alignnone\"><img decoding=\"async\" class=\" wp-image-60416\" src=\"https:\/\/99empregos.com.br\/blog\/wp-content\/uploads\/2024\/07\/pessoas-que-trabalham-em-equipe_23-2149136850-300x200.jpg\" alt=\"Aproveite as oportunidades de emprego dispon\u00edveis! Inscreva-se!\" width=\"440\" height=\"293\" srcset=\"https:\/\/99empregos.com.br\/blog\/wp-content\/uploads\/2024\/07\/pessoas-que-trabalham-em-equipe_23-2149136850-300x200.jpg 300w, https:\/\/99empregos.com.br\/blog\/wp-content\/uploads\/2024\/07\/pessoas-que-trabalham-em-equipe_23-2149136850-768x512.jpg 768w, https:\/\/99empregos.com.br\/blog\/wp-content\/uploads\/2024\/07\/pessoas-que-trabalham-em-equipe_23-2149136850.jpg 900w\" sizes=\"(max-width: 440px) 100vw, 440px\" \/><figcaption id=\"caption-attachment-60416\" class=\"wp-caption-text\">Aproveite as oportunidades de emprego dispon\u00edveis! Inscreva-se! Imagem: freepik.<\/figcaption><\/figure>\n<p>&nbsp;<\/p>\n<p>O mercado de trabalho brasileiro est\u00e1 repleto de oportunidades de emprego para profissionais de todas as \u00e1reas e n\u00edveis de experi\u00eancia. Desde empresas consolidadas at\u00e9 startups inovadoras, h\u00e1 muitas possibilidades para aqueles que est\u00e3o dispostos a explorar novos caminhos e desafios.<\/p>\n<p>Seja voc\u00ea um profissional experiente buscando uma mudan\u00e7a de carreira ou um estudante universit\u00e1rio ansioso por adquirir experi\u00eancia pr\u00e1tica, este \u00e9 o momento ideal para dar um passo \u00e0 frente e perseguir suas aspira\u00e7\u00f5es profissionais. Com determina\u00e7\u00e3o, habilidades aprimoradas e uma mentalidade aberta, voc\u00ea pode se destacar nesse mercado e alcan\u00e7ar o sucesso que merece.<\/p>\n<p>N\u00e3o deixe essa oportunidade passar. Explore as diversas op\u00e7\u00f5es apresentadas neste artigo, prepare-se para os processos seletivos e esteja pronto para embarcar em uma jornada rumo ao crescimento profissional.<\/p>\n<\/div>\n<\/div>\n<div class=\"sticky ml-8 left-4 bottom-4 gap-2 items-center hidden sm:flex tabletStars:sticky\"><\/div>\n","protected":false},"excerpt":{"rendered":"<p>O mercado de trabalho brasileiro est\u00e1 com in\u00fameras empresas e institui\u00e7\u00f5es buscando pessoas qualificadas para integrar suas equipes. Desde gigantes corporativos at\u00e9 startups, h\u00e1 v\u00e1rias oportunidades dispon\u00edveis em diversos setores. Neste artigo, ser\u00e3o apresentadas as diversas vagas de emprego dispon\u00edveis, fornecendo informa\u00e7\u00f5es valiosas para aqueles que procuram dar um novo rumo em suas carreiras. Servi\u00e7o [&hellip;]<\/p>\n","protected":false},"author":32,"featured_media":60351,"comment_status":"open","ping_status":"closed","sticky":false,"template":"","format":"standard","meta":{"footnotes":""},"categories":[5955],"tags":[1395,17,37,16],"class_list":["post-60411","post","type-post","status-publish","format-standard","has-post-thumbnail","hentry","category-emprego","tag-oportunidade-de-estagio","tag-oportunidades-de-emprego","tag-vagas","tag-vagas-de-emprego"],"_links":{"self":[{"href":"https:\/\/99empregos.com.br\/blog\/wp-json\/wp\/v2\/posts\/60411","targetHints":{"allow":["GET"]}}],"collection":[{"href":"https:\/\/99empregos.com.br\/blog\/wp-json\/wp\/v2\/posts"}],"about":[{"href":"https:\/\/99empregos.com.br\/blog\/wp-json\/wp\/v2\/types\/post"}],"author":[{"embeddable":true,"href":"https:\/\/99empregos.com.br\/blog\/wp-json\/wp\/v2\/users\/32"}],"replies":[{"embeddable":true,"href":"https:\/\/99empregos.com.br\/blog\/wp-json\/wp\/v2\/comments?post=60411"}],"version-history":[{"count":0,"href":"https:\/\/99empregos.com.br\/blog\/wp-json\/wp\/v2\/posts\/60411\/revisions"}],"wp:featuredmedia":[{"embeddable":true,"href":"https:\/\/99empregos.com.br\/blog\/wp-json\/wp\/v2\/media\/60351"}],"wp:attachment":[{"href":"https:\/\/99empregos.com.br\/blog\/wp-json\/wp\/v2\/media?parent=60411"}],"wp:term":[{"taxonomy":"category","embeddable":true,"href":"https:\/\/99empregos.com.br\/blog\/wp-json\/wp\/v2\/categories?post=60411"},{"taxonomy":"post_tag","embeddable":true,"href":"https:\/\/99empregos.com.br\/blog\/wp-json\/wp\/v2\/tags?post=60411"}],"curies":[{"name":"wp","href":"https:\/\/api.w.org\/{rel}","templated":true}]}}