{"id":60545,"date":"2024-07-11T09:34:30","date_gmt":"2024-07-11T12:34:30","guid":{"rendered":"https:\/\/123empregos.com.br\/blog\/?p=60545"},"modified":"2024-07-10T15:36:18","modified_gmt":"2024-07-10T18:36:18","slug":"processo-seletivo-weg-83-vagas-para-atuacao-presencial-hibrida-e-remota","status":"publish","type":"post","link":"https:\/\/99empregos.com.br\/blog\/processo-seletivo-weg-83-vagas-para-atuacao-presencial-hibrida-e-remota\/","title":{"rendered":"Processo Seletivo WEG: 83 Vagas para Atua\u00e7\u00e3o Presencial, H\u00edbrida e Remota!"},"content":{"rendered":"<div class=\"max-w-[700px] mx-auto mt-8 p-2\">\n<div class=\"h-fit md:ml-2 lg:ml-0 css-1tcqj3k\">\n<p>A<strong> Weg,<\/strong> uma das maiores fabricantes de equipamentos el\u00e9tricos do mundo, est\u00e1 oferecendo <a href=\"https:\/\/99empregos.com.br\/blog\/corra-shoppings-do-alto-tiete-oferecem-27-oportunidades-de-emprego-nesta-terca\/\">oportunidades<\/a> de emprego em diversas modalidades, incluindo em <a href=\"https:\/\/99empregos.com.br\/blog\/vaga-home-office-na-efi-bank-com-salario-ate-r-14-000-confira\/\">home office<\/a> e modalidade h\u00edbrida. Confira aqui como se candidatar \u00e0s vagas.<\/p>\n<h2>Sobre a Weg<\/h2>\n<p>Em 16 de setembro de 1961, na cidade de Jaragu\u00e1 do Sul\/SC, as habilidades de um eletricista, um administrador e um mec\u00e2nico foram unificadas, resultando na funda\u00e7\u00e3o da Eletromotores Jaragu\u00e1. A empresa posteriormente passou a se chamar WEG, em homenagem \u00e0s iniciais dos fundadores. Hoje, a WEG \u00e9 uma das maiores fabricantes de equipamentos el\u00e9tricos do mundo. Inicialmente produzindo motores el\u00e9tricos, a empresa expandiu na d\u00e9cada de 80 para incluir <strong>componentes eletroeletr\u00f4nicos, produtos para automa\u00e7\u00e3o industrial, transformadores, tintas e vernizes, consolidando-se como fornecedora de sistemas el\u00e9tricos industriais completos<\/strong>.<\/p>\n<h2>Oportunidades de Crescimento Profissional na Weg<\/h2>\n<p>A WEG est\u00e1 sempre em busca de pessoas qualificadas e comprometidas que compartilhem os sonhos e valores da marca. A empresa oferece investimentos no potencial de cada indiv\u00edduo e diversas oportunidades para o desenvolvimento pessoal e profissional.<\/p>\n<p>Se voc\u00ea se identifica com os valores e a cultura da WEG, confira as vagas em aberto e fa\u00e7a sua candidatura. Tamb\u00e9m existem vagas dispon\u00edveis para pessoas com defici\u00eancia.<\/p>\n<h3>Vagas H\u00edbridas<\/h3>\n<p>A WEG oferece uma variedade de oportunidades de emprego<a href=\"https:\/\/99empregos.com.br\/blog\/mineradora-vale-esta-contratando-vagas-em-home-office-hibridas-e-presenciais\/\"> h\u00edbridas<\/a>, combinando trabalho remoto e presencial. Essas vagas permitem que os colaboradores desfrutem da flexibilidade de trabalhar em casa em alguns dias da semana, enquanto mant\u00eam a intera\u00e7\u00e3o pessoal e o networking no escrit\u00f3rio em outros dias.<\/p>\n<p>As vagas h\u00edbridas s\u00e3o ideais para profissionais que valorizam o equil\u00edbrio entre vida profissional e pessoal, reduzindo o tempo gasto em deslocamentos e oferecendo maior autonomia na organiza\u00e7\u00e3o do trabalho.<\/p>\n<h3>Vagas Remotas<\/h3>\n<p>Para aqueles que preferem trabalhar de qualquer lugar do pa\u00eds, a WEG tamb\u00e9m oferece vagas remotas. Essas oportunidades permitem que os colaboradores trabalhem integralmente de casa ou de qualquer local que melhor se adeque \u00e0s suas necessidades.<\/p>\n<p>As <a href=\"https:\/\/99empregos.com.br\/blog\/oportunidade-de-emprego-remoto-omie-contrata-para-suporte-tecnico\/\">vagas remotas<\/a> s\u00e3o perfeitas para profissionais que valorizam a flexibilidade e a autonomia, sem abrir m\u00e3o do desenvolvimento profissional. Elas eliminam a necessidade de deslocamentos di\u00e1rios e permitem que os colaboradores gerenciem seu pr\u00f3prio hor\u00e1rio de trabalho, desde que cumpram as metas e prazos estabelecidos.<\/p>\n<h3>Vagas Presenciais<\/h3>\n<p>Para aqueles que preferem o ambiente de escrit\u00f3rio tradicional, a WEG tamb\u00e9m oferece vagas presenciais em suas instala\u00e7\u00f5es. Essas oportunidades permitem que os colaboradores desfrutem da intera\u00e7\u00e3o pessoal di\u00e1ria com colegas de trabalho e da estrutura f\u00edsica da empresa.<\/p>\n<p>As vagas presenciais s\u00e3o ideais para profissionais que valorizam a colabora\u00e7\u00e3o em equipe, o networking presencial e a separa\u00e7\u00e3o clara entre vida profissional e pessoal.<\/p>\n<h2 class=\"wp-block-heading\">Vagas Dispon\u00edveis<\/h2>\n<h3 class=\"wp-block-heading\">Vagas Exclusivas para PcD<\/h3>\n<ul>\n<li><strong>Operador Inje\u00e7\u00e3o (Jaragu\u00e1 do Sul \u2013 SC)<\/strong><\/li>\n<li><strong>Analista Arquitetura e Tecnologia (Jaragu\u00e1 do Sul \u2013 SC)<\/strong><\/li>\n<li><strong>Analista Telecomunica\u00e7\u00e3o (Jaragu\u00e1 do Sul \u2013 SC)<\/strong><\/li>\n<li><strong>Operador Fechamento Pain\u00e9is\/Quadros\/Chaves (Itaja\u00ed \u2013 SC)<\/strong><\/li>\n<li><strong>Operador Montagem (Itaja\u00ed \u2013 SC)<\/strong><\/li>\n<li><strong>Operador Bandagem Inicial (Manaus \u2013 AM)<\/strong><\/li>\n<\/ul>\n<h3 class=\"wp-block-heading\">Vagas em Sert\u00e3ozinho \u2013 SP<\/h3>\n<ul>\n<li><strong>Analista Mec\u00e2nico Servi\u00e7os Externos Turbogerador<\/strong><\/li>\n<li><strong>Montador III (Turbinas)<\/strong><\/li>\n<li><strong>Soldador III<\/strong><\/li>\n<li><strong>Operador Usinagem IV (M\u00e1quina Convencionais)<\/strong><\/li>\n<li><strong>Auxiliar T\u00e9cnico Projetos\/Processos<\/strong><\/li>\n<li><strong>Ajudante Manuten\u00e7\u00e3o Mec\u00e2nica (RI)<\/strong><\/li>\n<li><strong>Operador Usinagem IX \u2013 Torno Mec\u00e2nico<\/strong><\/li>\n<li><strong>Analista Mec\u00e2nico Servi\u00e7os Externos<\/strong><\/li>\n<li><strong>Mec\u00e2nico Manuten\u00e7\u00e3o<\/strong><\/li>\n<\/ul>\n<h3 class=\"wp-block-heading\">Outros Estados e Cidades<\/h3>\n<ul>\n<li><strong>Soldador II (Betim \u2013 MG)<\/strong><\/li>\n<li><strong>Caldeireiro I (Betim \u2013 MG)<\/strong><\/li>\n<li><strong>Analista Sistemas Finan\u00e7as, Custos e Contabilidade (Jaragu\u00e1 do Sul \u2013 SC)<\/strong><\/li>\n<li><strong>Analista Governan\u00e7a e Prote\u00e7\u00e3o de Dados (Jaragu\u00e1 do Sul \u2013 SC)<\/strong><\/li>\n<li><strong>Analista Suporte Servidores Armazenamento (Jaragu\u00e1 do Sul \u2013 SC)<\/strong><\/li>\n<li><strong>Analista Suporte Telecomunica\u00e7\u00f5es Redes de Dados (Jaragu\u00e1 do Sul \u2013 SC)<\/strong><\/li>\n<li><strong>Projetista Desenvolvimento Solu\u00e7\u00f5es Digitais (Jaragu\u00e1 do Sul \u2013 SC)<\/strong><\/li>\n<li><strong>Analista Sistemas RH (Jaragu\u00e1 do Sul \u2013 SC)<\/strong><\/li>\n<li><strong>Coordenador Regional Vendas (Mau\u00e1 \u2013 SP)<\/strong><\/li>\n<li><strong>Analista T\u00e9cnico Externo (Mau\u00e1 \u2013 SP e\u00a0H\u00edbrido)<\/strong><\/li>\n<li><strong>Analista Certifica\u00e7\u00e3o (Jaragu\u00e1 do Sul \u2013 SC)<\/strong><\/li>\n<li><strong>Analista Log\u00edstica \u2013 Log\u00edstica de Transportes (Jaragu\u00e1 do Sul \u2013 SC)<\/strong><\/li>\n<li><strong>Analista Servi\u00e7os Externos (S\u00e3o Bernardo do Campo \u2013 SP)<\/strong><\/li>\n<li><strong>Coordenador Regional Vendas Acionamentos (S\u00e3o Paulo \u2013 SP)<\/strong><\/li>\n<li><strong>T\u00e9cnico Ensaios (Itaja\u00ed \u2013 SC)<\/strong><\/li>\n<li><strong>Enfermeiro Trabalho (Mau\u00e1 \u2013 SP)<\/strong><\/li>\n<li><strong>T\u00e9cnico Seguran\u00e7a Trabalho (PF II) (Jaragu\u00e1 do Sul \u2013 SC)<\/strong><\/li>\n<li><strong>Analista Ergonomia (Jaragu\u00e1 do Sul \u2013 SC)<\/strong><\/li>\n<li><strong>Analista Sistemas (Jaragu\u00e1 do Sul \u2013 SC)<\/strong><\/li>\n<li><strong>Analista Vendas Quadros El\u00e9tricos (S\u00e3o Paulo \u2013 SP)<\/strong><\/li>\n<li><strong>Or\u00e7amentista Quadros El\u00e9tricos (S\u00e3o Paulo \u2013 SP)<\/strong><\/li>\n<li><strong>Analista Seguran\u00e7a da Informa\u00e7\u00e3o [Red Team] (Jaragu\u00e1 do Sul \u2013 SC)<\/strong><\/li>\n<li><strong>Analista Seguran\u00e7a da Informa\u00e7\u00e3o [Gest\u00e3o de Vulnerabilidades] (Jaragu\u00e1 do Sul \u2013 SC)<\/strong><\/li>\n<li><strong>Analista Seguran\u00e7a da Informa\u00e7\u00e3o [Arquiteto Cyber Security] (Jaragu\u00e1 do Sul \u2013 SC)<\/strong><\/li>\n<li><strong>Projetista Programador Software Externo (Jaragu\u00e1 do Sul \u2013 SC)<\/strong><\/li>\n<li><strong>Projetista Desenvolvimento Solu\u00e7\u00f5es Digitais (S\u00e3o Paulo \u2013 SP e Remoto)<\/strong><\/li>\n<li><strong>Operador Empilhadeira I (Blumenau \u2013 SC)<\/strong><\/li>\n<li><strong>Operador Produ\u00e7\u00e3o Metal\u00fargico (Gravata\u00ed \u2013 RS)<\/strong><\/li>\n<li><strong>Operador M\u00e1quina Florestais (Balne\u00e1rio Pi\u00e7arras \u2013 SC)<\/strong><\/li>\n<li><strong>Auxiliar Administrativo\u00a0(Betim \u2013 MG)<\/strong><\/li>\n<li><strong>Ajudante de Produ\u00e7\u00e3o (Linhares \u2013 ES)<\/strong><\/li>\n<\/ul>\n<p>&nbsp;<\/p>\n<figure id=\"attachment_60508\" aria-describedby=\"caption-attachment-60508\" style=\"width: 527px\" class=\"wp-caption alignnone\"><img decoding=\"async\" class=\" wp-image-60508\" src=\"https:\/\/99empregos.com.br\/blog\/wp-content\/uploads\/2024\/07\/retrato-de-jovem-trabalhando-em-casa_197531-33131-300x200.jpg\" alt=\"Trabalhe em home office na Weg!\" width=\"527\" height=\"351\" srcset=\"https:\/\/99empregos.com.br\/blog\/wp-content\/uploads\/2024\/07\/retrato-de-jovem-trabalhando-em-casa_197531-33131-300x200.jpg 300w, https:\/\/99empregos.com.br\/blog\/wp-content\/uploads\/2024\/07\/retrato-de-jovem-trabalhando-em-casa_197531-33131-768x512.jpg 768w, https:\/\/99empregos.com.br\/blog\/wp-content\/uploads\/2024\/07\/retrato-de-jovem-trabalhando-em-casa_197531-33131.jpg 900w\" sizes=\"(max-width: 527px) 100vw, 527px\" \/><figcaption id=\"caption-attachment-60508\" class=\"wp-caption-text\">Trabalhe em home office na Weg! Imagem: freepik.<\/figcaption><\/figure>\n<h2>Mais Informa\u00e7\u00f5es das Vagas na Weg<\/h2>\n<p>Al\u00e9m das diversas modalidades de trabalho, a WEG oferece uma s\u00e9rie de direitos aos seus colaboradores, incluindo:<\/p>\n<ul class=\"!whitespace-normal list-disc ml-5\">\n<li class=\"pb-1\">Plano de sa\u00fade<\/li>\n<li class=\"pb-1\">Assist\u00eancia odontol\u00f3gica<\/li>\n<li class=\"pb-1\">Seguro de vida<\/li>\n<li class=\"pb-1\">Programa de previd\u00eancia privada<\/li>\n<li class=\"pb-1\">Aux\u00edlio-educa\u00e7\u00e3o<\/li>\n<li class=\"pb-1\">Descontos em produtos e servi\u00e7os<\/li>\n<li class=\"pb-1\">Programas de treinamento e desenvolvimento profissional<\/li>\n<li class=\"pb-1\">Oportunidades de crescimento dentro da empresa<\/li>\n<\/ul>\n<h2>Inscri\u00e7\u00f5es na Weg<\/h2>\n<p>Se voc\u00ea gostou das oportunidades e atende aos requisitos necess\u00e1rios, n\u00e3o perca mais tempo! Candidate-se hoje mesmo atrav\u00e9s <a href=\"https:\/\/weg.gupy.io\/jobs\/4812214?jobBoardSource=gupy_portal\" target=\"_blank\" rel=\"noopener\">deste link<\/a>.<\/p>\n<p>Durante o processo de sele\u00e7\u00e3o, os candidatos passam por entrevistas, avalia\u00e7\u00f5es t\u00e9cnicas e testes de habilidades, de acordo com os requisitos espec\u00edficos da vaga. A WEG busca identificar os profissionais mais qualificados e alinhados com sua cultura e valores.<\/p>\n<\/div>\n<\/div>\n<div class=\"sticky ml-8 left-4 bottom-4 gap-2 items-center hidden sm:flex tabletStars:sticky\"><\/div>\n","protected":false},"excerpt":{"rendered":"<p>A Weg, uma das maiores fabricantes de equipamentos el\u00e9tricos do mundo, est\u00e1 oferecendo oportunidades de emprego em diversas modalidades, incluindo em home office e modalidade h\u00edbrida. Confira aqui como se candidatar \u00e0s vagas. Sobre a Weg Em 16 de setembro de 1961, na cidade de Jaragu\u00e1 do Sul\/SC, as habilidades de um eletricista, um administrador [&hellip;]<\/p>\n","protected":false},"author":32,"featured_media":60546,"comment_status":"open","ping_status":"closed","sticky":false,"template":"","format":"standard","meta":{"footnotes":""},"categories":[5955],"tags":[6045,17],"class_list":["post-60545","post","type-post","status-publish","format-standard","has-post-thumbnail","hentry","category-emprego","tag-emprego-em-home-office","tag-oportunidades-de-emprego"],"_links":{"self":[{"href":"https:\/\/99empregos.com.br\/blog\/wp-json\/wp\/v2\/posts\/60545","targetHints":{"allow":["GET"]}}],"collection":[{"href":"https:\/\/99empregos.com.br\/blog\/wp-json\/wp\/v2\/posts"}],"about":[{"href":"https:\/\/99empregos.com.br\/blog\/wp-json\/wp\/v2\/types\/post"}],"author":[{"embeddable":true,"href":"https:\/\/99empregos.com.br\/blog\/wp-json\/wp\/v2\/users\/32"}],"replies":[{"embeddable":true,"href":"https:\/\/99empregos.com.br\/blog\/wp-json\/wp\/v2\/comments?post=60545"}],"version-history":[{"count":0,"href":"https:\/\/99empregos.com.br\/blog\/wp-json\/wp\/v2\/posts\/60545\/revisions"}],"wp:featuredmedia":[{"embeddable":true,"href":"https:\/\/99empregos.com.br\/blog\/wp-json\/wp\/v2\/media\/60546"}],"wp:attachment":[{"href":"https:\/\/99empregos.com.br\/blog\/wp-json\/wp\/v2\/media?parent=60545"}],"wp:term":[{"taxonomy":"category","embeddable":true,"href":"https:\/\/99empregos.com.br\/blog\/wp-json\/wp\/v2\/categories?post=60545"},{"taxonomy":"post_tag","embeddable":true,"href":"https:\/\/99empregos.com.br\/blog\/wp-json\/wp\/v2\/tags?post=60545"}],"curies":[{"name":"wp","href":"https:\/\/api.w.org\/{rel}","templated":true}]}}