{"id":60934,"date":"2024-07-15T09:34:11","date_gmt":"2024-07-15T12:34:11","guid":{"rendered":"https:\/\/123empregos.com.br\/blog\/?p=60934"},"modified":"2024-07-15T08:51:28","modified_gmt":"2024-07-15T11:51:28","slug":"estagios-no-memorial-da-america-latina-inscricoes-comecam-hoje","status":"publish","type":"post","link":"https:\/\/99empregos.com.br\/blog\/estagios-no-memorial-da-america-latina-inscricoes-comecam-hoje\/","title":{"rendered":"Est\u00e1gios no Memorial da Am\u00e9rica Latina: Inscri\u00e7\u00f5es Come\u00e7am HOJE!"},"content":{"rendered":"<div class=\"max-w-[700px] mx-auto mt-8 p-2\">\n<div class=\"h-fit md:ml-2 lg:ml-0 css-1tcqj3k\">\n<p>O <strong>Centro de Integra\u00e7\u00e3o Empresa-Escola (CIEE)<\/strong> em parceria com a <strong>Funda\u00e7\u00e3o Memorial da Am\u00e9rica Latina (FMAL)<\/strong> est\u00e1 prestes a lan\u00e7ar um novo<a href=\"https:\/\/99empregos.com.br\/blog\/trabalhe-no-itau-processo-seletivo-2024-com-bolsa-de-r-2-440\/\"> processo seletivo<\/a> repleto de oportunidades de <a href=\"https:\/\/99empregos.com.br\/blog\/brasilcenter-empresa-tem-vagas-para-primeiro-emprego-e-outras-confira\/\">emprego<\/a> para estudantes universit\u00e1rios. Essa iniciativa visa proporcionar uma experi\u00eancias pr\u00e1ticas no ambiente profissional, permitindo que os jovens qualificados desenvolvam habilidades pr\u00e1ticas e adquiram novos conhecimentos.<\/p>\n<h2>Apresentando a Funda\u00e7\u00e3o Memorial da Am\u00e9rica Latina<\/h2>\n<p>A Funda\u00e7\u00e3o Memorial da Am\u00e9rica Latina \u00e9 uma institui\u00e7\u00e3o cultural, localizada na zona oeste de S\u00e3o Paulo. Sua miss\u00e3o \u00e9 <strong>promover a integra\u00e7\u00e3o e o interc\u00e2mbio entre os pa\u00edses latino-americanos, valorizando a diversidade cultural e fortalecendo os la\u00e7os regionais<\/strong>. Com uma programa\u00e7\u00e3o diversificada, abrangendo exposi\u00e7\u00f5es, eventos art\u00edsticos e atividades educacionais, a FMAL se destaca como um polo de difus\u00e3o da cultura e da hist\u00f3ria da Am\u00e9rica Latina. Projetado por Oscar Niemeyer e inaugurado em 1989, o Memorial da Am\u00e9rica Latina \u00e9 o maior complexo cultural da Am\u00e9rica Latina. Com espa\u00e7os para exposi\u00e7\u00f5es, shows, festivais gastron\u00f4micos e um audit\u00f3rio moderno com capacidade para 1.788 pessoas, o Memorial busca difundir a criatividade latino-americana. Elaborado por Darcy Ribeiro, o projeto tem o objetivo de aproximar as rela\u00e7\u00f5es culturais, pol\u00edticas, econ\u00f4micas e sociais entre o Brasil e os demais pa\u00edses latino-americanos.<\/p>\n<h2>\u00c1reas de atua\u00e7\u00e3o em destaque no CIEE<\/h2>\n<p>O<a href=\"https:\/\/99empregos.com.br\/blog\/trabalhe-no-itau-processo-seletivo-2024-com-bolsa-de-r-2-440\/\"><strong> processo seletivo<\/strong> <\/a>da FMAL oferece vagas para estagi\u00e1rios de diferentes \u00e1reas, incluindo:<\/p>\n<ul class=\"!whitespace-normal list-disc ml-5\">\n<li class=\"pb-1\">Administra\u00e7\u00e3o de Empresas<\/li>\n<li class=\"pb-1\">Administra\u00e7\u00e3o Geral<\/li>\n<li class=\"pb-1\">Administra\u00e7\u00e3o de Recursos Humanos<\/li>\n<li class=\"pb-1\">Biblioteconomia<\/li>\n<li class=\"pb-1\">Ci\u00eancias Cont\u00e1beis<\/li>\n<li class=\"pb-1\">Direito<\/li>\n<li class=\"pb-1\">Engenharia Civil<\/li>\n<li class=\"pb-1\">Gest\u00e3o Comercial<\/li>\n<li class=\"pb-1\">Produ\u00e7\u00e3o Cultural<\/li>\n<li class=\"pb-1\">Letras<\/li>\n<li class=\"pb-1\">Artes Visuais<\/li>\n<li class=\"pb-1\">Produ\u00e7\u00e3o Audiovisual<\/li>\n<li class=\"pb-1\">Hist\u00f3ria<\/li>\n<li class=\"pb-1\">Ci\u00eancias Sociais<\/li>\n<li class=\"pb-1\">Design Gr\u00e1fico<\/li>\n<li class=\"pb-1\">Comunica\u00e7\u00e3o Social<\/li>\n<li class=\"pb-1\">Jornalismo<\/li>\n<li class=\"pb-1\">Rela\u00e7\u00f5es P\u00fablicas<\/li>\n<li class=\"pb-1\">Gest\u00e3o de Eventos<\/li>\n<\/ul>\n<p>Essa diversidade de \u00e1reas reflete o compromisso da FMAL em proporcionar oportunidades de crescimento profissional a estudantes de diferentes forma\u00e7\u00f5es acad\u00eamicas.<\/p>\n<h2>Requisitos e mais informa\u00e7\u00f5es para os estagi\u00e1rios CIEE<\/h2>\n<h3>Requisitos b\u00e1sicos<\/h3>\n<p>Para se candidatar ao programa de <a href=\"https:\/\/99empregos.com.br\/blog\/fazenda-bom-futuro-empresa-tem-vagas-de-estagio-e-integrais-veja\/\">est\u00e1gio<\/a> da FMAL, os estudantes devem atender aos seguintes requisitos:<\/p>\n<ul class=\"!whitespace-normal list-disc ml-5\">\n<li class=\"pb-1\">Idade m\u00ednima de 16 anos.<\/li>\n<li class=\"pb-1\">Ter matr\u00edcula em uma institui\u00e7\u00e3o de ensino superior.<\/li>\n<li class=\"pb-1\">Possuir disponibilidade para estagiar nas depend\u00eancias da Funda\u00e7\u00e3o Memorial da Am\u00e9rica Latina.<\/li>\n<\/ul>\n<h3>Informa\u00e7\u00f5es adicionais<\/h3>\n<p>Os estagi\u00e1rios selecionados desfrutar\u00e3o de direitos adicionais, incluindo:<\/p>\n<ul class=\"!whitespace-normal list-disc ml-5\">\n<li class=\"pb-1\">Bolsa-aux\u00edlio mensal de <strong>R$ 937,59<\/strong> para uma jornada de 30 horas semanais.<\/li>\n<li class=\"pb-1\">Aux\u00edlio-transporte de <strong>R$ 15,30<\/strong> por dia estagiado.<\/li>\n<li class=\"pb-1\">Aux\u00edlio-refei\u00e7\u00e3o de <strong>R$ 250<\/strong> por m\u00eas.<\/li>\n<\/ul>\n<p>Esses benef\u00edcios visam proporcionar um ambiente de trabalho favor\u00e1vel e reconhecer o esfor\u00e7o e dedica\u00e7\u00e3o dos estagi\u00e1rios.<\/p>\n<h2>Processo seletivo CIEE<\/h2>\n<p>O processo seletivo da FMAL ser\u00e1 conduzido pelo CIEE e envolver\u00e1 as seguintes etapas:<\/p>\n<ol class=\"!whitespace-normal list-decimal ml-5\">\n<li class=\"pb-1\"><strong>Inscri\u00e7\u00e3o online<\/strong>: Os interessados devem acessar o site do CIEE (<a class=\"text-n-purple-1000\" href=\"https:\/\/pp.ciee.org.br\/12428\" target=\"_blank\" rel=\"noopener\">https:\/\/pp.ciee.org.br\/12428<\/a>) e cadastrar o curr\u00edculo durante o per\u00edodo de inscri\u00e7\u00f5es, que ficar\u00e1 aberto entre os dias <strong>15 e 30 de julho<\/strong>.<\/li>\n<li class=\"pb-1\"><strong>Prova on-line<\/strong>: Durante o per\u00edodo de inscri\u00e7\u00f5es, os candidatos dever\u00e3o responder a uma prova on-line, composta por quest\u00f5es sobre l\u00edngua portuguesa e conhecimentos gerais.<\/li>\n<li class=\"pb-1\"><strong>Classifica\u00e7\u00e3o e crit\u00e9rios de desempate<\/strong>: A classifica\u00e7\u00e3o dos candidatos ser\u00e1 baseada no desempenho na prova on-line. Caso ocorra empate, ser\u00e3o empregados os seguintes crit\u00e9rios para o desempate:\n<ul class=\"!whitespace-normal list-disc ml-5\">\n<li class=\"pb-1\">Maior idade<\/li>\n<li class=\"pb-1\">Maior nota em l\u00edngua portuguesa<\/li>\n<li class=\"pb-1\">Maior nota em conhecimentos gerais<\/li>\n<li class=\"pb-1\">Inscri\u00e7\u00e3o mais antiga<\/li>\n<\/ul>\n<\/li>\n<\/ol>\n<p>N\u00e3o haver\u00e1 cobran\u00e7a de tarifa de<a href=\"https:\/\/99empregos.com.br\/blog\/ultimos-dias-para-inscricao-no-processo-seletivo-da-cargill-prazo-ate-17-de-julho\/\"> inscri\u00e7\u00e3o<\/a> para participar deste seletivo.<\/p>\n<figure id=\"attachment_60936\" aria-describedby=\"caption-attachment-60936\" style=\"width: 542px\" class=\"wp-caption alignnone\"><img decoding=\"async\" class=\" wp-image-60936\" src=\"https:\/\/99empregos.com.br\/blog\/wp-content\/uploads\/2024\/07\/Estagio-CIEE-300x160.jpg\" alt=\"Participe do est\u00e1gio CIEE. \" width=\"542\" height=\"289\" srcset=\"https:\/\/99empregos.com.br\/blog\/wp-content\/uploads\/2024\/07\/Estagio-CIEE-300x160.jpg 300w, https:\/\/99empregos.com.br\/blog\/wp-content\/uploads\/2024\/07\/Estagio-CIEE-1024x546.jpg 1024w, https:\/\/99empregos.com.br\/blog\/wp-content\/uploads\/2024\/07\/Estagio-CIEE-768x410.jpg 768w, https:\/\/99empregos.com.br\/blog\/wp-content\/uploads\/2024\/07\/Estagio-CIEE.jpg 1312w\" sizes=\"(max-width: 542px) 100vw, 542px\" \/><figcaption id=\"caption-attachment-60936\" class=\"wp-caption-text\">Participe do est\u00e1gio CIEE na FMAL. Oportunidades para jovens universit\u00e1rios. Imagem: CIEE.<\/figcaption><\/figure>\n<h2>Dicas para se destacar no processo seletivo CIEE<\/h2>\n<p>Para aumentar suas chances de sucesso no<a href=\"https:\/\/99empregos.com.br\/blog\/trabalhe-no-itau-processo-seletivo-2024-com-bolsa-de-r-2-440\/\"> processo seletivo<\/a> da FMAL, siga estas dicas importantes:<\/p>\n<ol class=\"!whitespace-normal list-decimal ml-5\">\n<li class=\"pb-1\"><strong>Prepare-se para a prova<\/strong>: Dedique tempo para revisar os conte\u00fados de l\u00edngua portuguesa e conhecimentos gerais, a fim de obter um bom desempenho na prova on-line.<\/li>\n<li class=\"pb-1\"><strong>Destaque suas habilidades<\/strong>: No curr\u00edculo, evidencie suas habilidades relevantes para a \u00e1rea de est\u00e1gio desejada, como experi\u00eancias anteriores, projetos acad\u00eamicos e compet\u00eancias adquiridas.<\/li>\n<li class=\"pb-1\"><strong>Demonstre comprometimento<\/strong>: Expresse seu interesse em trabalhar na FMAL e sua disposi\u00e7\u00e3o para contribuir com a miss\u00e3o e os objetivos da institui\u00e7\u00e3o.<\/li>\n<li class=\"pb-1\"><strong>Valorize a diversidade<\/strong>: A FMAL \u00e9 uma institui\u00e7\u00e3o que promove a integra\u00e7\u00e3o e a valoriza\u00e7\u00e3o da diversidade cultural. Demonstre sua capacidade de trabalhar em um ambiente multicultural e sua abertura para aprender com diferentes perspectivas.<\/li>\n<\/ol>\n<h2>Preparando-se para uma experi\u00eancia de est\u00e1gio CIEE<\/h2>\n<p>O programa de est\u00e1gio na Funda\u00e7\u00e3o Memorial da Am\u00e9rica Latina representa uma oportunidade \u00fanica para os estudantes universit\u00e1rios. Al\u00e9m de adquirir experi\u00eancia pr\u00e1tica em um ambiente profissional, os estagi\u00e1rios ter\u00e3o a chance de contribuir para a promo\u00e7\u00e3o da cultura e da integra\u00e7\u00e3o latino-americana.<\/p>\n<p>Aproveite essa oportunidade e inscreva-se no processo seletivo da FMAL. Esteja preparado para enfrentar os desafios e aproveitar ao m\u00e1ximo essa jornada de aprendizado e crescimento profissional.<\/p>\n<\/div>\n<div id=\"dummy\" class=\"mt-10\"><\/div>\n<\/div>\n<div class=\"sticky ml-8 left-4 bottom-4 gap-2 items-center hidden sm:flex tabletStars:sticky\"><\/div>\n","protected":false},"excerpt":{"rendered":"<p>O Centro de Integra\u00e7\u00e3o Empresa-Escola (CIEE) em parceria com a Funda\u00e7\u00e3o Memorial da Am\u00e9rica Latina (FMAL) est\u00e1 prestes a lan\u00e7ar um novo processo seletivo repleto de oportunidades de emprego para estudantes universit\u00e1rios. Essa iniciativa visa proporcionar uma experi\u00eancias pr\u00e1ticas no ambiente profissional, permitindo que os jovens qualificados desenvolvam habilidades pr\u00e1ticas e adquiram novos conhecimentos. Apresentando [&hellip;]<\/p>\n","protected":false},"author":32,"featured_media":60935,"comment_status":"open","ping_status":"closed","sticky":false,"template":"","format":"standard","meta":{"footnotes":""},"categories":[6089],"tags":[6180,1395],"class_list":["post-60934","post","type-post","status-publish","format-standard","has-post-thumbnail","hentry","category-estagio","tag-estagios-ciee","tag-oportunidade-de-estagio"],"_links":{"self":[{"href":"https:\/\/99empregos.com.br\/blog\/wp-json\/wp\/v2\/posts\/60934","targetHints":{"allow":["GET"]}}],"collection":[{"href":"https:\/\/99empregos.com.br\/blog\/wp-json\/wp\/v2\/posts"}],"about":[{"href":"https:\/\/99empregos.com.br\/blog\/wp-json\/wp\/v2\/types\/post"}],"author":[{"embeddable":true,"href":"https:\/\/99empregos.com.br\/blog\/wp-json\/wp\/v2\/users\/32"}],"replies":[{"embeddable":true,"href":"https:\/\/99empregos.com.br\/blog\/wp-json\/wp\/v2\/comments?post=60934"}],"version-history":[{"count":0,"href":"https:\/\/99empregos.com.br\/blog\/wp-json\/wp\/v2\/posts\/60934\/revisions"}],"wp:featuredmedia":[{"embeddable":true,"href":"https:\/\/99empregos.com.br\/blog\/wp-json\/wp\/v2\/media\/60935"}],"wp:attachment":[{"href":"https:\/\/99empregos.com.br\/blog\/wp-json\/wp\/v2\/media?parent=60934"}],"wp:term":[{"taxonomy":"category","embeddable":true,"href":"https:\/\/99empregos.com.br\/blog\/wp-json\/wp\/v2\/categories?post=60934"},{"taxonomy":"post_tag","embeddable":true,"href":"https:\/\/99empregos.com.br\/blog\/wp-json\/wp\/v2\/tags?post=60934"}],"curies":[{"name":"wp","href":"https:\/\/api.w.org\/{rel}","templated":true}]}}