{"id":61530,"date":"2024-07-25T19:58:29","date_gmt":"2024-07-25T22:58:29","guid":{"rendered":"https:\/\/123empregos.com.br\/blog\/?p=61530"},"modified":"2024-07-25T19:58:29","modified_gmt":"2024-07-25T22:58:29","slug":"ericsson-rede-global-de-tic-tem-vagas-com-possibilidade-de-carreira-veja","status":"publish","type":"post","link":"https:\/\/99empregos.com.br\/blog\/ericsson-rede-global-de-tic-tem-vagas-com-possibilidade-de-carreira-veja\/","title":{"rendered":"Ericsson: Rede global de TIC tem vagas com possibilidade de carreira, veja"},"content":{"rendered":"<div class=\"flex flex-grow flex-col max-w-full\">\n<div class=\"min-h-[20px] text-message flex w-full flex-col items-end gap-2 whitespace-pre-wrap break-words [.text-message+&amp;]:mt-5 overflow-x-auto\" dir=\"auto\" data-message-author-role=\"assistant\" data-message-id=\"b616e829-4d62-436e-ae9b-4efeb0bab01b\">\n<div class=\"flex w-full flex-col gap-1 empty:hidden first:pt-[3px]\">\n<div class=\"markdown prose w-full break-words dark:prose-invert light\">\n<p>Ericsson \u00e9 uma das principais fornecedoras globais de Tecnologia da Informa\u00e7\u00e3o e Comunica\u00e7\u00e3o (TIC) para prestadores de servi\u00e7os. Fundada h\u00e1 mais de 145 anos na Su\u00ed\u00e7a, a empresa tem alcance mundial e se dedica a oferecer solu\u00e7\u00f5es tecnol\u00f3gicas inovadoras para promover uma comunica\u00e7\u00e3o r\u00e1pida, eficaz e pr\u00e1tica.<\/p>\n<p>Com um portf\u00f3lio extenso e tecnologia de ponta, a Ericsson lidera a transforma\u00e7\u00e3o dos servi\u00e7os m\u00f3veis da nova gera\u00e7\u00e3o. A empresa gerencia e fornece redes de telecomunica\u00e7\u00f5es por meio de software, hardware e servi\u00e7os, garantindo total conectividade.<\/p>\n<p>Seu foco est\u00e1 em solu\u00e7\u00f5es industriais voltadas para Rede Central e Automa\u00e7\u00e3o, Orquestra\u00e7\u00e3o de Servi\u00e7os, Servi\u00e7os Gerenciados e Telecom BSS. A Ericsson est\u00e1 conquistando mais espa\u00e7o no mercado tecnol\u00f3gico ao oferecer solu\u00e7\u00f5es que aumentam a efici\u00eancia, melhoram a experi\u00eancia digital e criam novos fluxos de receita.<\/p>\n<p>Para alcan\u00e7ar esses objetivos, a empresa conta com uma equipe de excel\u00eancia e regularmente abre <a href=\"https:\/\/99empregos.com.br\/blog\/vivest-rede-com-foco-em-previdencia-privada-tem-vagas-confira\/\" target=\"_blank\" rel=\"noopener\">vagas<\/a> para profissionais dedicados e que desejam desenvolver seu potencial ao m\u00e1ximo. H\u00e1 diversas <a href=\"https:\/\/99empregos.com.br\/blog\/grupo-protege-empresa-de-seguranca-fundada-em-1971-tem-vagas-confira\/\" target=\"_blank\" rel=\"noopener\">oportunidades<\/a> dispon\u00edveis em v\u00e1rias regi\u00f5es do Brasil, para diferentes n\u00edveis educacionais e setores. Confira algumas das <a href=\"https:\/\/99empregos.com.br\/blog\/grupo-artico-empresa-relevante-no-mercado-tecnologico-tem-vagas-veja\/\" target=\"_blank\" rel=\"noopener\">vagas<\/a> abertas:<\/p>\n<ul>\n<li>Programa de Est\u00e1gio 2025 &#8211; S\u00e3o Paulo\/SP<\/li>\n<li>Programa de Est\u00e1gio 2025 &#8211; Indaiatuba\/SP<\/li>\n<li>Programa de Est\u00e1gio 2025 &#8211; S\u00e3o Jos\u00e9 dos Campos\/SP<\/li>\n<li>Programa de Est\u00e1gio 2025 &#8211; Rio de Janeiro\/RJ<\/li>\n<li>Programa de Est\u00e1gio 2025 &#8211; Vagas afirmativas para pessoas pretas e mulheres &#8211; Indaiatuba\/SP<\/li>\n<li>Programa de Est\u00e1gio 2025 &#8211; Vagas afirmativas para pessoas pretas e mulheres &#8211; S\u00e3o Paulo\/SP<\/li>\n<li>Programa de Est\u00e1gio 2025 &#8211; Vagas afirmativas para pessoas pretas e mulheres &#8211; Rio de Janeiro\/RJ<\/li>\n<li>Programa de Est\u00e1gio 2025 &#8211; Vagas afirmativas para pessoas pretas e mulheres &#8211; S\u00e3o Jos\u00e9 dos Campos\/SP<\/li>\n<li>Developer Java &#8211; Indaiatuba\/SP<\/li>\n<\/ul>\n<\/div>\n<h2><strong>Sobre a Ericsson <\/strong><\/h2>\n<p>A empresa oferece um sal\u00e1rio compat\u00edvel com o mercado de trabalho e o colaborador pode contar com os seguintes benef\u00edcios: vale-transporte, vale-refei\u00e7\u00e3o, seguro de vida, assist\u00eancia m\u00e9dica e assist\u00eancia odontol\u00f3gica.<\/p>\n<h2><b>Saiba como concorrer as vagas dispon\u00edveis\u00a0<\/b><\/h2>\n<p>O processo para se candidatar as vagas da Ericsson \u00e9 simples, ao clicar nesse <a href=\"https:\/\/99empregos.com.br\/vaga\/ericsson-rede-global-de-tic-tem-vagas-com-possibilidade-de-carreira-veja\/#google_vignette\" target=\"_blank\" rel=\"noopener\">link<\/a>, voc\u00ea poder\u00e1 clicar em Candidatar que voc\u00ea ser\u00e1 redirecionado para a \u00e1rea Trabalhe Conosco da empresa. L\u00e1, voc\u00ea ter\u00e1 acesso as diversas vagas e, ao escolher a que se encaixa no seu perfil clique em: Ver descri\u00e7\u00e3o da vaga.<\/p>\n<p>Em seguida, certifique-se de preencher os pr\u00e9-requisitos. Depois \u00e9 s\u00f3 clicar em Inscreva-se e anexar o seu curr\u00edculo. Voc\u00ea pode ainda cadastrar o seu curr\u00edculo no banco de vagas caso n\u00e3o encontre uma vaga.<\/p>\n<\/div>\n<\/div>\n<\/div>\n","protected":false},"excerpt":{"rendered":"<p>Ericsson \u00e9 uma das principais fornecedoras globais de Tecnologia da Informa\u00e7\u00e3o e Comunica\u00e7\u00e3o (TIC) para prestadores de servi\u00e7os. Fundada h\u00e1 mais de 145 anos na Su\u00ed\u00e7a, a empresa tem alcance mundial e se dedica a oferecer solu\u00e7\u00f5es tecnol\u00f3gicas inovadoras para promover uma comunica\u00e7\u00e3o r\u00e1pida, eficaz e pr\u00e1tica. Com um portf\u00f3lio extenso e tecnologia de ponta, [&hellip;]<\/p>\n","protected":false},"author":13,"featured_media":61531,"comment_status":"open","ping_status":"closed","sticky":false,"template":"","format":"standard","meta":{"footnotes":""},"categories":[15],"tags":[1401,1402,2683],"class_list":["post-61530","post","type-post","status-publish","format-standard","has-post-thumbnail","hentry","category-vagas","tag-nivel-medio","tag-nivel-superior","tag-nivel-tecnico"],"_links":{"self":[{"href":"https:\/\/99empregos.com.br\/blog\/wp-json\/wp\/v2\/posts\/61530","targetHints":{"allow":["GET"]}}],"collection":[{"href":"https:\/\/99empregos.com.br\/blog\/wp-json\/wp\/v2\/posts"}],"about":[{"href":"https:\/\/99empregos.com.br\/blog\/wp-json\/wp\/v2\/types\/post"}],"author":[{"embeddable":true,"href":"https:\/\/99empregos.com.br\/blog\/wp-json\/wp\/v2\/users\/13"}],"replies":[{"embeddable":true,"href":"https:\/\/99empregos.com.br\/blog\/wp-json\/wp\/v2\/comments?post=61530"}],"version-history":[{"count":0,"href":"https:\/\/99empregos.com.br\/blog\/wp-json\/wp\/v2\/posts\/61530\/revisions"}],"wp:featuredmedia":[{"embeddable":true,"href":"https:\/\/99empregos.com.br\/blog\/wp-json\/wp\/v2\/media\/61531"}],"wp:attachment":[{"href":"https:\/\/99empregos.com.br\/blog\/wp-json\/wp\/v2\/media?parent=61530"}],"wp:term":[{"taxonomy":"category","embeddable":true,"href":"https:\/\/99empregos.com.br\/blog\/wp-json\/wp\/v2\/categories?post=61530"},{"taxonomy":"post_tag","embeddable":true,"href":"https:\/\/99empregos.com.br\/blog\/wp-json\/wp\/v2\/tags?post=61530"}],"curies":[{"name":"wp","href":"https:\/\/api.w.org\/{rel}","templated":true}]}}