{"id":62271,"date":"2024-08-08T18:03:12","date_gmt":"2024-08-08T21:03:12","guid":{"rendered":"https:\/\/123empregos.com.br\/blog\/?p=62271"},"modified":"2025-05-12T16:12:33","modified_gmt":"2025-05-12T19:12:33","slug":"boas-noticias-aumentou-o-numero-de-empregos-nesse-semestre","status":"publish","type":"post","link":"https:\/\/99empregos.com.br\/blog\/boas-noticias-aumentou-o-numero-de-empregos-nesse-semestre\/","title":{"rendered":"Boas Not\u00edcias! Aumentou o n\u00famero de Empregos Nesse Semestre"},"content":{"rendered":"<p>O Cadastro Geral de Empregados e Desempregados (<a href=\"https:\/\/caged.maisemprego.mte.gov.br\/portalcaged\/\" target=\"_blank\" rel=\"noopener\">CAGED<\/a>), uma ferramenta valiosa do Minist\u00e9rio do Trabalho e Emprego, nos fornece informa\u00e7\u00f5es detalhados sobre a gera\u00e7\u00e3o de empregos com carteira assinada na regi\u00e3o.<\/p>\n<h2>Panorama Semestral Oportunidades de Empregos<\/h2>\n<p>Ao observarmos os dados do primeiro semestre do ano corrente, deparamo-nos com uma mistura de boas e m\u00e1s not\u00edcias. Embora o saldo final acumulado nos seis primeiros meses apresente um resultado positivo, com a cria\u00e7\u00e3o de novos postos de trabalho, os n\u00fameros negativos registrados em maio e junho suscitam certa preocupa\u00e7\u00e3o.<\/p>\n<h2>Desempenho Municipal Oportunidades de Empregos<\/h2>\n<p>Ao examinarmos os dados municipais, observamos uma grande variedade de resultados. Enquanto Est\u00e2ncia Velha se destaca com a cria\u00e7\u00e3o de <strong>477 novos empregos formais<\/strong>, Picada Caf\u00e9 enfrenta o desafio de ter perdido 87 vagas no mesmo per\u00edodo.<\/p>\n<h3>Est\u00e2ncia Velha \u00c9 L\u00edder: Oportunidades de Empregos<\/h3>\n<p>Com um impressionante saldo positivo de<strong> 477 novos empregos<\/strong>, Est\u00e2ncia Velha se posiciona como o munic\u00edpio mais bem-sucedido da regi\u00e3o em termos de gera\u00e7\u00e3o de empregos formais. Esse desempenho excepcional pode ser atribu\u00eddo a uma combina\u00e7\u00e3o de fatores, como investimentos em setores-chave, pol\u00edticas de incentivo ao empreendedorismo e uma s\u00f3lida infraestrutura econ\u00f4mica.<\/p>\n<p>Em contraste com Est\u00e2ncia Velha, <strong>Picada Caf\u00e9<\/strong> tem enfrentado desafios significativos no mercado de trabalho formal. Com uma perda de 87 empregos no semestre, o munic\u00edpio se destaca negativamente na regi\u00e3o. Essa situa\u00e7\u00e3o pode ser resultado de diversos fatores, como reestrutura\u00e7\u00f5es empresariais, mudan\u00e7as no setor produtivo local ou at\u00e9 mesmo impactos de crises econ\u00f4micas mais amplas.<\/p>\n<h2>Oportunidades de Empregos Por Munic\u00edpio<\/h2>\n<p>Para compreender melhor a din\u00e2mica do mercado de trabalho formal na regi\u00e3o, \u00e9 essencial analisar os dados de cada munic\u00edpio individualmente. A tabela a seguir apresenta o saldo de empregos gerados ou perdidos m\u00eas a m\u00eas, fornecendo uma perspectiva clara sobre a trajet\u00f3ria de cada localidade.<\/p>\n<table>\n<thead>\n<tr>\n<th>Munic\u00edpio<\/th>\n<th>Janeiro<\/th>\n<th>Fevereiro<\/th>\n<th>Mar\u00e7o<\/th>\n<th>Abril<\/th>\n<th>Maio<\/th>\n<th>Junho<\/th>\n<th>Total<\/th>\n<\/tr>\n<\/thead>\n<tbody>\n<tr>\n<td>Dois Irm\u00e3os<\/td>\n<td>40<\/td>\n<td>112<\/td>\n<td>32<\/td>\n<td>-85<\/td>\n<td>-68<\/td>\n<td>22<\/td>\n<td>53<\/td>\n<\/tr>\n<tr>\n<td>Est\u00e2ncia Velha<\/td>\n<td>133<\/td>\n<td>168<\/td>\n<td>51<\/td>\n<td>107<\/td>\n<td>-64<\/td>\n<td>82<\/td>\n<td>477<\/td>\n<\/tr>\n<tr>\n<td>Ivoti<\/td>\n<td>73<\/td>\n<td>79<\/td>\n<td>-23<\/td>\n<td>104<\/td>\n<td>-46<\/td>\n<td>0<\/td>\n<td>187<\/td>\n<\/tr>\n<tr>\n<td>Lindolfo Collor<\/td>\n<td>-38<\/td>\n<td>19<\/td>\n<td>30<\/td>\n<td>24<\/td>\n<td>-35<\/td>\n<td>-7<\/td>\n<td>-7<\/td>\n<\/tr>\n<tr>\n<td>Linha Nova<\/td>\n<td>-3<\/td>\n<td>4<\/td>\n<td>4<\/td>\n<td>5<\/td>\n<td>-6<\/td>\n<td>0<\/td>\n<td>4<\/td>\n<\/tr>\n<tr>\n<td>Morro Reuter<\/td>\n<td>0<\/td>\n<td>22<\/td>\n<td>17<\/td>\n<td>14<\/td>\n<td>-5<\/td>\n<td>-10<\/td>\n<td>38<\/td>\n<\/tr>\n<tr>\n<td>Nova Petr\u00f3polis<\/td>\n<td>14<\/td>\n<td>68<\/td>\n<td>11<\/td>\n<td>31<\/td>\n<td>-12<\/td>\n<td>-11<\/td>\n<td>101<\/td>\n<\/tr>\n<tr>\n<td>Picada Caf\u00e9<\/td>\n<td>-5<\/td>\n<td>-18<\/td>\n<td>-6<\/td>\n<td>69<\/td>\n<td>-43<\/td>\n<td>-82<\/td>\n<td>-85<\/td>\n<\/tr>\n<tr>\n<td>Presidente Lucena<\/td>\n<td>48<\/td>\n<td>-1<\/td>\n<td>6<\/td>\n<td>77<\/td>\n<td>-9<\/td>\n<td>-8<\/td>\n<td>113<\/td>\n<\/tr>\n<tr>\n<td>Santa Maria do Herval<\/td>\n<td>15<\/td>\n<td>7<\/td>\n<td>18<\/td>\n<td>-27<\/td>\n<td>2<\/td>\n<td>6<\/td>\n<td>21<\/td>\n<\/tr>\n<tr>\n<td>S\u00e3o Jos\u00e9 do Hort\u00eancio<\/td>\n<td>5<\/td>\n<td>27<\/td>\n<td>0<\/td>\n<td>-3<\/td>\n<td>-14<\/td>\n<td>-10<\/td>\n<td>5<\/td>\n<\/tr>\n<\/tbody>\n<\/table>\n<h2>N\u00famero de Empregos Formais<\/h2>\n<p>Al\u00e9m dos dados sobre a gera\u00e7\u00e3o de empregos, o <strong>CAGED<\/strong> tamb\u00e9m fornece informa\u00e7\u00f5es valiosas sobre o estoque total de postos de trabalho ocupados nas empresas da regi\u00e3o. Impressionantemente, a Encosta da Serra abriga quase 50 mil colaboradores com empregos formais, conforme detalhado na tabela abaixo.<\/p>\n<table>\n<thead>\n<tr>\n<th>Munic\u00edpio<\/th>\n<th>Estoque<\/th>\n<\/tr>\n<\/thead>\n<tbody>\n<tr>\n<td>Dois Irm\u00e3os<\/td>\n<td>11618<\/td>\n<\/tr>\n<tr>\n<td>Est\u00e2ncia Velha<\/td>\n<td>12509<\/td>\n<\/tr>\n<tr>\n<td>Ivoti<\/td>\n<td>8095<\/td>\n<\/tr>\n<tr>\n<td>Lindolfo Collor<\/td>\n<td>1981<\/td>\n<\/tr>\n<tr>\n<td>Linha Nova<\/td>\n<td>150<\/td>\n<\/tr>\n<tr>\n<td>Morro Reuter<\/td>\n<td>1747<\/td>\n<\/tr>\n<tr>\n<td>Nova Petr\u00f3polis<\/td>\n<td>6370<\/td>\n<\/tr>\n<tr>\n<td>Picada Caf\u00e9<\/td>\n<td>2108<\/td>\n<\/tr>\n<tr>\n<td>Presidente Lucena<\/td>\n<td>2445<\/td>\n<\/tr>\n<tr>\n<td>Santa Maria do Herval<\/td>\n<td>1665<\/td>\n<\/tr>\n<tr>\n<td>S\u00e3o Jos\u00e9 do Hort\u00eancio<\/td>\n<td>811<\/td>\n<\/tr>\n<tr>\n<td>Total<\/td>\n<td>49499<\/td>\n<\/tr>\n<\/tbody>\n<\/table>\n<p>\u00c9 importante ressaltar que esses n\u00fameros n\u00e3o incluem empreendedores, aut\u00f4nomos e profissionais que atuam na informalidade, o que sugere que o <a href=\"https:\/\/99empregos.com.br\/blog\/mercado-de-trabalho-em-2\/\" target=\"_blank\" rel=\"noopener\">mercado de trabalho<\/a> na regi\u00e3o \u00e9 ainda maiores do que os dados indicam.<\/p>\n<h2>Fatores Que Influenciam Nas Oportunidades de Emprego<\/h2>\n<p>O desempenho do mercado de trabalho formal \u00e9 influenciado por uma mir\u00edade de fatores, tanto em n\u00edvel local quanto regional e nacional. Alguns dos principais elementos que podem impactar a gera\u00e7\u00e3o de empregos incluem:<\/p>\n<ul class=\"!whitespace-normal list-disc ml-5\">\n<li class=\"pb-1\"><strong>Investimentos em setores-chave da economia<\/strong><\/li>\n<li class=\"pb-1\"><strong>Pol\u00edticas de incentivo ao empreendedorismo e \u00e0 atra\u00e7\u00e3o de empresas<\/strong><\/li>\n<li class=\"pb-1\"><strong>Infraestrutura econ\u00f4mica e log\u00edstica<\/strong><\/li>\n<li class=\"pb-1\"><strong>Cen\u00e1rio macroecon\u00f4mico nacional e internacional<\/strong><\/li>\n<li class=\"pb-1\"><strong>Reestrutura\u00e7\u00f5es empresariais e mudan\u00e7as setoriais<\/strong><\/li>\n<li class=\"pb-1\"><strong>Impactos de crises econ\u00f4micas e financeiras<\/strong><\/li>\n<\/ul>\n<p>Compreender esses fatores \u00e9 fundamental para que as autoridades locais possam desenvolver estrat\u00e9gias eficazes de promo\u00e7\u00e3o do <a href=\"https:\/\/99empregos.com.br\/blog\/setor-de-petroleo-e-gas-anuncia-oportunidades-de-empregos-em-escala-nacional\/\" target=\"_blank\" rel=\"noopener\">emprego<\/a> formal e do desenvolvimento econ\u00f4mico sustent\u00e1vel.<\/p>\n<h2>Oportunidades de Empregos<\/h2>\n<p>Embora os dados do primeiro semestre revelem uma trajet\u00f3ria mista, com avan\u00e7os e retrocessos, \u00e9 essencial olhar para o futuro com otimismo cauteloso. O mercado de trabalho formal no Rio Grande do Sul enfrenta desafios cont\u00ednuos, mas tamb\u00e9m apresenta<a href=\"https:\/\/99empregos.com.br\/blog\/oportunidades-de-emprego-na-baixada-santista-confira-as-vagas\/\" target=\"_blank\" rel=\"noopener\"> oportunidades promissoras<\/a>.<\/p>\n<p>\u00c0 medida que a economia se recupera gradualmente dos impactos da pandemia de COVID-19 e outras adversidades, \u00e9 esperado que novos investimentos e iniciativas sejam implementados para impulsionar a cria\u00e7\u00e3o de empregos formais na regi\u00e3o. No entanto, \u00e9 fundamental que as autoridades locais e estaduais estejam atentas \u00e0s tend\u00eancias e necessidades do mercado, adaptando suas pol\u00edticas e estrat\u00e9gias de acordo.<\/p>\n","protected":false},"excerpt":{"rendered":"<p>O Cadastro Geral de Empregados e Desempregados (CAGED), uma ferramenta valiosa do Minist\u00e9rio do Trabalho e Emprego, nos fornece informa\u00e7\u00f5es detalhados sobre a gera\u00e7\u00e3o de empregos com carteira assinada na regi\u00e3o. Panorama Semestral Oportunidades de Empregos Ao observarmos os dados do primeiro semestre do ano corrente, deparamo-nos com uma mistura de boas e m\u00e1s not\u00edcias. [&hellip;]<\/p>\n","protected":false},"author":34,"featured_media":62272,"comment_status":"open","ping_status":"closed","sticky":false,"template":"","format":"standard","meta":{"footnotes":""},"categories":[5955,7,15],"tags":[6395,2052,1044],"class_list":["post-62271","post","type-post","status-publish","format-standard","has-post-thumbnail","hentry","category-emprego","category-noticias","category-vagas","tag-aumenta-numero-de-empregos","tag-empregos-disponiveis","tag-empregos-no-brasil"],"_links":{"self":[{"href":"https:\/\/99empregos.com.br\/blog\/wp-json\/wp\/v2\/posts\/62271","targetHints":{"allow":["GET"]}}],"collection":[{"href":"https:\/\/99empregos.com.br\/blog\/wp-json\/wp\/v2\/posts"}],"about":[{"href":"https:\/\/99empregos.com.br\/blog\/wp-json\/wp\/v2\/types\/post"}],"author":[{"embeddable":true,"href":"https:\/\/99empregos.com.br\/blog\/wp-json\/wp\/v2\/users\/34"}],"replies":[{"embeddable":true,"href":"https:\/\/99empregos.com.br\/blog\/wp-json\/wp\/v2\/comments?post=62271"}],"version-history":[{"count":0,"href":"https:\/\/99empregos.com.br\/blog\/wp-json\/wp\/v2\/posts\/62271\/revisions"}],"wp:featuredmedia":[{"embeddable":true,"href":"https:\/\/99empregos.com.br\/blog\/wp-json\/wp\/v2\/media\/62272"}],"wp:attachment":[{"href":"https:\/\/99empregos.com.br\/blog\/wp-json\/wp\/v2\/media?parent=62271"}],"wp:term":[{"taxonomy":"category","embeddable":true,"href":"https:\/\/99empregos.com.br\/blog\/wp-json\/wp\/v2\/categories?post=62271"},{"taxonomy":"post_tag","embeddable":true,"href":"https:\/\/99empregos.com.br\/blog\/wp-json\/wp\/v2\/tags?post=62271"}],"curies":[{"name":"wp","href":"https:\/\/api.w.org\/{rel}","templated":true}]}}