{"id":62557,"date":"2024-08-20T12:34:57","date_gmt":"2024-08-20T15:34:57","guid":{"rendered":"https:\/\/123empregos.com.br\/blog\/?p=62557"},"modified":"2024-08-20T12:34:42","modified_gmt":"2024-08-20T15:34:42","slug":"estagio-ambev-oferece-oportunidades","status":"publish","type":"post","link":"https:\/\/99empregos.com.br\/blog\/estagio-ambev-oferece-oportunidades\/","title":{"rendered":"Sem experi\u00eancia? Ambev oferece oportunidades com sal\u00e1rios de at\u00e9 R$ 8,5 mil"},"content":{"rendered":"<p>A <strong>Ambev, <\/strong>uma das maiores empresas de bebidas do mundo, <strong>est\u00e1 oferecendo uma <a href=\"https:\/\/99empregos.com.br\/blog\/home-office-faca-parte-da-equipe-oracle\/\" target=\"_blank\" rel=\"noopener\">oportunidade para jovens colaboradores <\/a><\/strong>atrav\u00e9s de seu Programa de Est\u00e1gio e Trainee 2025. Essas <a href=\"https:\/\/99empregos.com.br\/blog\/itau-unibanco-vagas-emprego\/\" target=\"_blank\" rel=\"noopener\"><strong>vagas<\/strong> <\/a>sem experi\u00eancia pr\u00e9via requerida est\u00e3o abertas para candidatos de diferentes \u00e1reas de atua\u00e7\u00e3o, com <strong>sal\u00e1rios que chegam a R$ 8,5 mil<\/strong>.<\/p>\n<p>O programa visa atrair<strong> profissionais em in\u00edcio de carreira<\/strong>, dispostos a se mudar para outras regi\u00f5es do Brasil, e que estejam cursando ou concluindo a gradua\u00e7\u00e3o entre dezembro de 2022. Para programas de Trainee, as inscri\u00e7\u00f5es est\u00e3o abertas em dezembro de 2024, enquanto para oportunidades de Est\u00e1gio, o per\u00edodo \u00e9 entre dezembro de 2025 e dezembro de 2026.<\/p>\n<h3>Inscri\u00e7\u00f5es Abertas at\u00e9 3 de Setembro<\/h3>\n<p>Os interessados t\u00eam at\u00e9 o dia 3 de setembro para se inscrever, acessando o\u00a0<a href=\"https:\/\/www.ambev.com.br\/carreiras\" target=\"_blank\" rel=\"noopener\">site oficial da Ambev<\/a>. O processo seletivo est\u00e1 aberto para todos os cursos de gradua\u00e7\u00e3o, com <a href=\"https:\/\/99empregos.com.br\/blog\/vagas-fedex-esta-contratando\/\" target=\"_blank\" rel=\"noopener\"><strong>vagas distribu\u00eddas<\/strong><\/a> em v\u00e1rias regi\u00f5es do Brasil, incluindo a Bahia, com oportunidades na unidade de Cama\u00e7ari, na Regi\u00e3o Metropolitana de Salvador (RMS).<\/p>\n<h2>\u00c1reas de Atua\u00e7\u00e3o e Requisitos<\/h2>\n<h3>Programa de Trainee<\/h3>\n<p>Para o programa de Trainee, os candidatos poder\u00e3o escolher entre duas \u00e1reas de atua\u00e7\u00e3o:\u00a0<strong>Business<\/strong>\u00a0ou\u00a0<strong>Supply Chain<\/strong>. No setor de Business, os profissionais contratados trabalhar\u00e3o nas \u00e1reas de finan\u00e7as, marketing e tecnologia. J\u00e1 no Supply Chain, o foco ser\u00e1 em log\u00edstica e gest\u00e3o de suprimentos.<\/p>\n<p>Os requisitos para participar do processo seletivo de Trainee s\u00e3o:<\/p>\n<ul class=\"!whitespace-normal list-disc ml-5\">\n<li class=\"pb-1\">Conclus\u00e3o do curso de gradua\u00e7\u00e3o prevista para o per\u00edodo entre dezembro de 2022 e dezembro de 2024.<\/li>\n<li class=\"pb-1\">Disponibilidade para morar em outros estados<\/li>\n<\/ul>\n<h3>Programa de Est\u00e1gio<\/h3>\n<p>J\u00e1 para o <strong>programa de Est\u00e1gio<\/strong>, os candidatos devem estar cursando gradua\u00e7\u00e3o com previs\u00e3o de t\u00e9rmino entre dezembro de 2025 e dezembro de 2026, al\u00e9m de ter disponibilidade para atuar presencialmente.<\/p>\n<p>Assim como no programa de Trainee, os aprovados nas vagas de est\u00e1gio poder\u00e3o escolher entre as \u00e1reas de\u00a0<strong>Business<\/strong>\u00a0ou\u00a0<strong>Supply Chain<\/strong>.<\/p>\n<ul class=\"!whitespace-normal list-disc ml-5\">\n<li class=\"pb-1\"><strong>Business<\/strong>: Nesta \u00e1rea, os estagi\u00e1rios utilizar\u00e3o ferramentas e t\u00e9cnicas de an\u00e1lise de dados para auxiliar as empresas a tomar decis\u00f5es estrat\u00e9gicas.<\/li>\n<li class=\"pb-1\"><strong>Supply Chain<\/strong>: Este termo se refere a todos os processos pelos quais os produtos passam, desde a obten\u00e7\u00e3o de mat\u00e9rias-primas at\u00e9 a entrega ao consumidor final.<\/li>\n<\/ul>\n<h2>Benef\u00edcios e Vantagens<\/h2>\n<p>Aqueles que forem selecionados para as <strong>vagas sem experi\u00eancia na Ambev<\/strong> ter\u00e3o acesso a uma remunera\u00e7\u00e3o compat\u00edvel com o mercado, al\u00e9m de outros benef\u00edcios, como:<\/p>\n<ul class=\"!whitespace-normal list-disc ml-5\">\n<li class=\"pb-1\">Vale refei\u00e7\u00e3o ou refeit\u00f3rio no local<\/li>\n<li class=\"pb-1\">Vale transporte ou fretado<\/li>\n<li class=\"pb-1\">Desconto em farm\u00e1cia<\/li>\n<li class=\"pb-1\">Conv\u00eanio<\/li>\n<li class=\"pb-1\">Seguro de vida<\/li>\n<li class=\"pb-1\">Gympass<\/li>\n<\/ul>\n<h2>O Processo Seletivo<\/h2>\n<p>O objetivo da <strong>Ambev \u00e9 encontrar colaboradores alinhados<\/strong> com sua cultura, que sonhem grande e queiram aproveitar ao m\u00e1ximo a experi\u00eancia, com v\u00e1rias oportunidades de protagonismo e aprendizado.<\/p>\n<p>O processo seletivo envolver\u00e1 v\u00e1rias etapas, incluindo avalia\u00e7\u00f5es online, entrevistas e din\u00e2micas de grupo, nas quais os candidatos ter\u00e3o a chance de demonstrar suas habilidades e potencial.<\/p>\n<h2>Diversidade e Inclus\u00e3o na Ambev<\/h2>\n<p>A <strong>Ambev tem se empenhado em promover a diversidade e a inclus\u00e3o dentro da empresa<\/strong>. Em parceria com o Comit\u00ea Diversidade &amp; Inclus\u00e3o, a companhia deu in\u00edcio a uma jornada rumo \u00e0 equidade racial, deixando legados importantes e estabelecendo objetivos claros para os pr\u00f3ximos anos.<\/p>\n<h2>Sobre a Ambev<\/h2>\n<h3>Origem e Hist\u00f3ria<\/h3>\n<p>A Ambev foi criada em 1999 a partir da fus\u00e3o das tradicionais cervejarias Brahma e Companhia Antarctica.. No entanto, sua hist\u00f3ria remonta \u00e0 d\u00e9cada de 1880, quando essas duas cervejarias Iniciaram suas opera\u00e7\u00f5es duas importantes cervejarias: a Companhia Antarctica Paulista e a Manufactura de Cerveja Brahma &amp; Villeger &amp; Companhia.<\/p>\n<p>Ao longo de mais de um s\u00e9culo, a Ambev esteve presente em incont\u00e1veis momentos memor\u00e1veis, desde as celebra\u00e7\u00f5es mais incr\u00edveis at\u00e9 os jogos de futebol inesquec\u00edveis.<\/p>\n<h3>Opera\u00e7\u00f5es e Presen\u00e7a Global<\/h3>\n<p>A Ambev \u00e9 uma empresa de capital aberto, com sede em S\u00e3o Paulo, e opera em todo o Brasil e no continente americano. Suas opera\u00e7\u00f5es se estendem por 16 pa\u00edses das Am\u00e9ricas, que incluem Ant\u00edgua, Barbados, Argentina, Bol\u00edvia, Brasil, Canad\u00e1, Chile, Cuba, Dominica, Guatemala, Nicar\u00e1gua, Panam\u00e1, Rep\u00fablica Dominicana, S\u00e3o Vicente e Uruguai.<\/p>\n<p>No Brasil, a Ambev possui:<\/p>\n<ul class=\"!whitespace-normal list-disc ml-5\">\n<li class=\"pb-1\">Mais de 30 cervejarias, maltarias, refrigeranterias, f\u00e1brica de r\u00f3tulos, rolha e vidro<\/li>\n<li class=\"pb-1\">Mais de 30 mil colaboradores<\/li>\n<li class=\"pb-1\">Existem mais de 100 centros de distribui\u00e7\u00e3o distribu\u00eddos por todo o pa\u00eds.<\/li>\n<\/ul>\n<figure id=\"attachment_62559\" aria-describedby=\"caption-attachment-62559\" style=\"width: 1280px\" class=\"wp-caption alignnone\"><img decoding=\"async\" class=\"wp-image-62559 size-full\" src=\"https:\/\/99empregos.com.br\/blog\/wp-content\/uploads\/2024\/08\/ge-ter-3.jpg\" alt=\"Sem experi\u00eancia? Ambev oferece oportunidades com sal\u00e1rios de at\u00e9 R$ 8,5 mil\" width=\"1280\" height=\"853\" srcset=\"https:\/\/99empregos.com.br\/blog\/wp-content\/uploads\/2024\/08\/ge-ter-3.jpg 1280w, https:\/\/99empregos.com.br\/blog\/wp-content\/uploads\/2024\/08\/ge-ter-3-300x200.jpg 300w, https:\/\/99empregos.com.br\/blog\/wp-content\/uploads\/2024\/08\/ge-ter-3-1024x682.jpg 1024w, https:\/\/99empregos.com.br\/blog\/wp-content\/uploads\/2024\/08\/ge-ter-3-768x512.jpg 768w\" sizes=\"(max-width: 1280px) 100vw, 1280px\" \/><figcaption id=\"caption-attachment-62559\" class=\"wp-caption-text\">Sem experi\u00eancia? Ambev oferece oportunidades com sal\u00e1rios de at\u00e9 R$ 8,5 mil. Imagem: Ambev<\/figcaption><\/figure>\n<p>O <strong>Programa de Est\u00e1gio e Trainee 2025 da Ambev<\/strong> representa uma excelente oportunidade para jovens colaboradores iniciarem suas carreiras em uma empresa de renome global, com foco no desenvolvimento profissional e crescimento dentro da organiza\u00e7\u00e3o. Com sal\u00e1rios competitivos e uma cultura de diversidade e inclus\u00e3o, essa \u00e9 uma chance imperd\u00edvel para aqueles dispostos a se mudar e a se dedicar a uma jornada de aprendizado e protagonismo.<\/p>\n","protected":false},"excerpt":{"rendered":"<p>A Ambev, uma das maiores empresas de bebidas do mundo, est\u00e1 oferecendo uma oportunidade para jovens colaboradores atrav\u00e9s de seu Programa de Est\u00e1gio e Trainee 2025. Essas vagas sem experi\u00eancia pr\u00e9via requerida est\u00e3o abertas para candidatos de diferentes \u00e1reas de atua\u00e7\u00e3o, com sal\u00e1rios que chegam a R$ 8,5 mil. O programa visa atrair profissionais em [&hellip;]<\/p>\n","protected":false},"author":31,"featured_media":62558,"comment_status":"open","ping_status":"closed","sticky":false,"template":"","format":"standard","meta":{"footnotes":""},"categories":[5955],"tags":[6453,6452,6326],"class_list":["post-62557","post","type-post","status-publish","format-standard","has-post-thumbnail","hentry","category-emprego","tag-estagio-na-ambev","tag-trabalhe-na-ambev","tag-vagas-de-emprego-na-ambev"],"_links":{"self":[{"href":"https:\/\/99empregos.com.br\/blog\/wp-json\/wp\/v2\/posts\/62557","targetHints":{"allow":["GET"]}}],"collection":[{"href":"https:\/\/99empregos.com.br\/blog\/wp-json\/wp\/v2\/posts"}],"about":[{"href":"https:\/\/99empregos.com.br\/blog\/wp-json\/wp\/v2\/types\/post"}],"author":[{"embeddable":true,"href":"https:\/\/99empregos.com.br\/blog\/wp-json\/wp\/v2\/users\/31"}],"replies":[{"embeddable":true,"href":"https:\/\/99empregos.com.br\/blog\/wp-json\/wp\/v2\/comments?post=62557"}],"version-history":[{"count":0,"href":"https:\/\/99empregos.com.br\/blog\/wp-json\/wp\/v2\/posts\/62557\/revisions"}],"wp:featuredmedia":[{"embeddable":true,"href":"https:\/\/99empregos.com.br\/blog\/wp-json\/wp\/v2\/media\/62558"}],"wp:attachment":[{"href":"https:\/\/99empregos.com.br\/blog\/wp-json\/wp\/v2\/media?parent=62557"}],"wp:term":[{"taxonomy":"category","embeddable":true,"href":"https:\/\/99empregos.com.br\/blog\/wp-json\/wp\/v2\/categories?post=62557"},{"taxonomy":"post_tag","embeddable":true,"href":"https:\/\/99empregos.com.br\/blog\/wp-json\/wp\/v2\/tags?post=62557"}],"curies":[{"name":"wp","href":"https:\/\/api.w.org\/{rel}","templated":true}]}}