{"id":62612,"date":"2024-08-22T15:34:27","date_gmt":"2024-08-22T18:34:27","guid":{"rendered":"https:\/\/123empregos.com.br\/blog\/?p=62612"},"modified":"2024-08-22T15:28:01","modified_gmt":"2024-08-22T18:28:01","slug":"vagas-para-trainees-com-salarios-de-ate-r-8-mil-sao-abertas-por-vale-nestle-e-ambev","status":"publish","type":"post","link":"https:\/\/99empregos.com.br\/blog\/vagas-para-trainees-com-salarios-de-ate-r-8-mil-sao-abertas-por-vale-nestle-e-ambev\/","title":{"rendered":"Vagas para trainees com sal\u00e1rios de at\u00e9 R$ 8 mil s\u00e3o abertas por Vale, Nestl\u00e9 e Ambev."},"content":{"rendered":"<p>O mercado de trabalho est\u00e1 aquecido para profissionais rec\u00e9m-formados que buscam iniciar suas carreiras em empresas de renome. A\u00a0 <strong>Vale,<\/strong> <strong>Nestl\u00e9<\/strong> e <strong>Ambev<\/strong> est\u00e3o recrutando talentos atrav\u00e9s de programas de trainee com remunera\u00e7\u00f5es mensais que podem alcan\u00e7ar at\u00e9 <strong>R$ 8.500<\/strong>. Essas iniciativas oferecem uma jornada de 1 a 2 anos, proporcionando vasta experi\u00eancia para impulsionar as trajet\u00f3rias <a href=\"https:\/\/99empregos.com.br\/blog\/vagas-de-emprego-nissan\/\">profissionais<\/a> dos participantes.<\/p>\n<h2>Vale: Oportunidades em Minera\u00e7\u00e3o, Projetos e Metais B\u00e1sicos<\/h2>\n<p>A <strong>Vale<\/strong>, setor de minera\u00e7\u00e3o, est\u00e1 oferecendo 40 vagas em seu programa de <strong>trainee<\/strong>. As <a href=\"https:\/\/99empregos.com.br\/blog\/estagio-ambev-oferece-oportunidades\/\">oportunidades<\/a> est\u00e3o dispon\u00edveis para aqueles que desejam trabalhar nas tr\u00eas vertentes de neg\u00f3cios da empresa: minera\u00e7\u00e3o, projetos e metais b\u00e1sicos, com atua\u00e7\u00e3o nos estados do Par\u00e1 e Maranh\u00e3o.<\/p>\n<h3>Requisitos e Inscri\u00e7\u00f5es<\/h3>\n<ul class=\"!whitespace-normal list-disc ml-5\">\n<li class=\"pb-1\"><strong>Forma\u00e7\u00e3o Acad\u00eamica:<\/strong>\u00a0\u00c9 necess\u00e1rio ter conclu\u00eddo o curso superior em engenharia ou geologia a partir de dezembro de 2021. Candidatos com previs\u00e3o de formatura at\u00e9 dezembro de 2024 tamb\u00e9m podem se inscrever.<\/li>\n<li class=\"pb-1\"><strong>Idade:<\/strong> N\u00e3o existe restri\u00e7\u00e3o de idade para se inscrever no programa.<\/li>\n<li class=\"pb-1\"><strong>Experi\u00eancia Pr\u00e9via:<\/strong>\u00a0N\u00e3o \u00e9 obrigat\u00f3rio ter experi\u00eancia profissional anterior.<\/li>\n<li class=\"pb-1\"><strong>Inscri\u00e7\u00f5es:<\/strong>\u00a0As inscri\u00e7\u00f5es est\u00e3o abertas <strong>at\u00e9 19 de setembro<\/strong> e devem ser realizadas atrav\u00e9s do<a href=\"https:\/\/vale.com\/pt\/programa-trainee\" target=\"_blank\" rel=\"noopener\"> site oficial do programa<\/a>.<\/li>\n<\/ul>\n<h3>Processo Seletivo<\/h3>\n<p>O processo seletivo envolver\u00e1 testes e pain\u00e9is online nas etapas intermedi\u00e1rias, culminando em um painel presencial na fase final.<\/p>\n<h3>Benef\u00edcios e Remunera\u00e7\u00e3o<\/h3>\n<p>A <strong>Vale<\/strong> oferece pacote de benef\u00edcios, incluindo:<\/p>\n<ul class=\"!whitespace-normal list-disc ml-5\">\n<li class=\"pb-1\">Sal\u00e1rio compat\u00edvel com o mercado<\/li>\n<li class=\"pb-1\">Participa\u00e7\u00e3o nos lucros e resultados (PLR)<\/li>\n<li class=\"pb-1\">Aux\u00edlio mudan\u00e7a<\/li>\n<li class=\"pb-1\">Plano de previd\u00eancia privada<\/li>\n<li class=\"pb-1\">Assist\u00eancia m\u00e9dica, odontol\u00f3gica e aux\u00edlio-farm\u00e1cia<\/li>\n<li class=\"pb-1\">Vale alimenta\u00e7\u00e3o<\/li>\n<li class=\"pb-1\">Refei\u00e7\u00e3o no local de trabalho<\/li>\n<li class=\"pb-1\">Seguro de vida em grupo<\/li>\n<li class=\"pb-1\">Aux\u00edlio creche<\/li>\n<li class=\"pb-1\">Gympass<\/li>\n<li class=\"pb-1\">Programa de Assist\u00eancia ao Empregado (Apoiar)<\/li>\n<\/ul>\n<h2>Nestl\u00e9: Diversidade de \u00c1reas e Localiza\u00e7\u00f5es<\/h2>\n<p>A <strong>Nestl\u00e9, <\/strong>setor de alimentos e bebidas, est\u00e1 recrutando <strong>trainees<\/strong> para atuar em uma variedade de \u00e1reas, como Marketing, Tecnologia, Finan\u00e7as, Engenharia, Qualidade, Compras, Vendas e mais. Os profissionais selecionados ter\u00e3o a oportunidade de trabalhar nas unidades da empresa em S\u00e3o Paulo e Minas Gerais.<\/p>\n<h3>Requisitos e Inscri\u00e7\u00f5es<\/h3>\n<ul class=\"!whitespace-normal list-disc ml-5\">\n<li class=\"pb-1\"><strong>Forma\u00e7\u00e3o Acad\u00eamica:<\/strong>\u00a0Podem participar candidatos formados entre dezembro de 2020 e dezembro de 2024 em qualquer curso de gradua\u00e7\u00e3o reconhecido pelo MEC (bacharelado, licenciatura ou tecn\u00f3logo).<\/li>\n<li class=\"pb-1\"><strong>Inscri\u00e7\u00f5es:<\/strong>\u00a0As inscri\u00e7\u00f5es est\u00e3o abertas <strong>at\u00e9 30 de setembro<\/strong> e devem ser realizadas atrav\u00e9s do <a href=\"https:\/\/app.eureca.me\/oportunidade\/traineenestle2025\" target=\"_blank\" rel=\"noopener\">site da Nestl\u00e9<\/a>.<\/li>\n<\/ul>\n<h3>Processo Seletivo<\/h3>\n<p>A sele\u00e7\u00e3o contar\u00e1 com uma trilha de testes online, seguida de pain\u00e9is com a equipe de Gest\u00e3o de Pessoas, lideran\u00e7a e entrevistas finais.<\/p>\n<h3>Benef\u00edcios e Remunera\u00e7\u00e3o<\/h3>\n<p>Al\u00e9m de uma remunera\u00e7\u00e3o compat\u00edvel com o mercado, os trainees selecionados pela <a href=\"https:\/\/99empregos.com.br\/blog\/carreira-nestle-vagas-de-emprego\/\">Nestl\u00e9<\/a> receber\u00e3o:<\/p>\n<ul class=\"!whitespace-normal list-disc ml-5\">\n<li class=\"pb-1\">Assist\u00eancia m\u00e9dica, odontol\u00f3gica e de medicamentos<\/li>\n<li class=\"pb-1\">Previd\u00eancia privada<\/li>\n<li class=\"pb-1\">Seguro de vida<\/li>\n<li class=\"pb-1\">Participa\u00e7\u00e3o nos lucros e resultados<\/li>\n<li class=\"pb-1\">Desconto em produtos<\/li>\n<li class=\"pb-1\">Licen\u00e7as parentais<\/li>\n<li class=\"pb-1\">Vale-refei\u00e7\u00e3o e estacionamento (dependendo da localidade)<\/li>\n<li class=\"pb-1\">Acesso ao Programa de Bem-Estar, com nutricionistas, psic\u00f3logos, atividades f\u00edsicas e mais<\/li>\n<\/ul>\n<h2>Ambev: Oportunidades em Business e Supply Chain<\/h2>\n<p>A <strong>Ambev<\/strong>, setor de bebidas, est\u00e1 recrutando trainees para as \u00e1reas de Business e Supply Chain. A empresa est\u00e1 oferecendo chances para candidatos dispostos a se mudar para outros estados.<\/p>\n<h3>Requisitos e Inscri\u00e7\u00f5es<\/h3>\n<ul class=\"!whitespace-normal list-disc ml-5\">\n<li class=\"pb-1\"><strong>Forma\u00e7\u00e3o Acad\u00eamica:<\/strong>\u00a0A sele\u00e7\u00e3o est\u00e1 aberta para candidatos de todos os cursos, com a exig\u00eancia de conclus\u00e3o da gradua\u00e7\u00e3o entre dezembro de 2022 e dezembro de 2024.<\/li>\n<li class=\"pb-1\"><strong>Mobilidade:<\/strong>\u00a0Os participantes devem estar dispon\u00edveis para mudar de estado.<\/li>\n<li class=\"pb-1\"><strong>Inscri\u00e7\u00f5es:<\/strong>\u00a0As inscri\u00e7\u00f5es podem ser realizadas <strong>at\u00e9 3 de setembro<\/strong> atrav\u00e9s do<a href=\"https:\/\/www.ambev.com.br\/trainee-ambev\" target=\"_blank\" rel=\"noopener\"> site do programa.<\/a><\/li>\n<\/ul>\n<h3>Processo Seletivo<\/h3>\n<p>Os candidatos passar\u00e3o por testes e entrevistas online, al\u00e9m de outras etapas do processo seletivo.<\/p>\n<h3>Benef\u00edcios e Remunera\u00e7\u00e3o<\/h3>\n<p>Pacote de benef\u00edcios da <strong>Ambev<\/strong>:<\/p>\n<ul class=\"!whitespace-normal list-disc ml-5\">\n<li class=\"pb-1\">Remunera\u00e7\u00e3o de R$ 8.500<\/li>\n<li class=\"pb-1\">Vale-refei\u00e7\u00e3o ou refei\u00e7\u00e3o no local<\/li>\n<li class=\"pb-1\">Vale-transporte ou fretado<\/li>\n<li class=\"pb-1\">Previd\u00eancia privada<\/li>\n<li class=\"pb-1\">B\u00f4nus<\/li>\n<li class=\"pb-1\">13\u00ba sal\u00e1rio<\/li>\n<li class=\"pb-1\">Cesta de Natal<\/li>\n<li class=\"pb-1\">Gympass<\/li>\n<li class=\"pb-1\">Plano m\u00e9dico e odontol\u00f3gico<\/li>\n<li class=\"pb-1\">Desconto em farm\u00e1cia<\/li>\n<li class=\"pb-1\">Seguro de vida<\/li>\n<\/ul>\n<h2>Prepara\u00e7\u00e3o para o Processo Seletivo<\/h2>\n<p>Participar de um <strong>programa de trainee<\/strong> \u00e9 uma oportunidade para impulsionar a carreira profissional. No entanto, \u00e9 essencial estar preparado para enfrentar o processo seletivo. Aqui est\u00e3o algumas dicas para se destacar:<\/p>\n<p>1.<strong>Revis\u00e3o de Conhecimentos:\u00a0<\/strong>Revise os conceitos fundamentais da sua \u00e1rea de forma\u00e7\u00e3o e mantenha-se atualizado sobre as tend\u00eancias e inova\u00e7\u00f5es do setor.<\/p>\n<p><strong>2.Desenvolvimento de Habilidades Comportamentais: <\/strong>Al\u00e9m do conhecimento t\u00e9cnico, habilidades comportamentais como comunica\u00e7\u00e3o eficaz, trabalho em equipe, resolu\u00e7\u00e3o de problemas e adaptabilidade s\u00e3o altamente valorizadas pelas empresas.<\/p>\n<p><strong>3.Pr\u00e1tica de Entrevistas:\u00a0 <\/strong>Simule entrevistas com amigos ou familiares para aprimorar suas habilidades de comunica\u00e7\u00e3o e lidar com situa\u00e7\u00f5es desafiadoras. Esteja preparado para responder perguntas sobre sua trajet\u00f3ria, motiva\u00e7\u00f5es e expectativas profissionais.<\/p>\n<p><strong>4.Pesquisa sobre a Empresa: <\/strong>Dedique tempo para conhecer a fundo a empresa, sua cultura, valores e estrat\u00e9gias de neg\u00f3cios.<\/p>\n","protected":false},"excerpt":{"rendered":"<p>O mercado de trabalho est\u00e1 aquecido para profissionais rec\u00e9m-formados que buscam iniciar suas carreiras em empresas de renome. A\u00a0 Vale, Nestl\u00e9 e Ambev est\u00e3o recrutando talentos atrav\u00e9s de programas de trainee com remunera\u00e7\u00f5es mensais que podem alcan\u00e7ar at\u00e9 R$ 8.500. Essas iniciativas oferecem uma jornada de 1 a 2 anos, proporcionando vasta experi\u00eancia para impulsionar [&hellip;]<\/p>\n","protected":false},"author":28,"featured_media":62613,"comment_status":"open","ping_status":"closed","sticky":false,"template":"","format":"standard","meta":{"footnotes":""},"categories":[15],"tags":[1138,231,5095,6466,37],"class_list":["post-62612","post","type-post","status-publish","format-standard","has-post-thumbnail","hentry","category-vagas","tag-ambev-vagas","tag-mineradora-vale","tag-nestle-vagas-de-emprego","tag-trainees","tag-vagas"],"_links":{"self":[{"href":"https:\/\/99empregos.com.br\/blog\/wp-json\/wp\/v2\/posts\/62612","targetHints":{"allow":["GET"]}}],"collection":[{"href":"https:\/\/99empregos.com.br\/blog\/wp-json\/wp\/v2\/posts"}],"about":[{"href":"https:\/\/99empregos.com.br\/blog\/wp-json\/wp\/v2\/types\/post"}],"author":[{"embeddable":true,"href":"https:\/\/99empregos.com.br\/blog\/wp-json\/wp\/v2\/users\/28"}],"replies":[{"embeddable":true,"href":"https:\/\/99empregos.com.br\/blog\/wp-json\/wp\/v2\/comments?post=62612"}],"version-history":[{"count":0,"href":"https:\/\/99empregos.com.br\/blog\/wp-json\/wp\/v2\/posts\/62612\/revisions"}],"wp:featuredmedia":[{"embeddable":true,"href":"https:\/\/99empregos.com.br\/blog\/wp-json\/wp\/v2\/media\/62613"}],"wp:attachment":[{"href":"https:\/\/99empregos.com.br\/blog\/wp-json\/wp\/v2\/media?parent=62612"}],"wp:term":[{"taxonomy":"category","embeddable":true,"href":"https:\/\/99empregos.com.br\/blog\/wp-json\/wp\/v2\/categories?post=62612"},{"taxonomy":"post_tag","embeddable":true,"href":"https:\/\/99empregos.com.br\/blog\/wp-json\/wp\/v2\/tags?post=62612"}],"curies":[{"name":"wp","href":"https:\/\/api.w.org\/{rel}","templated":true}]}}