{"id":62940,"date":"2024-09-12T21:04:03","date_gmt":"2024-09-13T00:04:03","guid":{"rendered":"https:\/\/123empregos.com.br\/blog\/?p=62940"},"modified":"2024-09-12T09:52:49","modified_gmt":"2024-09-12T12:52:49","slug":"oportunidade-de-emprego-mais-de-300-vagas-de-emprego-em-caraguatatuba","status":"publish","type":"post","link":"https:\/\/99empregos.com.br\/blog\/oportunidade-de-emprego-mais-de-300-vagas-de-emprego-em-caraguatatuba\/","title":{"rendered":"Oportunidade de Emprego: Mais de 300 vagas de emprego em Caraguatatuba"},"content":{"rendered":"<p>Um novo supermercado atacadista est\u00e1 prestes a abrir suas portas em <strong>Caraguatatuba<\/strong>, no litoral norte paulista, trazendo vagas de emprego para a regi\u00e3o. Com mais de <strong>300 vagas dispon\u00edveis<\/strong>, essa nova empreitada representa uma chance para aqueles em busca de ingressar no mercado de trabalho.<\/p>\n<h2>Diversas oportunidades<\/h2>\n<p>As vagas dispon\u00edveis incluem uma variedade de fun\u00e7\u00f5es, desde cargos operacionais at\u00e9 posi\u00e7\u00f5es de lideran\u00e7a e supervis\u00e3o. Independentemente do n\u00edvel de experi\u00eancia ou forma\u00e7\u00e3o acad\u00eamica, h\u00e1 oportunidades adequadas para todos os perfis.<\/p>\n<h3>Vagas operacionais<\/h3>\n<p>Para aqueles com Ensino Fundamental ou M\u00e9dio completo, as vagas operacionais oferecem uma excelente porta de entrada no mercado de trabalho. Algumas das fun\u00e7\u00f5es dispon\u00edveis incluem:<\/p>\n<ul class=\"!whitespace-normal list-disc ml-5\">\n<li class=\"pb-1\">Empacotadores<\/li>\n<li class=\"pb-1\">Auxiliares de A\u00e7ougue<\/li>\n<li class=\"pb-1\">Auxiliares de Cozinha<\/li>\n<li class=\"pb-1\">Auxiliares de Dep\u00f3sito<\/li>\n<li class=\"pb-1\">Auxiliares de Manuten\u00e7\u00e3o<\/li>\n<li class=\"pb-1\">Auxiliares de Recebimento de Notas Fiscais<\/li>\n<li class=\"pb-1\">Operadores de Caixa<\/li>\n<li class=\"pb-1\">Operadores de Empilhadeira<\/li>\n<\/ul>\n<h3>Vagas de atendimento e vendas<\/h3>\n<p>Para os profissionais com habilidades de atendimento ao cliente e experi\u00eancia em vendas, h\u00e1 diversas oportunidades atraentes, como:<\/p>\n<ul class=\"!whitespace-normal list-disc ml-5\">\n<li class=\"pb-1\">Atendentes de Cafeteria e Padaria<\/li>\n<li class=\"pb-1\">Atendentes de Loja \u2013 Cart\u00f5es<\/li>\n<li class=\"pb-1\">Atendentes e Operadores de Caixa \u2013 Cafeteria<\/li>\n<li class=\"pb-1\">Operadores de Loja &#8211; Atendimento ao Cliente<\/li>\n<li class=\"pb-1\">Operadores de Loja &#8211; Fiscais de Caixa<\/li>\n<li class=\"pb-1\">Operadores de Loja &#8211; Fiscais de Preven\u00e7\u00e3o de Perdas<\/li>\n<li class=\"pb-1\">Operadores de Televendas<\/li>\n<\/ul>\n<h3>Vagas de lideran\u00e7a e supervis\u00e3o<\/h3>\n<p>Para profissionais experientes e com habilidades de lideran\u00e7a, o supermercado atacadista oferece cargos de supervis\u00e3o e gerenciamento, incluindo:<\/p>\n<ul class=\"!whitespace-normal list-disc ml-5\">\n<li class=\"pb-1\">Chefes de Se\u00e7\u00e3o (A\u00e7ougue, Cafeteria e Padaria, Hortifruti, Mercearia, Perec\u00edveis)<\/li>\n<li class=\"pb-1\">Chefes de Frente de Caixa<\/li>\n<li class=\"pb-1\">L\u00edderes de Cafeteria e Padaria<\/li>\n<li class=\"pb-1\">Operadores de Loja Pleno &#8211; L\u00edderes de Mercearia<\/li>\n<\/ul>\n<h3>Vagas especializadas<\/h3>\n<p>Al\u00e9m das fun\u00e7\u00f5es mencionadas acima, o supermercado tamb\u00e9m est\u00e1 contratando para cargos especializados, como:<\/p>\n<ul class=\"!whitespace-normal list-disc ml-5\">\n<li class=\"pb-1\">A\u00e7ougueiros<\/li>\n<li class=\"pb-1\">Cozinheiros<\/li>\n<li class=\"pb-1\">Padeiros<\/li>\n<li class=\"pb-1\">Cartazistas<\/li>\n<li class=\"pb-1\">Locutores<\/li>\n<li class=\"pb-1\">Auxiliares de Recursos Humanos (Departamento Pessoal)<\/li>\n<\/ul>\n<h2>Remunera\u00e7\u00e3o<\/h2>\n<p>Os sal\u00e1rios variam de R$ 1.412 a R$ 3.401,48, dependendo da fun\u00e7\u00e3o e do n\u00edvel de experi\u00eancia do candidato.<\/p>\n<h2>Processo de sele\u00e7\u00e3o<\/h2>\n<p>Ap\u00f3s a entrega dos <a href=\"https:\/\/99empregos.com.br\/blog\/5-dicas-para-criar-um-curriculo-irresistivel-confira\/\">curr\u00edculos<\/a>, a Prefeitura de Caraguatatuba encaminhar\u00e1 todos os documentos recebidos diretamente para a empresa respons\u00e1vel pelo supermercado atacadista. A partir da\u00ed, a pr\u00f3pria empresa conduzir\u00e1 o processo de sele\u00e7\u00e3o e contrata\u00e7\u00e3o dos funcion\u00e1rios.<\/p>\n<h2>Economia local<\/h2>\n<p>A abertura desse novo empreendimento n\u00e3o apenas oferece <a href=\"https:\/\/99empregos.com.br\/blog\/oportunidades-de-emprego-sinebahia-apresenta-mais-de-100-vagas\/\">oportunidades de emprego<\/a> para a popula\u00e7\u00e3o local, mas tamb\u00e9m impulsiona a economia da regi\u00e3o. Com a gera\u00e7\u00e3o de centenas de novos empregos, espera-se um aumento no poder de compra e no consumo, beneficiando outros setores comerciais e de servi\u00e7os em Caraguatatuba.<\/p>\n<p>Para aqueles interessados em se candidatar a essas vagas, \u00e9 essencial estar preparado. Al\u00e9m de um curr\u00edculo atualizado e bem estruturado, \u00e9 recomend\u00e1vel pesquisar sobre a empresa e as fun\u00e7\u00f5es desejadas, a fim de se destacar durante o processo seletivo.<\/p>\n<figure id=\"attachment_62804\" aria-describedby=\"caption-attachment-62804\" style=\"width: 1060px\" class=\"wp-caption aligncenter\"><img decoding=\"async\" class=\"wp-image-62804 size-full\" src=\"https:\/\/99empregos.com.br\/blog\/wp-content\/uploads\/2024\/09\/emprego-7.jpg\" alt=\"Entregue seu curr\u00edculo pessoalmente no PAT ou no CATE a partir de 12 de setembro.Imagem: freepik\" width=\"1060\" height=\"706\" srcset=\"https:\/\/99empregos.com.br\/blog\/wp-content\/uploads\/2024\/09\/emprego-7.jpg 1060w, https:\/\/99empregos.com.br\/blog\/wp-content\/uploads\/2024\/09\/emprego-7-300x200.jpg 300w, https:\/\/99empregos.com.br\/blog\/wp-content\/uploads\/2024\/09\/emprego-7-1024x682.jpg 1024w, https:\/\/99empregos.com.br\/blog\/wp-content\/uploads\/2024\/09\/emprego-7-768x512.jpg 768w\" sizes=\"(max-width: 1060px) 100vw, 1060px\" \/><figcaption id=\"caption-attachment-62804\" class=\"wp-caption-text\">Entregue seu curr\u00edculo pessoalmente no PAT ou no CATE a partir de 12 de setembro.Imagem: freepik<\/figcaption><\/figure>\n<h2>Dicas para se destacar no processo seletivo<\/h2>\n<ol>\n<li><strong>Atualize seu curr\u00edculo<\/strong>: Certifique-se de que seu curr\u00edculo esteja atualizado com suas experi\u00eancias mais recentes e habilidades relevantes. Destaque conquistas e responsabilidades em <a href=\"https:\/\/99empregos.com.br\/blog\/oportunidades-de-emprego-curitiba-e-regiao-oferecem-mais-de-78-mil-vagas\/\">empregos<\/a> anteriores que sejam relevantes para a vaga.<\/li>\n<li><strong>Personalize a carta de apresenta\u00e7\u00e3o<\/strong>: Se for solicitado, escreva uma carta de apresenta\u00e7\u00e3o personalizada para cada vaga, enfatizando como suas habilidades e experi\u00eancia atendem \u00e0s necessidades espec\u00edficas da posi\u00e7\u00e3o.<\/li>\n<li><strong>Saiba mais sobre a empresa<\/strong>: Tenha um bom entendimento sobre a organiza\u00e7\u00e3o para a qual voc\u00ea est\u00e1 se candidatando.Entenda sua miss\u00e3o, vis\u00e3o e valores, e prepare-se para discutir como voc\u00ea pode contribuir para seus objetivos.<\/li>\n<li><strong>Prepare-se para a entrevista<\/strong>: Pratique respostas para perguntas comuns de entrevistas e esteja pronto para discutir suas experi\u00eancias e habilidades com exemplos concretos.<\/li>\n<li><strong>Demonstre entusiasmo e comprometimento<\/strong>: Mostre seu interesse pela vaga e pela empresa durante o processo seletivo. O interesse em aprender e desenvolver suas habilidades pode ser um grande diferencial.<\/li>\n<li><strong>Cuide da apresenta\u00e7\u00e3o pessoal<\/strong>: Apresente-se de forma profissional, com roupas adequadas para a ocasi\u00e3o. A primeira impress\u00e3o \u00e9 importante.<\/li>\n<li><strong>Solicite feedback<\/strong>: Se poss\u00edvel, pe\u00e7a feedback ap\u00f3s a entrevista para saber onde voc\u00ea pode melhorar em futuras oportunidades.<\/li>\n<\/ol>\n<p>A partir desta <strong>quinta-feira<\/strong>, dia <strong>12 de setembro<\/strong>, os interessados poder\u00e3o iniciar o processo de inscri\u00e7\u00e3o para as diversas vagas oferecidas. Os curr\u00edculos devem ser entregues pessoalmente no Posto de Atendimento ao Trabalhador (PAT) ou no Centro de Apoio ao Trabalhador e Empreendedor (CATE), localizados estrategicamente em Caraguatatuba.<\/p>\n<p>O <strong>PAT<\/strong> est\u00e1 situado na Rua Taubat\u00e9, n\u00ba 520, no bairro Sumar\u00e9, enquanto o CATE pode ser encontrado na Avenida Jos\u00e9 Herculano, n\u00ba 7.495, no bairro Travess\u00e3o. Os candidatos ter\u00e3o quatro dias, 12, 13, 16 e 17 de setembro, das 8h \u00e0s 14h, para entregar seus curr\u00edculos nesses locais.<\/p>\n<p>N\u00e3o perca essa chance de ingressar em uma empresa em expans\u00e3o. Prepare-se, entregue seu curr\u00edculo e aproveite as oportunidades!<\/p>\n","protected":false},"excerpt":{"rendered":"<p>Um novo supermercado atacadista est\u00e1 prestes a abrir suas portas em Caraguatatuba, no litoral norte paulista, trazendo vagas de emprego para a regi\u00e3o. Com mais de 300 vagas dispon\u00edveis, essa nova empreitada representa uma chance para aqueles em busca de ingressar no mercado de trabalho. Diversas oportunidades As vagas dispon\u00edveis incluem uma variedade de fun\u00e7\u00f5es, [&hellip;]<\/p>\n","protected":false},"author":36,"featured_media":62941,"comment_status":"open","ping_status":"closed","sticky":false,"template":"","format":"standard","meta":{"footnotes":""},"categories":[5955],"tags":[3075,4,6530,6517,16],"class_list":["post-62940","post","type-post","status-publish","format-standard","has-post-thumbnail","hentry","category-emprego","tag-123-empregos","tag-emprego","tag-inscricao-empregos","tag-inscricao-vaga-de-emprego","tag-vagas-de-emprego"],"_links":{"self":[{"href":"https:\/\/99empregos.com.br\/blog\/wp-json\/wp\/v2\/posts\/62940","targetHints":{"allow":["GET"]}}],"collection":[{"href":"https:\/\/99empregos.com.br\/blog\/wp-json\/wp\/v2\/posts"}],"about":[{"href":"https:\/\/99empregos.com.br\/blog\/wp-json\/wp\/v2\/types\/post"}],"author":[{"embeddable":true,"href":"https:\/\/99empregos.com.br\/blog\/wp-json\/wp\/v2\/users\/36"}],"replies":[{"embeddable":true,"href":"https:\/\/99empregos.com.br\/blog\/wp-json\/wp\/v2\/comments?post=62940"}],"version-history":[{"count":0,"href":"https:\/\/99empregos.com.br\/blog\/wp-json\/wp\/v2\/posts\/62940\/revisions"}],"wp:featuredmedia":[{"embeddable":true,"href":"https:\/\/99empregos.com.br\/blog\/wp-json\/wp\/v2\/media\/62941"}],"wp:attachment":[{"href":"https:\/\/99empregos.com.br\/blog\/wp-json\/wp\/v2\/media?parent=62940"}],"wp:term":[{"taxonomy":"category","embeddable":true,"href":"https:\/\/99empregos.com.br\/blog\/wp-json\/wp\/v2\/categories?post=62940"},{"taxonomy":"post_tag","embeddable":true,"href":"https:\/\/99empregos.com.br\/blog\/wp-json\/wp\/v2\/tags?post=62940"}],"curies":[{"name":"wp","href":"https:\/\/api.w.org\/{rel}","templated":true}]}}