{"id":62951,"date":"2024-09-13T13:04:01","date_gmt":"2024-09-13T16:04:01","guid":{"rendered":"https:\/\/123empregos.com.br\/blog\/?p=62951"},"modified":"2024-09-13T09:52:07","modified_gmt":"2024-09-13T12:52:07","slug":"agencias-do-trabalhador-do-df-abrem-mais-de-1-000-vagas-de-emprego-e-salario-de-ate-r-2-560-mil","status":"publish","type":"post","link":"https:\/\/99empregos.com.br\/blog\/agencias-do-trabalhador-do-df-abrem-mais-de-1-000-vagas-de-emprego-e-salario-de-ate-r-2-560-mil\/","title":{"rendered":"Ag\u00eancias do Trabalhador do DF abrem mais de 1.000 vagas de emprego e sal\u00e1rio de at\u00e9 R$ 2.560 mil"},"content":{"rendered":"<p>Trabalhadores em busca de uma nova coloca\u00e7\u00e3o profissional na capital federal t\u00eam motivos para comemorar. As 14 ag\u00eancias do trabalhador espalhadas pelo Distrito Federal oferecem, nesta quinta-feira (12), um total de<strong> 1.002 vagas de emprego<\/strong> em diversos setores.<\/p>\n<h2>Sal\u00e1rios e oportunidades diversificadas<\/h2>\n<p>As oportunidades disponibilizadas oferecem uma faixa salarial, variando de <strong>R$ 1.412<\/strong> a <strong>R$ 2.560<\/strong>. Essa diversidade permite que candidatos com diferentes n\u00edveis de experi\u00eancia e qualifica\u00e7\u00e3o encontrem posi\u00e7\u00f5es alinhadas \u00e0s suas expectativas financeiras.<\/p>\n<p>Algumas vagas exigem experi\u00eancia comprovada na \u00e1rea, enquanto outras est\u00e3o abertas a profissionais em in\u00edcio de carreira ou em transi\u00e7\u00e3o de fun\u00e7\u00f5es. Esse alcance aumenta as chances de sucesso para aqueles que buscam reinserir-se no mercado de trabalho ou dar um novo rumo \u00e0 sua trajet\u00f3ria profissional.<\/p>\n<h2>Destaque para o setor aliment\u00edcio na Asa Norte<\/h2>\n<p>A regi\u00e3o da Asa Norte concentra um n\u00famero expressivo de 200 vagas no setor aliment\u00edcio. Essas oportunidades est\u00e3o distribu\u00eddas entre as fun\u00e7\u00f5es de auxiliar de cozinha, barman, cumim e gar\u00e7om, cada uma com 50 vagas dispon\u00edveis.<\/p>\n<p>Todas essas posi\u00e7\u00f5es oferecem um sal\u00e1rio atrativo de R$ 1.524,96, o que pode ser uma excelente op\u00e7\u00e3o para profissionais com experi\u00eancia ou interesse em atuar nesse segmento em constante demanda na capital.<\/p>\n<h2>Oportunidades diversas em outras regi\u00f5es<\/h2>\n<p>Al\u00e9m das vagas na Asa Norte, outras regi\u00f5es administrativas do DF tamb\u00e9m contam com oportunidades interessantes. Em Vicente Pires, h\u00e1 dez vagas para a\u00e7ougueiro, com sal\u00e1rio de R$ 2.450. J\u00e1 em Ceil\u00e2ndia, cinco vagas est\u00e3o abertas para pedreiros, oferecendo um sal\u00e1rio de R$ 2.560.<\/p>\n<p>Para aqueles com habilidades criativas, a Estrutural oferece duas vagas para designer de interiores, com remunera\u00e7\u00e3o de R$ 2.000. E em Sobradinho, uma vaga para marceneiro est\u00e1 dispon\u00edvel, com sal\u00e1rio de R$ 2.600.<\/p>\n<h2>Cadastro simplificado e acompanhamento cont\u00ednuo<\/h2>\n<p>O processo de inscri\u00e7\u00e3o para essas <a href=\"https:\/\/99empregos.com.br\/blog\/governo-e-secretaria-de-trabalho-e-renda-oferecem-4-214-vagas-de-emprego-estagio-e-jovem-aprendiz\/\">vagas<\/a> \u00e9 simples e pode ser realizado por meio do <strong>aplicativo Sine F\u00e1cil<\/strong> ou pessoalmente em qualquer uma das 14 ag\u00eancias do trabalhador. Mesmo que o candidato n\u00e3o encontre uma oportunidade atraente no momento, o cadastro permanece ativo, permitindo que o sistema associe seus dados com vagas futuras que correspondam ao seu perfil.<\/p>\n<h2>Empresas parceiras e atendimento especializado<\/h2>\n<p>As ag\u00eancias do trabalhador tamb\u00e9m oferecem suporte \u00e0s empresas interessadas em divulgar vagas ou utilizar os espa\u00e7os para entrevistas. O cadastro de novas oportunidades pode ser feito pessoalmente nas unidades, pelo aplicativo Sine F\u00e1cil ou por meio do e-mail\u00a0<a class=\"text-n-purple-1000\" href=\"mailto:gcv@setrab.df.gov.br\" target=\"_blank\" rel=\"noopener\">gcv@setrab.df.gov.br<\/a>.<\/p>\n<p>Al\u00e9m disso, o Canal do Empregador, dispon\u00edvel no site da Secretaria de Desenvolvimento Econ\u00f4mico, Trabalho e Renda (Sedet), tamb\u00e9m permite a solicita\u00e7\u00e3o de atendimento especializado para empresas parceiras.<\/p>\n<figure id=\"attachment_62830\" aria-describedby=\"caption-attachment-62830\" style=\"width: 1060px\" class=\"wp-caption aligncenter\"><img decoding=\"async\" class=\"wp-image-62830 size-full\" src=\"https:\/\/99empregos.com.br\/blog\/wp-content\/uploads\/2024\/09\/emprego-9.jpg\" alt=\"Encontre sua nova oportunidade de trabalho Hoje. Imagem: freepik\/DC Studio\" width=\"1060\" height=\"706\" srcset=\"https:\/\/99empregos.com.br\/blog\/wp-content\/uploads\/2024\/09\/emprego-9.jpg 1060w, https:\/\/99empregos.com.br\/blog\/wp-content\/uploads\/2024\/09\/emprego-9-300x200.jpg 300w, https:\/\/99empregos.com.br\/blog\/wp-content\/uploads\/2024\/09\/emprego-9-1024x682.jpg 1024w, https:\/\/99empregos.com.br\/blog\/wp-content\/uploads\/2024\/09\/emprego-9-768x512.jpg 768w\" sizes=\"(max-width: 1060px) 100vw, 1060px\" \/><figcaption id=\"caption-attachment-62830\" class=\"wp-caption-text\">Encontre sua nova oportunidade de trabalho Hoje. Imagem: freepik\/DC Studio<\/figcaption><\/figure>\n<h2>Prepara\u00e7\u00e3o para o processo seletivo<\/h2>\n<p>Para melhorar suas chances de conseguir uma das vagas dispon\u00edveis, \u00e9 essencial que os candidatos se preparem de forma adequada para o processo seletivo.\u00a0 Algumas <a href=\"https:\/\/99empregos.com.br\/blog\/5-dicas-para-criar-um-curriculo-irresistivel-confira\/\">dicas<\/a> incluem:<\/p>\n<ul class=\"!whitespace-normal list-disc ml-5\">\n<li class=\"pb-1\">Revisar o <a href=\"https:\/\/99empregos.com.br\/blog\/guia-completo-elaborando-um-curriculo-para-o-primeiro-emprego\/\">curr\u00edculo<\/a> e atualiz\u00e1-lo com informa\u00e7\u00f5es relevantes e precisas;<\/li>\n<li class=\"pb-1\">Saiba mais sobre a empresa e o cargo desejado para demonstrar seu conhecimento durante a entrevista;<\/li>\n<li class=\"pb-1\">Treine suas respostas para perguntas frequentes em entrevistas de emprego;<\/li>\n<li class=\"pb-1\">Preparar uma apresenta\u00e7\u00e3o profissional e adequada para a ocasi\u00e3o.<\/li>\n<\/ul>\n<p>Al\u00e9m da remunera\u00e7\u00e3o financeira, estar empregado traz in\u00fameros benef\u00edcios para o indiv\u00edduo e sua fam\u00edlia. Alguns deles incluem:<\/p>\n<ul class=\"!whitespace-normal list-disc ml-5\">\n<li class=\"pb-1\">Estabilidade financeira e seguran\u00e7a;<\/li>\n<li class=\"pb-1\">Benef\u00edcios como planos de sa\u00fade e outros oferecidos pela empresa;<\/li>\n<li class=\"pb-1\">Desenvolvimento profissional e oportunidades de crescimento;<\/li>\n<li class=\"pb-1\">Sensa\u00e7\u00e3o de realiza\u00e7\u00e3o pessoal e prop\u00f3sito;<\/li>\n<li class=\"pb-1\">Inclus\u00e3o social e networking profissional.<\/li>\n<\/ul>\n<p>O trabalho desempenha um papel fundamental no desenvolvimento econ\u00f4mico de uma regi\u00e3o ou pa\u00eds. Algumas das contribui\u00e7\u00f5es importantes incluem:<\/p>\n<ul class=\"!whitespace-normal list-disc ml-5\">\n<li class=\"pb-1\">Gera\u00e7\u00e3o de renda e consumo, impulsionando a economia local;<\/li>\n<li class=\"pb-1\">Aumento da produtividade e competitividade das empresas;<\/li>\n<li class=\"pb-1\">Arrecada\u00e7\u00e3o de impostos, que subsidiam investimentos p\u00fablicos;<\/li>\n<li class=\"pb-1\">Redu\u00e7\u00e3o da pobreza e desigualdade social;<\/li>\n<li class=\"pb-1\">Incentivo \u00e0 inova\u00e7\u00e3o e ao empreendedorismo.<\/li>\n<\/ul>\n<p>O Governo do Distrito Federal, por meio da Secretaria de Desenvolvimento Econ\u00f4mico, Trabalho e Renda (Sedet), implementa diversas pol\u00edticas p\u00fablicas voltadas para o fomento do emprego e a gera\u00e7\u00e3o de renda na capital. Algumas dessas iniciativas incluem:<\/p>\n<ul class=\"!whitespace-normal list-disc ml-5\">\n<li class=\"pb-1\">Programas de qualifica\u00e7\u00e3o profissional e capacita\u00e7\u00e3o;<\/li>\n<li class=\"pb-1\">Incentivos fiscais para empresas que criam novas oportunidades de emprego;<\/li>\n<li class=\"pb-1\">Suporte ao empreendedorismo e \u00e0 formaliza\u00e7\u00e3o de empreendimentos;<\/li>\n<li class=\"pb-1\">Colabora\u00e7\u00f5es com empresas privadas para a gera\u00e7\u00e3o de novas vagas de emprego;<\/li>\n<li class=\"pb-1\">Investimentos em infraestrutura e desenvolvimento econ\u00f4mico regional.<\/li>\n<\/ul>\n<p>O mercado de trabalho est\u00e1 em constante transforma\u00e7\u00e3o, impulsionado por fatores como a inova\u00e7\u00e3o tecnol\u00f3gica, as mudan\u00e7as demogr\u00e1ficas e as tend\u00eancias globais. Algumas das perspectivas futuras incluem:<\/p>\n<ul class=\"!whitespace-normal list-disc ml-5\">\n<li class=\"pb-1\">Aumento da demanda por profissionais qualificados em \u00e1reas como tecnologia da informa\u00e7\u00e3o, an\u00e1lise de dados e intelig\u00eancia artificial;<\/li>\n<li class=\"pb-1\">Crescimento de modelos de trabalho flex\u00edveis, como o home office e o trabalho freelance;<\/li>\n<li class=\"pb-1\">Necessidade de adapta\u00e7\u00e3o constante e aprendizado cont\u00ednuo ao longo da vida;<\/li>\n<li class=\"pb-1\">Foco em habilidades interpessoais, criatividade e resolu\u00e7\u00e3o de problemas;<\/li>\n<li class=\"pb-1\">Maior \u00eanfase na sustentabilidade e na economia verde.<\/li>\n<\/ul>\n","protected":false},"excerpt":{"rendered":"<p>Trabalhadores em busca de uma nova coloca\u00e7\u00e3o profissional na capital federal t\u00eam motivos para comemorar. As 14 ag\u00eancias do trabalhador espalhadas pelo Distrito Federal oferecem, nesta quinta-feira (12), um total de 1.002 vagas de emprego em diversos setores. Sal\u00e1rios e oportunidades diversificadas As oportunidades disponibilizadas oferecem uma faixa salarial, variando de R$ 1.412 a R$ [&hellip;]<\/p>\n","protected":false},"author":36,"featured_media":62956,"comment_status":"open","ping_status":"closed","sticky":false,"template":"","format":"standard","meta":{"footnotes":""},"categories":[5955],"tags":[3075,6369,16],"class_list":["post-62951","post","type-post","status-publish","format-standard","has-post-thumbnail","hentry","category-emprego","tag-123-empregos","tag-agencias-do-trabalhador","tag-vagas-de-emprego"],"_links":{"self":[{"href":"https:\/\/99empregos.com.br\/blog\/wp-json\/wp\/v2\/posts\/62951","targetHints":{"allow":["GET"]}}],"collection":[{"href":"https:\/\/99empregos.com.br\/blog\/wp-json\/wp\/v2\/posts"}],"about":[{"href":"https:\/\/99empregos.com.br\/blog\/wp-json\/wp\/v2\/types\/post"}],"author":[{"embeddable":true,"href":"https:\/\/99empregos.com.br\/blog\/wp-json\/wp\/v2\/users\/36"}],"replies":[{"embeddable":true,"href":"https:\/\/99empregos.com.br\/blog\/wp-json\/wp\/v2\/comments?post=62951"}],"version-history":[{"count":0,"href":"https:\/\/99empregos.com.br\/blog\/wp-json\/wp\/v2\/posts\/62951\/revisions"}],"wp:featuredmedia":[{"embeddable":true,"href":"https:\/\/99empregos.com.br\/blog\/wp-json\/wp\/v2\/media\/62956"}],"wp:attachment":[{"href":"https:\/\/99empregos.com.br\/blog\/wp-json\/wp\/v2\/media?parent=62951"}],"wp:term":[{"taxonomy":"category","embeddable":true,"href":"https:\/\/99empregos.com.br\/blog\/wp-json\/wp\/v2\/categories?post=62951"},{"taxonomy":"post_tag","embeddable":true,"href":"https:\/\/99empregos.com.br\/blog\/wp-json\/wp\/v2\/tags?post=62951"}],"curies":[{"name":"wp","href":"https:\/\/api.w.org\/{rel}","templated":true}]}}