{"id":63700,"date":"2024-12-04T20:04:17","date_gmt":"2024-12-04T23:04:17","guid":{"rendered":"https:\/\/99empregos.com.br\/blog\/?p=63700"},"modified":"2024-12-04T16:01:58","modified_gmt":"2024-12-04T19:01:58","slug":"mudanca-na-jornada-de-trabalho-aos-finais-de-semana-o-que-esperar-neste-final-de-ano","status":"publish","type":"post","link":"https:\/\/99empregos.com.br\/blog\/mudanca-na-jornada-de-trabalho-aos-finais-de-semana-o-que-esperar-neste-final-de-ano\/","title":{"rendered":"Mudan\u00e7a na jornada de trabalho aos finais de semana: O que esperar neste final de ano"},"content":{"rendered":"<p>A jornada de trabalho aos finais de semana tem sido um tema cada vez mais discutido no Brasil, principalmente no contexto das transforma\u00e7\u00f5es no mundo do trabalho e nas mudan\u00e7as de h\u00e1bitos dos trabalhadores. Em um cen\u00e1rio em que muitos buscam mais tempo livre e um melhor equil\u00edbrio entre a vida pessoal e profissional, o debate sobre a redu\u00e7\u00e3o ou at\u00e9 a elimina\u00e7\u00e3o do trabalho nos s\u00e1bados e domingos tem ganhado for\u00e7a.<\/p>\n<h2>O que a CLT diz sobre a jornada de trabalho?<\/h2>\n<p>Atualmente,<strong> a Consolida\u00e7\u00e3o das Leis do Trabalho (CLT) estabelece uma jornada semanal de at\u00e9 44 horas<\/strong>, o que pode ser distribu\u00eddo ao longo de seis dias da semana, com a possibilidade de incluir os s\u00e1bados. No entanto, a legisla\u00e7\u00e3o tamb\u00e9m prev\u00ea o direito ao descanso semanal remunerado, que normalmente coincide com o domingo. Ou seja, a regra b\u00e1sica \u00e9 que o trabalhador tem direito a pelo menos um dia de folga semanal, geralmente no domingo, mas a possibilidade de trabalhar aos s\u00e1bados est\u00e1 dentro da legalidade, desde que respeitado o limite de horas semanais.<\/p>\n<p>Apesar de ser um direito do trabalhador o descanso semanal, a realidade de diversos setores, como o com\u00e9rcio, nem sempre segue \u00e0 risca essa premissa. Muitos profissionais do com\u00e9rcio acabam cumprindo jornadas que envolvem trabalho no final de semana, especialmente durante per\u00edodos de alta demanda, como o fim de ano.<\/p>\n<h2>A realidade do com\u00e9rcio: desafios e demandas por mudan\u00e7a<\/h2>\n<p>No com\u00e9rcio, a<a href=\"https:\/\/99empregos.com.br\/blog\/escala-6x1-vale-a-pena\/\" target=\"_blank\" rel=\"noopener\"> jornada de trabalho<\/a> aos finais de semana \u00e9 uma pr\u00e1tica comum, uma vez que muitos estabelecimentos precisam estar abertos para atender \u00e0 clientela, especialmente em datas comerciais como o Natal, a Black Friday e outras. Os trabalhadores desse setor frequentemente enfrentam jornadas desgastantes, como a escala 7&#215;1, onde a cada sete dias de trabalho, o colaborador tem direito a apenas um dia de descanso.<\/p>\n<p>Essa rotina intensiva pode afetar a sa\u00fade f\u00edsica e mental dos trabalhadores, com impactos negativos no bem-estar e na produtividade. A sobrecarga de trabalho, aliada \u00e0 falta de descanso adequado, torna-se uma preocupa\u00e7\u00e3o crescente, levando muitos a questionar se \u00e9 poss\u00edvel manter a sa\u00fade do trabalhador em um cen\u00e1rio de intensa demanda e poucas folgas.<\/p>\n<p>Al\u00e9m disso, a necessidade de maior tempo de descanso tem se tornado uma quest\u00e3o cada vez mais importante, especialmente com a pandemia de Covid-19, que mudou a forma como as pessoas encaram o trabalho. As pessoas est\u00e3o buscando mais qualidade de vida e desejam poder conciliar suas atividades profissionais com os momentos de lazer, conviv\u00eancia familiar e descanso.<\/p>\n<h2>Propostas de mudan\u00e7a para a jornada de trabalho aos finais de semana<\/h2>\n<p>V\u00e1rios movimentos e propostas t\u00eam surgido no cen\u00e1rio legislativo e sindical com o objetivo de reduzir a carga de trabalho aos finais de semana. Algumas das principais propostas incluem:<\/p>\n<h3>1. Redu\u00e7\u00e3o da jornada semanal para 40 horas<\/h3>\n<p>Uma das sugest\u00f5es mais discutidas \u00e9 a redu\u00e7\u00e3o da<a href=\"https:\/\/99empregos.com.br\/blog\/escala-6x1-vale-a-pena\/\" target=\"_blank\" rel=\"noopener\"> jornada de trabalho<\/a> semanal para 40 horas. Essa mudan\u00e7a permitiria que os trabalhadores tivessem mais tempo livre ao longo da semana, sem a necessidade de trabalhar aos finais de semana. Al\u00e9m disso, essa redu\u00e7\u00e3o seria um passo em dire\u00e7\u00e3o a uma maior qualidade de vida para os trabalhadores, ao permitir que eles tivessem mais tempo para lazer, descanso e cuidados pessoais.<\/p>\n<p>A proposta de redu\u00e7\u00e3o para 40 horas semanais visa tamb\u00e9m uma maior flexibilidade para os trabalhadores, o que ajudaria na organiza\u00e7\u00e3o de seus hor\u00e1rios de trabalho e descanso, respeitando a necessidade de concilia\u00e7\u00e3o entre a vida pessoal e profissional.<\/p>\n<h3>2. Escala 5\u00d72: mais tempo de folga durante a semana<\/h3>\n<p>Outra proposta que tem ganhado apoio \u00e9 a ado\u00e7\u00e3o da escala 5\u00d72, que consiste em uma jornada de trabalho de cinco dias, seguidos de dois dias consecutivos de folga. Essa mudan\u00e7a poderia representar uma melhoria na qualidade de vida dos trabalhadores, proporcionando-lhes mais tempo para descansar, se recuperar das atividades profissionais e aproveitar os momentos com a fam\u00edlia ou amigos.<\/p>\n<p>Ao adotar essa escala, o trabalhador teria mais flexibilidade, n\u00e3o precisando se preocupar com a sobrecarga de trabalhar todos os finais de semana. Embora essa proposta ainda seja debatida, ela representa uma das alternativas mais atraentes para quem busca um maior equil\u00edbrio entre trabalho e vida pessoal.<\/p>\n<h3>3. Negocia\u00e7\u00e3o coletiva: flexibilidade nas jornadas de trabalho<\/h3>\n<p>A negocia\u00e7\u00e3o coletiva tem se mostrado uma ferramenta importante para promover melhorias nas condi\u00e7\u00f5es de trabalho. Sindicatos e empresas t\u00eam buscado estabelecer acordos que resultem em jornadas mais flex\u00edveis, respeitando as necessidades de ambas as partes. A negocia\u00e7\u00e3o entre empregadores e empregados poderia garantir acordos que incluam dias de descanso alternados aos s\u00e1bados e domingos, sem prejudicar a produtividade da empresa.<\/p>\n<p>Esses acordos t\u00eam como objetivo o bem-estar do trabalhador, ao mesmo tempo em que consideram as demandas do mercado e as necessidades operacionais das empresas. As negocia\u00e7\u00f5es coletivas t\u00eam sido fundamentais para resolver quest\u00f5es que envolvem o equil\u00edbrio entre a vida pessoal e o trabalho, permitindo que os trabalhadores possam organizar melhor suas rotinas.<\/p>\n<h2>O que esperar para este final de ano?<\/h2>\n<figure id=\"attachment_63702\" aria-describedby=\"caption-attachment-63702\" style=\"width: 750px\" class=\"wp-caption aligncenter\"><img decoding=\"async\" class=\"wp-image-63702 size-publisher-lg\" title=\"Vai trabalhar aos finais de semana no final do ano? Veja o que est\u00e1 sendo discutido\" src=\"https:\/\/99empregos.com.br\/blog\/wp-content\/uploads\/2024\/12\/1074-750x430.jpg\" alt=\"Vai trabalhar aos finais de semana no final do ano? Veja o que est\u00e1 sendo discutido\" width=\"750\" height=\"430\" \/><figcaption id=\"caption-attachment-63702\" class=\"wp-caption-text\">Vai trabalhar aos finais de semana no final do ano? Veja o que est\u00e1 sendo discutido- Imagem: Freepik<\/figcaption><\/figure>\n<p>Embora as propostas de mudan\u00e7a na <a href=\"https:\/\/99empregos.com.br\/blog\/trabalhar-no-natal-e-no-ano-novo-saiba-seus-direitos\/\" target=\"_blank\" rel=\"noopener\">jornada de trabalho aos finais de semana<\/a> estejam em discuss\u00e3o, a realidade para este final de ano indica que n\u00e3o haver\u00e1 grandes altera\u00e7\u00f5es para os trabalhadores do com\u00e9rcio. O fim de ano \u00e9 um per\u00edodo de grande movimenta\u00e7\u00e3o no setor, com as empresas intensificando suas opera\u00e7\u00f5es para atender \u00e0 alta demanda gerada pelas festividades natalinas e pelo aumento das compras.<\/p>\n<p>As empresas do com\u00e9rcio, em sua maioria, precisar\u00e3o de uma for\u00e7a de trabalho refor\u00e7ada para atender \u00e0 demanda, o que implica na manuten\u00e7\u00e3o das jornadas de trabalho aos finais de semana. A escala 7\u00d71, por exemplo, continuar\u00e1 sendo uma realidade para muitos trabalhadores, especialmente no m\u00eas de dezembro, quando as vendas e a procura por produtos e servi\u00e7os costumam alcan\u00e7ar n\u00edveis elevados.<\/p>\n<p>Portanto, para os trabalhadores do com\u00e9rcio, \u00e9 esperado que o fim de ano seja um per\u00edodo de alta carga de trabalho, com poucos dias de descanso, mas tamb\u00e9m de oportunidades para incremento na renda, devido ao aumento de horas extras e outras vantagens t\u00edpicas dessa \u00e9poca.<\/p>\n","protected":false},"excerpt":{"rendered":"<p>A jornada de trabalho aos finais de semana tem sido um tema cada vez mais discutido no Brasil, principalmente no contexto das transforma\u00e7\u00f5es no mundo do trabalho e nas mudan\u00e7as de h\u00e1bitos dos trabalhadores. Em um cen\u00e1rio em que muitos buscam mais tempo livre e um melhor equil\u00edbrio entre a vida pessoal e profissional, o [&hellip;]<\/p>\n","protected":false},"author":37,"featured_media":63701,"comment_status":"open","ping_status":"closed","sticky":false,"template":"","format":"standard","meta":{"footnotes":""},"categories":[5622,5955,7],"tags":[6745,6744,6743],"class_list":["post-63700","post","type-post","status-publish","format-standard","has-post-thumbnail","hentry","category-direitos-do-trabahador","category-emprego","category-noticias","tag-escala-7x1","tag-leis-sobre-trabalhar-no-final-de-semana","tag-trabalho-aos-finais-de-semana"],"_links":{"self":[{"href":"https:\/\/99empregos.com.br\/blog\/wp-json\/wp\/v2\/posts\/63700","targetHints":{"allow":["GET"]}}],"collection":[{"href":"https:\/\/99empregos.com.br\/blog\/wp-json\/wp\/v2\/posts"}],"about":[{"href":"https:\/\/99empregos.com.br\/blog\/wp-json\/wp\/v2\/types\/post"}],"author":[{"embeddable":true,"href":"https:\/\/99empregos.com.br\/blog\/wp-json\/wp\/v2\/users\/37"}],"replies":[{"embeddable":true,"href":"https:\/\/99empregos.com.br\/blog\/wp-json\/wp\/v2\/comments?post=63700"}],"version-history":[{"count":0,"href":"https:\/\/99empregos.com.br\/blog\/wp-json\/wp\/v2\/posts\/63700\/revisions"}],"wp:featuredmedia":[{"embeddable":true,"href":"https:\/\/99empregos.com.br\/blog\/wp-json\/wp\/v2\/media\/63701"}],"wp:attachment":[{"href":"https:\/\/99empregos.com.br\/blog\/wp-json\/wp\/v2\/media?parent=63700"}],"wp:term":[{"taxonomy":"category","embeddable":true,"href":"https:\/\/99empregos.com.br\/blog\/wp-json\/wp\/v2\/categories?post=63700"},{"taxonomy":"post_tag","embeddable":true,"href":"https:\/\/99empregos.com.br\/blog\/wp-json\/wp\/v2\/tags?post=63700"}],"curies":[{"name":"wp","href":"https:\/\/api.w.org\/{rel}","templated":true}]}}