{"id":63706,"date":"2024-12-05T18:04:36","date_gmt":"2024-12-05T21:04:36","guid":{"rendered":"https:\/\/99empregos.com.br\/blog\/?p=63706"},"modified":"2024-12-05T09:00:30","modified_gmt":"2024-12-05T12:00:30","slug":"sebrae-anuncia-630-vagas-inicio-imediato","status":"publish","type":"post","link":"https:\/\/99empregos.com.br\/blog\/sebrae-anuncia-630-vagas-inicio-imediato\/","title":{"rendered":"Sebrae anuncia 630 vagas para in\u00edcio imediato + 2.520 para cadastro reserva com remunera\u00e7\u00e3o de at\u00e9 R$ 6,5 mil"},"content":{"rendered":"<p>O\u00a0<strong>Sebrae<\/strong>\u00a0est\u00e1 oferecendo uma excelente oportunidade para quem deseja trabalhar no apoio a pequenas empresas e produtores rurais. Foram abertas\u00a0<strong>630 vagas para in\u00edcio imediato<\/strong>\u00a0e\u00a0<strong>2.520 vagas para cadastro reserva<\/strong>, com sal\u00e1rios que variam de R$ 5 mil a R$ 6,5 mil.<\/p>\n<p>O <a href=\"https:\/\/99empregos.com.br\/blog\/nesta-terca-e-quarta-sine-bh-realiza-processo-seletivo-com-mais-de-200-vagas\/\" target=\"_blank\" rel=\"noopener\">processo seletivo<\/a> inclui dois projetos: o ALI Produtividade e o ALI Rural, ambos focados no aprimoramento da inova\u00e7\u00e3o e gest\u00e3o em micro e pequenas empresas.<\/p>\n<p>Nesta mat\u00e9ria, veja todas as informa\u00e7\u00f5es sobre as vagas oferecidas, como se inscrever, requisitos e as etapas do processo seletivo. Continue lendo para descobrir tudo sobre as <strong>vagas no Sebrae<\/strong>\u00a0e como voc\u00ea pode se candidatar.<\/p>\n<h2>O que s\u00e3o os Programas ALI?<\/h2>\n<p>O\u00a0<strong>Sebrae <\/strong>est\u00e1 com inscri\u00e7\u00f5es abertas para dois programas importantes:\u00a0<strong>ALI Produtividade<\/strong>\u00a0e\u00a0<strong>ALI Rural<\/strong>. Ambos t\u00eam como objetivo apoiar micro e pequenos neg\u00f3cios, al\u00e9m de pequenos produtores rurais, com foco na inova\u00e7\u00e3o e gest\u00e3o de produtividade.<\/p>\n<ol>\n<li><strong>ALI Produtividade<\/strong>: O programa oferece\u00a0<strong>420 vagas para in\u00edcio imediato<\/strong>\u00a0e\u00a0<strong>1.680 vagas para cadastro reserva<\/strong>. Ele \u00e9 voltado para a\u00a0<strong>gest\u00e3o de pequenos neg\u00f3cios<\/strong>\u00a0com foco em solu\u00e7\u00f5es pr\u00e1ticas de inova\u00e7\u00e3o e aumento de produtividade.<\/li>\n<li><strong>ALI Rural<\/strong>: Focado em\u00a0<strong>produtores rurais e neg\u00f3cios no agroneg\u00f3cio<\/strong>, oferece\u00a0<strong>210 vagas<\/strong>\u00a0para\u00a0<strong>in\u00edcio em agosto de 2025<\/strong>\u00a0e\u00a0<strong>840 vagas para cadastro reserva<\/strong>. O objetivo \u00e9 apoiar o desenvolvimento do setor rural, proporcionando solu\u00e7\u00f5es que atendam \u00e0s necessidades espec\u00edficas dessa \u00e1rea.<\/li>\n<\/ol>\n<h2>Requisitos para as vagas do Sebrae<\/h2>\n<h3>ALI Produtividade<\/h3>\n<p>Para se inscrever nas <a href=\"https:\/\/99empregos.com.br\/blog\/fretadao-abre-vagas-de-emprego-home-office-com-remuneracao-de-r-2-295-r-89250-de-vale-alimentacao-saiba-como-participar\/\" target=\"_blank\" rel=\"noopener\">vagas<\/a> do\u00a0<strong>ALI Produtividade<\/strong>, o candidato precisa atender aos seguintes requisitos, segundo<a href=\"https:\/\/99empregos.com.br\/blog\/wp-content\/uploads\/2024\/12\/001_2024-ALI-PROD-Comunicado.pdf\">\u00a0edital<\/a>:<\/p>\n<ul>\n<li><strong>Gradua\u00e7\u00e3o completa<\/strong>\u00a0em \u00e1reas como\u00a0<strong>gest\u00e3o<\/strong>,\u00a0<strong>engenharia<\/strong>,\u00a0<strong>dados<\/strong>, entre outras.<\/li>\n<li><strong>Habilidades<\/strong>\u00a0para identificar e implementar solu\u00e7\u00f5es de inova\u00e7\u00e3o nos neg\u00f3cios.<\/li>\n<li><strong>Experi\u00eancia<\/strong>\u00a0em gest\u00e3o e an\u00e1lise de dados ser\u00e1 um diferencial.<\/li>\n<\/ul>\n<h3>ALI Rural<\/h3>\n<p>J\u00e1 para o\u00a0<strong>ALI Rural<\/strong>, os requisitos s\u00e3o, conforme <a href=\"https:\/\/99empregos.com.br\/blog\/wp-content\/uploads\/2024\/12\/001_2024-ALI-RURAL-Comunicado.pdf\">\u00a0edital<\/a>:<\/p>\n<ul>\n<li><strong>Gradua\u00e7\u00e3o completa<\/strong>\u00a0em \u00e1reas como\u00a0<strong>agroneg\u00f3cios<\/strong>,\u00a0<strong>agronomia<\/strong>\u00a0ou \u00e1reas afins.<\/li>\n<li><strong>Conhecimento<\/strong>\u00a0sobre a realidade dos pequenos produtores rurais.<\/li>\n<li><strong>Desejo de contribuir para o desenvolvimento do setor rural<\/strong>, implementando solu\u00e7\u00f5es de inova\u00e7\u00e3o e produtividade.<\/li>\n<\/ul>\n<p>Al\u00e9m disso, o\u00a0<strong>Sebrae<\/strong>\u00a0destaca que o\u00a0<strong>processo seletivo<\/strong>\u00a0tamb\u00e9m ser\u00e1 aberto para\u00a0<strong>pessoas com defici\u00eancia<\/strong>\u00a0e que a participa\u00e7\u00e3o ser\u00e1 gratuita.<\/p>\n<h2>Remunera\u00e7\u00e3o e benef\u00edcios<\/h2>\n<p>As\u00a0<strong>remunera\u00e7\u00f5es<\/strong> das vagas do Sebrae em todo o Estado de S\u00e3o Paulo, variam conforme o cargo e o projeto selecionado:<\/p>\n<ul>\n<li><strong>ALI Produtividade<\/strong>:\n<ul>\n<li><strong>R$ 6,5 mil<\/strong>\u00a0para algumas vagas, dependendo da qualifica\u00e7\u00e3o do candidato.<\/li>\n<li><strong>R$ 5 mil<\/strong>\u00a0para as demais vagas.<\/li>\n<\/ul>\n<\/li>\n<li><strong>ALI Rural<\/strong>:\n<ul>\n<li><strong>R$ 6,5 mil<\/strong>\u00a0para algumas vagas, com in\u00edcio previsto para\u00a0<strong>mar\u00e7o de 2026<\/strong>.<\/li>\n<li><strong>R$ 5 mil<\/strong>\u00a0para as demais vagas.<\/li>\n<\/ul>\n<\/li>\n<\/ul>\n<p>Al\u00e9m disso, os contratados ter\u00e3o\u00a0<strong>benef\u00edcios de acordo com a CLT<\/strong>, como\u00a0<strong>vale-refei\u00e7\u00e3o<\/strong>,\u00a0<strong>vale-transporte<\/strong>\u00a0e\u00a0<strong>assist\u00eancia m\u00e9dica<\/strong>, conforme as normas do\u00a0<strong>Sebrae<\/strong>.<\/p>\n<h2>Como se inscrever para o Sebrae?<\/h2>\n<p>Para participar do processo seletivo do\u00a0<strong>Sebrae<\/strong>, o candidato deve acessar o portal <a href=\"https:\/\/rboconcursos.selecao.net.br\/\" target=\"_blank\" rel=\"noopener\">RBO Concursos<\/a> e se inscrever nas vagas dispon\u00edveis. O processo de inscri\u00e7\u00e3o \u00e9 simples, mas \u00e9 necess\u00e1rio aten\u00e7\u00e3o para as datas e para o preenchimento correto dos dados.<\/p>\n<h3>Etapas do processo seletivo<\/h3>\n<p>O processo seletivo consiste em\u00a0<strong>tr\u00eas etapas<\/strong>\u00a0principais:<\/p>\n<ol>\n<li><strong>Avalia\u00e7\u00e3o de Conhecimentos<\/strong>\u00a0e\u00a0<strong>Prova de Reda\u00e7\u00e3o<\/strong>: O candidato ser\u00e1 testado sobre conhecimentos gerais e espec\u00edficos relacionados \u00e0 \u00e1rea de atua\u00e7\u00e3o do programa.<\/li>\n<li><strong>Comprova\u00e7\u00e3o Documental<\/strong>: Ap\u00f3s a aprova\u00e7\u00e3o nas etapas iniciais, o candidato dever\u00e1 comprovar os documentos exigidos, como\u00a0<strong>certificados<\/strong>\u00a0de gradua\u00e7\u00e3o e\u00a0<strong>documentos pessoais<\/strong>.<\/li>\n<li><strong>Entrevista<\/strong>: A \u00faltima etapa ser\u00e1 uma entrevista, onde o candidato ter\u00e1 a oportunidade de demonstrar sua experi\u00eancia e interesse no projeto.<\/li>\n<\/ol>\n<h3>Cronograma<\/h3>\n<ul>\n<li><strong>ALI Produtividade<\/strong>: O processo seletivo segue o seguinte cronograma:\n<ul>\n<li>Inscri\u00e7\u00f5es abertas at\u00e9\u00a0<strong>7 de janeiro de 2025<\/strong>.<\/li>\n<li>Publica\u00e7\u00e3o dos resultados finais:\u00a0<strong>25 de fevereiro de 2025<\/strong>.<\/li>\n<\/ul>\n<\/li>\n<li><strong>ALI Rural<\/strong>: As inscri\u00e7\u00f5es para o\u00a0<strong>ALI Rural<\/strong>\u00a0v\u00e3o at\u00e9\u00a0<strong>24 de janeiro de 2025<\/strong>, com resultados finais previstos para\u00a0<strong>31 de mar\u00e7o de 2025<\/strong>.<\/li>\n<\/ul>\n<figure id=\"attachment_63707\" aria-describedby=\"caption-attachment-63707\" style=\"width: 669px\" class=\"wp-caption aligncenter\"><img decoding=\"async\" class=\"wp-image-63707 \" title=\"2259\" src=\"https:\/\/99empregos.com.br\/blog\/wp-content\/uploads\/2024\/12\/2259-1024x683.jpg\" alt=\"Para se inscrever nas vagas do Sebrae os candidatos necessitam possuir gradua\u00e7\u00e3o, experi\u00eancia na \u00e1rea, entre outros. Imagem: Freepik\" width=\"669\" height=\"446\" srcset=\"https:\/\/99empregos.com.br\/blog\/wp-content\/uploads\/2024\/12\/2259-1024x683.jpg 1024w, https:\/\/99empregos.com.br\/blog\/wp-content\/uploads\/2024\/12\/2259-300x200.jpg 300w, https:\/\/99empregos.com.br\/blog\/wp-content\/uploads\/2024\/12\/2259-768x512.jpg 768w, https:\/\/99empregos.com.br\/blog\/wp-content\/uploads\/2024\/12\/2259.jpg 1200w\" sizes=\"(max-width: 669px) 100vw, 669px\" \/><figcaption id=\"caption-attachment-63707\" class=\"wp-caption-text\">Para se inscrever nas vagas do Sebrae os candidatos necessitam possuir gradua\u00e7\u00e3o, experi\u00eancia na \u00e1rea, entre outros. Imagem: Freepik<\/figcaption><\/figure>\n<h2>Como consultar os resultados e acompanhar o processo?<\/h2>\n<p>Ap\u00f3s a realiza\u00e7\u00e3o das etapas, os candidatos poder\u00e3o acompanhar o\u00a0<strong>status da sele\u00e7\u00e3o<\/strong>\u00a0no site do\u00a0<strong>Sebrae<\/strong>. O portal disponibiliza todas as informa\u00e7\u00f5es sobre\u00a0<strong>resultados<\/strong>\u00a0e\u00a0<strong>recursos<\/strong>. Os candidatos tamb\u00e9m podem receber\u00a0<strong>notifica\u00e7\u00f5es<\/strong>\u00a0por e-mail sobre o andamento do processo.<\/p>\n<h2>Vagas para cadastro reserva<\/h2>\n<p>Al\u00e9m das\u00a0<strong>630 vagas para in\u00edcio imediato<\/strong>, o\u00a0<strong>Sebrae<\/strong>\u00a0tamb\u00e9m disponibiliza\u00a0<strong>2.520 vagas para cadastro reserva<\/strong>. Isso significa que, caso surjam novas oportunidades durante o processo de sele\u00e7\u00e3o, os candidatos aprovados para cadastro reserva poder\u00e3o ser chamados para ocupar as vagas.<\/p>\n<p>Essas vagas de cadastro reserva s\u00e3o uma excelente <a href=\"https:\/\/99empregos.com.br\/blog\/caixa-oferece-oportunidade-de-estagio-em-varias-regioes-do-pais-remuneracao-de-ate-r-1-100-auxilio-transporte\/\" target=\"_blank\" rel=\"noopener\">oportunidade<\/a> para quem n\u00e3o conseguir uma vaga imediata, mas ainda assim deseja fazer parte do processo de sele\u00e7\u00e3o.<\/p>\n<h2>Benef\u00edcios do programa<\/h2>\n<p>Participar do\u00a0<strong>Sebrae<\/strong>\u00a0traz vantagens al\u00e9m da remunera\u00e7\u00e3o. Os contratados ter\u00e3o acesso a:<\/p>\n<ul>\n<li><strong>Desenvolvimento profissional<\/strong>: Atrav\u00e9s da capacita\u00e7\u00e3o cont\u00ednua no ambiente corporativo e no setor de inova\u00e7\u00e3o.<\/li>\n<li><strong>Experi\u00eancia em grandes projetos<\/strong>: Trabalhar com pequenas empresas e produtores rurais \u00e9 uma excelente oportunidade para ganhar experi\u00eancia no setor.<\/li>\n<li><strong>Rede de contatos<\/strong>: O Sebrae \u00e9 uma das maiores redes de apoio a micro e pequenas empresas no Brasil, oferecendo um vasto networking.<\/li>\n<\/ul>\n","protected":false},"excerpt":{"rendered":"<p>O\u00a0Sebrae\u00a0est\u00e1 oferecendo uma excelente oportunidade para quem deseja trabalhar no apoio a pequenas empresas e produtores rurais. Foram abertas\u00a0630 vagas para in\u00edcio imediato\u00a0e\u00a02.520 vagas para cadastro reserva, com sal\u00e1rios que variam de R$ 5 mil a R$ 6,5 mil. O processo seletivo inclui dois projetos: o ALI Produtividade e o ALI Rural, ambos focados no [&hellip;]<\/p>\n","protected":false},"author":38,"featured_media":63711,"comment_status":"open","ping_status":"closed","sticky":false,"template":"","format":"standard","meta":{"footnotes":""},"categories":[5955,15],"tags":[6747,6746,6748],"class_list":["post-63706","post","type-post","status-publish","format-standard","has-post-thumbnail","hentry","category-emprego","category-vagas","tag-sebrae-abre-vagas","tag-vagas-do-sebrae","tag-vagas-do-sebrae-sp"],"_links":{"self":[{"href":"https:\/\/99empregos.com.br\/blog\/wp-json\/wp\/v2\/posts\/63706","targetHints":{"allow":["GET"]}}],"collection":[{"href":"https:\/\/99empregos.com.br\/blog\/wp-json\/wp\/v2\/posts"}],"about":[{"href":"https:\/\/99empregos.com.br\/blog\/wp-json\/wp\/v2\/types\/post"}],"author":[{"embeddable":true,"href":"https:\/\/99empregos.com.br\/blog\/wp-json\/wp\/v2\/users\/38"}],"replies":[{"embeddable":true,"href":"https:\/\/99empregos.com.br\/blog\/wp-json\/wp\/v2\/comments?post=63706"}],"version-history":[{"count":0,"href":"https:\/\/99empregos.com.br\/blog\/wp-json\/wp\/v2\/posts\/63706\/revisions"}],"wp:featuredmedia":[{"embeddable":true,"href":"https:\/\/99empregos.com.br\/blog\/wp-json\/wp\/v2\/media\/63711"}],"wp:attachment":[{"href":"https:\/\/99empregos.com.br\/blog\/wp-json\/wp\/v2\/media?parent=63706"}],"wp:term":[{"taxonomy":"category","embeddable":true,"href":"https:\/\/99empregos.com.br\/blog\/wp-json\/wp\/v2\/categories?post=63706"},{"taxonomy":"post_tag","embeddable":true,"href":"https:\/\/99empregos.com.br\/blog\/wp-json\/wp\/v2\/tags?post=63706"}],"curies":[{"name":"wp","href":"https:\/\/api.w.org\/{rel}","templated":true}]}}