{"id":64023,"date":"2025-01-21T18:04:42","date_gmt":"2025-01-21T21:04:42","guid":{"rendered":"https:\/\/99empregos.com.br\/blog\/?p=64023"},"modified":"2025-01-21T16:42:23","modified_gmt":"2025-01-21T19:42:23","slug":"prefeitura-de-sao-paulo-oferece-mais-de-2-mil-vagas-de-emprego-inscricoes-ate-23-de-janeiro","status":"publish","type":"post","link":"https:\/\/99empregos.com.br\/blog\/prefeitura-de-sao-paulo-oferece-mais-de-2-mil-vagas-de-emprego-inscricoes-ate-23-de-janeiro\/","title":{"rendered":"Prefeitura de S\u00e3o Paulo oferece mais de 2 MIL vagas de emprego; inscri\u00e7\u00f5es at\u00e9 23 de Janeiro"},"content":{"rendered":"<div class=\"py-4 text-sm lg:text-base text-gray-5 font-medium w-full mx-auto max-w-700\">Em comemora\u00e7\u00e3o ao anivers\u00e1rio de 471 anos de S\u00e3o Paulo, a Prefeitura Municipal, por meio da Secretaria de Desenvolvimento Econ\u00f4mico e Trabalho, est\u00e1 organizando um evento denominado &#8220;Contrata SP&#8221;. Este mutir\u00e3o de empregos promete ser o pontap\u00e9 inicial para um ano repleto de iniciativas voltadas \u00e0 empregabilidade na metr\u00f3pole.<\/div>\n<div class=\"h-fit md:ml-2 lg:ml-0 css-1ap07mx\">\n<h2>O que \u00e9 o Contrata SP?<\/h2>\n<p>O Contrata SP \u00e9 uma iniciativa inovadora da Prefeitura de S\u00e3o Paulo que visa conectar empregadores e candidatos de forma direta e eficiente, este programa n\u00e3o se limita apenas a listar <a href=\"https:\/\/99empregos.com.br\/blog\/as-melhores-oportunidades-de-emprego-para-quem-passou-dos-50-anos\/\">vagas de emprego<\/a>; ele cria um ambiente prop\u00edcio para que empresas e trabalhadores possam interagir pessoalmente, facilitando o processo de sele\u00e7\u00e3o e contrata\u00e7\u00e3o.<\/p>\n<p>Com mais de 2.000 vagas dispon\u00edveis em diversos setores, o Contrata SP \u00e9 uma excelente oportunidade para os paulistanos em busca de coloca\u00e7\u00e3o profissional ou recoloca\u00e7\u00e3o no mercado.<\/p>\n<h3>Objetivos do Programa<\/h3>\n<p>O principal objetivo do Contrata SP \u00e9 reduzir o desemprego na cidade, oferecendo oportunidades reais e imediatas para a popula\u00e7\u00e3o, al\u00e9m disso, o programa busca:<\/p>\n<ul class=\"!whitespace-normal list-disc ml-5\">\n<li class=\"pb-1\">Fomentar a economia local atrav\u00e9s da gera\u00e7\u00e3o de empregos<\/li>\n<li class=\"pb-1\">Promover a inclus\u00e3o social, com vagas destinadas a diversos perfis profissionais<\/li>\n<li class=\"pb-1\">Agilizar o processo de contrata\u00e7\u00e3o, beneficiando tanto empresas quanto candidatos<\/li>\n<li class=\"pb-1\">Fortalecer a parceria entre o setor p\u00fablico e privado na gera\u00e7\u00e3o de oportunidades de trabalho<\/li>\n<\/ul>\n<p>O mutir\u00e3o de empregos est\u00e1 marcado para o dia <strong>24 de janeiro de 2025<\/strong>, uma data escolhida para coincidir com as celebra\u00e7\u00f5es do anivers\u00e1rio da cidade. O evento ter\u00e1 dura\u00e7\u00e3o de <strong>7 horas, iniciando \u00e0s 9h e se estendendo at\u00e9 \u00e0s 16h.<\/strong><\/p>\n<h3>Locais de Realiza\u00e7\u00e3o<\/h3>\n<p>Para facilitar o acesso dos candidatos de diferentes regi\u00f5es da cidade, o Contrata SP ser\u00e1 realizado simultaneamente em quatro unidades do Centro de Apoio ao Trabalho e Empreendedorismo (Cate):<\/p>\n<ol class=\"!whitespace-normal list-decimal ml-5\">\n<li class=\"pb-1\">Cate Central: Localizado na Av. Rio Branco, 252<\/li>\n<li class=\"pb-1\">Cate Interlagos: Situado na Av. Interlagos, 6122<\/li>\n<li class=\"pb-1\">Cate Itaquera: Endere\u00e7ado \u00e0 Rua Augusto Carlos Bauman, 851<\/li>\n<li class=\"pb-1\">Cate Brasil\u00e2ndia: Estabelecido na Av. Jo\u00e3o Marcelino Branco, 95<\/li>\n<\/ol>\n<p>A escolha destes locais foi estrat\u00e9gica, visando abranger diferentes zonas da cidade e facilitar o deslocamento dos participantes.<\/p>\n<h3>Setores e \u00c1reas de Atua\u00e7\u00e3o<\/h3>\n<figure id=\"attachment_64027\" aria-describedby=\"caption-attachment-64027\" style=\"width: 750px\" class=\"wp-caption aligncenter\"><img decoding=\"async\" class=\"wp-image-64027 size-publisher-lg\" title=\"Saiba quais s\u00e3o as vagas ofertadas. Imagem: Prefeitura de S\u00e3o Paulo\" src=\"https:\/\/99empregos.com.br\/blog\/wp-content\/uploads\/2025\/01\/pREFEITURA-DE-SAO-PAULO-750x430.jpg\" alt=\"Saiba quais s\u00e3o as vagas ofertadas. Imagem: Prefeitura de S\u00e3o Paulo\" width=\"750\" height=\"430\" \/><figcaption id=\"caption-attachment-64027\" class=\"wp-caption-text\">Saiba quais s\u00e3o as vagas ofertadas no Contrata SP. Imagem: Prefeitura de S\u00e3o Paulo<\/figcaption><\/figure>\n<p>&nbsp;<\/p>\n<p>O Contrata SP de 2025 ter\u00e1 vagas em v\u00e1rios setores e \u00e1reas de atua\u00e7\u00e3o, entre os principais setores destacam-se:<\/p>\n<ul class=\"!whitespace-normal list-disc ml-5\">\n<li class=\"pb-1\">Com\u00e9rcio varejista e atacadista<\/li>\n<li class=\"pb-1\">Servi\u00e7os administrativos e financeiros<\/li>\n<li class=\"pb-1\">Tecnologia da informa\u00e7\u00e3o<\/li>\n<li class=\"pb-1\">Ind\u00fastria manufatureira<\/li>\n<li class=\"pb-1\">Log\u00edstica e transporte<\/li>\n<li class=\"pb-1\">Sa\u00fade e bem-estar<\/li>\n<li class=\"pb-1\">Educa\u00e7\u00e3o e treinamento<\/li>\n<li class=\"pb-1\">Hotelaria e turismo<\/li>\n<li class=\"pb-1\">Constru\u00e7\u00e3o civil<\/li>\n<li class=\"pb-1\">Alimenta\u00e7\u00e3o e gastronomia<\/li>\n<\/ul>\n<h3>Setores em Destaque<\/h3>\n<p>Entre os setores, destacam-se:<\/p>\n<ol>\n<li>Com\u00e9rcio: Vagas para vendedores, atendentes, gerentes de loja e estoquistas<\/li>\n<li>Servi\u00e7os: Oportunidades em \u00e1reas como atendimento ao cliente, telemarketing e suporte t\u00e9cnico<\/li>\n<li>Tecnologia: Posi\u00e7\u00f5es para desenvolvedores, analistas de sistemas e especialistas em seguran\u00e7a da informa\u00e7\u00e3o<\/li>\n<li>Ind\u00fastria: Vagas para operadores de m\u00e1quinas, t\u00e9cnicos de manuten\u00e7\u00e3o e engenheiros de produ\u00e7\u00e3o<\/li>\n<li>Log\u00edstica: Oportunidades para motoristas, auxiliares de estoque e coordenadores log\u00edsticos<\/li>\n<\/ol>\n<p>Esta variedade de setores garante que profissionais com diferentes perfis e n\u00edveis de experi\u00eancia encontrem oportunidades adequadas \u00e0s suas habilidades e aspira\u00e7\u00f5es.<\/p>\n<h3>Inscri\u00e7\u00f5es Online<\/h3>\n<p>O primeiro passo para participar do Contrata SP \u00e9 realizar a inscri\u00e7\u00e3o online, este processo foi desenvolvido para ser acess\u00edvel e intuitivo, permitindo que todos os interessados possam se cadastrar com facilidade.<\/p>\n<h4>Passo a Passo para Inscri\u00e7\u00e3o<\/h4>\n<ol class=\"!whitespace-normal list-decimal ml-5\">\n<li class=\"pb-1\">Acesse o <a href=\"https:\/\/cate.prefeitura.sp.gov.br\/\" target=\"_blank\" rel=\"noopener\">Portal Cate<\/a><\/li>\n<li>Acesse a se\u00e7\u00e3o espec\u00edfica do Contrata SP.<\/li>\n<li>Complete o formul\u00e1rio de inscri\u00e7\u00e3o com suas informa\u00e7\u00f5es pessoais e profissionais.<\/li>\n<li>Escolha as \u00e1reas de interesse e as vagas para as quais deseja se candidatar.<\/li>\n<li>Verifique atentamente todas as informa\u00e7\u00f5es antes de concluir o cadastro.<\/li>\n<li>Envie sua inscri\u00e7\u00e3o e aguarde sua confirma\u00e7\u00e3o via e-mail.<\/li>\n<\/ol>\n<p>\u00c9 fundamental que todas as informa\u00e7\u00f5es fornecidas sejam precisas e atualizadas, pois ser\u00e3o utilizadas no processo de triagem e encaminhamento para as vagas.<\/p>\n<h3>Documentos Necess\u00e1rios<\/h3>\n<p>No dia do evento, os candidatos convocados dever\u00e3o comparecer munidos dos seguintes documentos:<\/p>\n<ul class=\"!whitespace-normal list-disc ml-5\">\n<li class=\"pb-1\">RG ou outro documento de identifica\u00e7\u00e3o com foto<\/li>\n<li class=\"pb-1\">CPF<\/li>\n<li class=\"pb-1\">Carteira de Trabalho f\u00edsica ou digital<\/li>\n<li class=\"pb-1\">Curr\u00edculo atualizado impresso<\/li>\n<\/ul>\n<p>\u00c9 aconselh\u00e1vel levar tamb\u00e9m comprovantes de escolaridade e certificados de cursos relevantes para as vagas pretendidas.<\/p>\n<h3>Vagas para Pessoas com Defici\u00eancia<\/h3>\n<p>O Contrata SP refor\u00e7a seu compromisso com a inclus\u00e3o, oferecendo vagas exclusivas para pessoas com defici\u00eancia (PcD). Estas oportunidades abrangem diversos setores e fun\u00e7\u00f5es, garantindo a acessibilidade e igualdade de oportunidades no<a href=\"https:\/\/99empregos.com.br\/blog\/trabalho-remoto-dos-sonhos-apenas-4-dias-de-trabalho-e-r-9-500-por-mes-inscreva-se\/\"> mercado de trabalho<\/a>.<\/p>\n<h3>N\u00edveis de Experi\u00eancia<\/h3>\n<p>As vagas dispon\u00edveis atendem diferentes n\u00edveis de experi\u00eancia:<\/p>\n<ul class=\"!whitespace-normal list-disc ml-5\">\n<li class=\"pb-1\">Est\u00e1gio: Para estudantes em busca de sua primeira experi\u00eancia profissional<\/li>\n<li class=\"pb-1\">Trainee: Programas para rec\u00e9m-formados com potencial de lideran\u00e7a<\/li>\n<li class=\"pb-1\">J\u00fanior: Posi\u00e7\u00f5es para profissionais em in\u00edcio de carreira<\/li>\n<li class=\"pb-1\">Pleno: Vagas que requerem experi\u00eancia intermedi\u00e1ria na fun\u00e7\u00e3o<\/li>\n<li class=\"pb-1\">S\u00eanior: Oportunidades para profissionais experientes e especializados<\/li>\n<\/ul>\n<p>Esta variedade assegura que tanto jovens em busca do <a href=\"https:\/\/99empregos.com.br\/blog\/vagas-de-emprego-santander\/\">primeiro emprego<\/a> quanto profissionais experientes encontrem oportunidades adequadas ao seu perfil.<\/p>\n<h3>Faixas Salariais<\/h3>\n<p>As faixas salariais das vagas oferecidas no Contrata SP variam de acordo com a fun\u00e7\u00e3o, n\u00edvel de experi\u00eancia e setor de atua\u00e7\u00e3o. Embora os valores espec\u00edficos sejam divulgados apenas durante o processo seletivo, \u00e9 poss\u00edvel encontrar oportunidades que v\u00e3o desde o sal\u00e1rio m\u00ednimo at\u00e9 <a href=\"https:\/\/99empregos.com.br\/blog\/sebrae-anuncia-630-vagas-inicio-imediato\/\">posi\u00e7\u00f5es com remunera\u00e7\u00f5es<\/a> mais elevadas para cargos de gest\u00e3o e especializa\u00e7\u00e3o.<\/p>\n<\/div>\n","protected":false},"excerpt":{"rendered":"<p>Em comemora\u00e7\u00e3o ao anivers\u00e1rio de 471 anos de S\u00e3o Paulo, a Prefeitura Municipal, por meio da Secretaria de Desenvolvimento Econ\u00f4mico e Trabalho, est\u00e1 organizando um evento denominado &#8220;Contrata SP&#8221;. Este mutir\u00e3o de empregos promete ser o pontap\u00e9 inicial para um ano repleto de iniciativas voltadas \u00e0 empregabilidade na metr\u00f3pole. O que \u00e9 o Contrata SP? [&hellip;]<\/p>\n","protected":false},"author":40,"featured_media":64026,"comment_status":"open","ping_status":"closed","sticky":false,"template":"","format":"standard","meta":{"footnotes":""},"categories":[5955],"tags":[4,38,16],"class_list":["post-64023","post","type-post","status-publish","format-standard","has-post-thumbnail","hentry","category-emprego","tag-emprego","tag-sao-paulo","tag-vagas-de-emprego"],"_links":{"self":[{"href":"https:\/\/99empregos.com.br\/blog\/wp-json\/wp\/v2\/posts\/64023","targetHints":{"allow":["GET"]}}],"collection":[{"href":"https:\/\/99empregos.com.br\/blog\/wp-json\/wp\/v2\/posts"}],"about":[{"href":"https:\/\/99empregos.com.br\/blog\/wp-json\/wp\/v2\/types\/post"}],"author":[{"embeddable":true,"href":"https:\/\/99empregos.com.br\/blog\/wp-json\/wp\/v2\/users\/40"}],"replies":[{"embeddable":true,"href":"https:\/\/99empregos.com.br\/blog\/wp-json\/wp\/v2\/comments?post=64023"}],"version-history":[{"count":0,"href":"https:\/\/99empregos.com.br\/blog\/wp-json\/wp\/v2\/posts\/64023\/revisions"}],"wp:featuredmedia":[{"embeddable":true,"href":"https:\/\/99empregos.com.br\/blog\/wp-json\/wp\/v2\/media\/64026"}],"wp:attachment":[{"href":"https:\/\/99empregos.com.br\/blog\/wp-json\/wp\/v2\/media?parent=64023"}],"wp:term":[{"taxonomy":"category","embeddable":true,"href":"https:\/\/99empregos.com.br\/blog\/wp-json\/wp\/v2\/categories?post=64023"},{"taxonomy":"post_tag","embeddable":true,"href":"https:\/\/99empregos.com.br\/blog\/wp-json\/wp\/v2\/tags?post=64023"}],"curies":[{"name":"wp","href":"https:\/\/api.w.org\/{rel}","templated":true}]}}