{"id":66918,"date":"2025-05-28T16:59:18","date_gmt":"2025-05-28T19:59:18","guid":{"rendered":"https:\/\/99empregos.com.br\/blog\/?p=66918"},"modified":"2025-05-28T08:48:29","modified_gmt":"2025-05-28T11:48:29","slug":"volkswagen-anuncia-vagas-de-emprego-em-todo-brasil","status":"publish","type":"post","link":"https:\/\/99empregos.com.br\/blog\/volkswagen-anuncia-vagas-de-emprego-em-todo-brasil\/","title":{"rendered":"Volkswagen anuncia vagas de Emprego em todo Brasil"},"content":{"rendered":"<p>A <strong>Volkswagen do Brasil<\/strong> quer conhecer pessoas novas para trabalhar em v\u00e1rias \u00e1reas. A empresa est\u00e1 comprometida com a diversidade e a inclus\u00e3o e tem vagas em diferentes cidades do pa\u00eds. Que tal descobrir quais oportunidades est\u00e3o abertas e entender o que a Volkswagen tem a oferecer no mercado de trabalho hoje?<\/p>\n<h2>Vagas dispon\u00edveis<\/h2>\n<p>Hoje, h\u00e1 v\u00e1rias vagas abertas na Volkswagen, que v\u00e3o desde cargos administrativos at\u00e9 fun\u00e7\u00f5es t\u00e9cnicas e de engenharia. Confira algumas das posi\u00e7\u00f5es que est\u00e3o dispon\u00edveis:<\/p>\n<ul>\n<li><strong>Analista de Suporte e Projetos de T.I\/Aplica\u00e7\u00f5es<\/strong><\/li>\n<li><strong>Pessoa Analista de Cultura Organizacional<\/strong><\/li>\n<li><strong>Pessoa Analista de Estrat\u00e9gia de Rela\u00e7\u00f5es Trabalhistas<\/strong><\/li>\n<li><strong>Pessoa Analista de Eventos S\u00eanior<\/strong><\/li>\n<li><strong>Pessoa Analista de Marketing do Produto<\/strong><\/li>\n<\/ul>\n<p>Essas <a href=\"https:\/\/99empregos.com.br\/blog\/bmw-group-brasil-anuncia-novas-vagas-de-empregos-em-diversas-especialidades\/\">vagas<\/a> refletem a diversidade de fun\u00e7\u00f5es que a Volkswagen oferece, permitindo que profissionais de diferentes forma\u00e7\u00f5es e experi\u00eancias possam se candidatar.<\/p>\n<h2>A import\u00e2ncia da forma\u00e7\u00e3o cont\u00ednua<\/h2>\n<p>A Volkswagen entende que aprender sempre \u00e9 essencial para crescer na carreira. Por isso, oferece cursos e treinamentos para ajudar quem trabalha l\u00e1 a desenvolver suas habilidades e encarar os desafios do dia a dia. Voc\u00ea j\u00e1 pensou em como esses cursos podem ajudar no seu crescimento?<\/p>\n<figure id=\"attachment_66922\" aria-describedby=\"caption-attachment-66922\" style=\"width: 1000px\" class=\"wp-caption aligncenter\"><img decoding=\"async\" class=\"wp-image-66922 size-full\" title=\"Volkswagen anuncia oportunidades de emprego no Brasil\" src=\"https:\/\/99empregos.com.br\/blog\/wp-content\/uploads\/2025\/05\/gol1.png\" alt=\"Logo da Volkswagen destacada na grade frontal de ve\u00edculo em fundo desfocado\" width=\"1000\" height=\"556\" srcset=\"https:\/\/99empregos.com.br\/blog\/wp-content\/uploads\/2025\/05\/gol1.png 1000w, https:\/\/99empregos.com.br\/blog\/wp-content\/uploads\/2025\/05\/gol1-300x167.png 300w, https:\/\/99empregos.com.br\/blog\/wp-content\/uploads\/2025\/05\/gol1-768x427.png 768w\" sizes=\"(max-width: 1000px) 100vw, 1000px\" \/><figcaption id=\"caption-attachment-66922\" class=\"wp-caption-text\">Volkswagen abre vagas de trabalho em diversas regi\u00f5es do Brasil. Imagem: Volkswagen<\/figcaption><\/figure>\n<h3>Programas de capacita\u00e7\u00e3o<\/h3>\n<p>Os programas incluem treinamentos t\u00e9cnicos, workshops e cursos de lideran\u00e7a. A ideia \u00e9 que os colaboradores possam se desenvolver em suas \u00e1reas de atua\u00e7\u00e3o e, ao mesmo tempo, contribuir para o crescimento da empresa.<\/p>\n<h2>Como se candidatar<\/h2>\n<p><strong>Se voc\u00ea est\u00e1 interessado em fazer parte da equipe da Volkswagen do Brasil, o processo de candidatura \u00e9 simples.<\/strong> Acesse o portal de carreiras da <a href=\"https:\/\/vwbrasil.gupy.io\/\" target=\"_blank\" rel=\"noopener\">Volkswagen<\/a>, onde voc\u00ea pode visualizar as vagas dispon\u00edveis e se inscrever diretamente.<\/p>\n<h3>Dicas para a Candidatura<\/h3>\n<ul>\n<li><strong>Atualize seu Curr\u00edculo<\/strong>: Certifique-se de que seu curr\u00edculo esteja atualizado e destaque suas experi\u00eancias relevantes.<\/li>\n<li><strong>Prepare-se para a Entrevista<\/strong>: Pesquise sobre a empresa e esteja pronto para discutir como suas habilidades podem contribuir para a equipe.<\/li>\n<li><strong>Seja Aut\u00eantico<\/strong>: Mostre sua verdadeira personalidade e como voc\u00ea se encaixa na cultura da Volkswagen.<\/li>\n<\/ul>\n<p>Ademais, a <strong>Volkswagen do Brasil<\/strong> se posiciona como uma empresa que valoriza a diversidade, a inclus\u00e3o e a sustentabilidade. Com diversas oportunidades de emprego abertas, a montadora busca talentos que estejam dispostos a fazer a diferen\u00e7a. Ao considerar uma carreira na Volkswagen, \u00e9 importante refletir sobre como suas habilidades e valores se alinham com os da <a href=\"https:\/\/99empregos.com.br\/blog\/honda-amplia-contratacoes-no-brasil-confira-as-oportunidades-na-sua-regiao\/\">empresa<\/a>.<\/p>\n<p>Voc\u00ea est\u00e1 pronto para fazer parte dessa transforma\u00e7\u00e3o?<\/p>\n<p><strong>Confira tamb\u00e9m: <a href=\"https:\/\/99empregos.com.br\/blog\/bmw-group-brasil-anuncia-novas-vagas-de-empregos-em-diversas-especialidades\/\">BMW Group Brasil anuncia novas vagas de empregos em diversas especialidades<\/a><\/strong><\/p>\n","protected":false},"excerpt":{"rendered":"<p>A Volkswagen do Brasil quer conhecer pessoas novas para trabalhar em v\u00e1rias \u00e1reas. A empresa est\u00e1 comprometida com a diversidade e a inclus\u00e3o e tem vagas em diferentes cidades do pa\u00eds. Que tal descobrir quais oportunidades est\u00e3o abertas e entender o que a Volkswagen tem a oferecer no mercado de trabalho hoje? Vagas dispon\u00edveis Hoje, [&hellip;]<\/p>\n","protected":false},"author":25,"featured_media":66921,"comment_status":"open","ping_status":"closed","sticky":false,"template":"","format":"standard","meta":{"footnotes":""},"categories":[15],"tags":[6977,6978,5333],"class_list":["post-66918","post","type-post","status-publish","format-standard","has-post-thumbnail","hentry","category-vagas","tag-vagas-de-emprego-2025","tag-vagas-de-emprego-volkswagen","tag-vagas-volkswagen"],"_links":{"self":[{"href":"https:\/\/99empregos.com.br\/blog\/wp-json\/wp\/v2\/posts\/66918","targetHints":{"allow":["GET"]}}],"collection":[{"href":"https:\/\/99empregos.com.br\/blog\/wp-json\/wp\/v2\/posts"}],"about":[{"href":"https:\/\/99empregos.com.br\/blog\/wp-json\/wp\/v2\/types\/post"}],"author":[{"embeddable":true,"href":"https:\/\/99empregos.com.br\/blog\/wp-json\/wp\/v2\/users\/25"}],"replies":[{"embeddable":true,"href":"https:\/\/99empregos.com.br\/blog\/wp-json\/wp\/v2\/comments?post=66918"}],"version-history":[{"count":0,"href":"https:\/\/99empregos.com.br\/blog\/wp-json\/wp\/v2\/posts\/66918\/revisions"}],"wp:featuredmedia":[{"embeddable":true,"href":"https:\/\/99empregos.com.br\/blog\/wp-json\/wp\/v2\/media\/66921"}],"wp:attachment":[{"href":"https:\/\/99empregos.com.br\/blog\/wp-json\/wp\/v2\/media?parent=66918"}],"wp:term":[{"taxonomy":"category","embeddable":true,"href":"https:\/\/99empregos.com.br\/blog\/wp-json\/wp\/v2\/categories?post=66918"},{"taxonomy":"post_tag","embeddable":true,"href":"https:\/\/99empregos.com.br\/blog\/wp-json\/wp\/v2\/tags?post=66918"}],"curies":[{"name":"wp","href":"https:\/\/api.w.org\/{rel}","templated":true}]}}