{"id":6695,"date":"2022-11-21T12:47:00","date_gmt":"2022-11-21T15:47:00","guid":{"rendered":"https:\/\/123empregos.com.br\/?p=6695"},"modified":"2025-04-23T15:39:30","modified_gmt":"2025-04-23T18:39:30","slug":"que-oportunidades-de-trabalho-o-metaverso-trara","status":"publish","type":"post","link":"https:\/\/99empregos.com.br\/blog\/que-oportunidades-de-trabalho-o-metaverso-trara\/","title":{"rendered":"Que oportunidades de trabalho o metaverso trar\u00e1?"},"content":{"rendered":"<p>Certamente, nos \u00faltimos tempos, voc\u00ea ouviu falar sobre o <strong>metaverso<\/strong> e como ele mudar\u00e1 a forma como nos relacionamos com o mundo.\u00a0Mas, sabe que impacto ter\u00e1 no mercado de trabalho?\u00a0A n\u00edvel geral, poderemos ver como o nosso trabalho se insere em um universo paralelo em que n\u00e3o existe porta f\u00edsica para as organiza\u00e7\u00f5es, para al\u00e9m de uma maior quantidade de informa\u00e7\u00e3o dispon\u00edvel.<\/p>\n<p>E como isso afetar\u00e1 especificamente a \u00e1rea de TI?\u00a0Tendo em vista que este \u00e9 um dos setores com maior demanda por profissionais, o desenvolvimento do <strong>metaverso<\/strong> estreitar\u00e1 ainda mais o mercado. Assim, como o <a href=\"https:\/\/99empregos.com.br\/blog\/\" target=\"_blank\" rel=\"noopener\">123 Empregos<\/a> mostrar\u00e1, em simult\u00e2neo, abrir\u00e1 uma porta muito atrativa para esses profissionais, que poder\u00e3o focar suas carreiras em um caminho bem diferente do atual e com grandes possibilidades de crescimento.<\/p>\n<h2>Procuram-se profissionais para o metaverso<\/h2>\n<p>Quais profissionais s\u00e3o necess\u00e1rios para desenvolver o metaverso?\u00a0As empresas v\u00e3o demandar perfis de:<\/p>\n<ul>\n<li>Engenheiros de computa\u00e7\u00e3o;<\/li>\n<li>Profissionais de dados;<\/li>\n<li>Eletr\u00f4nica;<\/li>\n<li>Telecomunica\u00e7\u00f5es;<\/li>\n<li>Blockchain;<\/li>\n<li>Realidade virtual ou realidade aumentada;<\/li>\n<li>Entre outros.<\/li>\n<\/ul>\n<p>Por outro lado, eles tamb\u00e9m exigir\u00e3o designers de produto, multim\u00eddia, designers gr\u00e1ficos e visuais em 3D, al\u00e9m de designers de jogos\u00a0e designers de UX\u00a0\/\u00a0UI.<\/p>\n<p>Para aceder a estes cargos, as forma\u00e7\u00f5es mais solicitadas ser\u00e3o Licenciaturas em:<\/p>\n<ul>\n<li>Engenharia Inform\u00e1tica;<\/li>\n<li>Engenharia de Telecomunica\u00e7\u00f5es;<\/li>\n<li>Multim\u00e9dia e Eletr\u00f4nica;<\/li>\n<li>Certifica\u00e7\u00f5es em Ciberseguran\u00e7a;<\/li>\n<li>Design e Desenvolvimento em Realidade Virtual e Aumentada.<\/li>\n<\/ul>\n<p>Al\u00e9m disso, as organiza\u00e7\u00f5es valorizar\u00e3o especialmente habilidades como criatividade, capacidade anal\u00edtica, comunica\u00e7\u00e3o e compreens\u00e3o. A n\u00edvel salarial, as perspectivas s\u00e3o tamb\u00e9m muito positivas uma vez que, dependendo da experi\u00eancia e especializa\u00e7\u00e3o, os profissionais do metaverso poder\u00e3o atingir remunera\u00e7\u00f5es muito altas.<\/p>\n<h3>Mais demanda por profissionais e aumento de sal\u00e1rios em TI<\/h3>\n<p>Mas, os perfis relacionados ao metaverso n\u00e3o ser\u00e3o os \u00fanicos com alta demanda nos pr\u00f3ximos anos.\u00a0Pesquisas sugerem que nos pr\u00f3ximos dois anos as contrata\u00e7\u00f5es no setor de TI crescer\u00e3o 100%, gra\u00e7as a fatores como a tend\u00eancia\u00a0baseada em dados.<\/p>\n<p>H\u00e1 um descompasso entre <a href=\"https:\/\/99empregos.com.br\/3-estrategias-para-responder-quais-sao-suas-expectativas-salariais-em-uma-entrevista\/\" target=\"_blank\" rel=\"noopener\">oferta e demanda<\/a> devido \u00e0 escassez de talentos qualificados. Aliado a isso, a um modelo de trabalho remoto que abre as portas para profissionais trabalharem em empresas estrangeiras com sal\u00e1rios muito competitivos. Essas s\u00e3o as principais causas do aumento da remunera\u00e7\u00e3o no setor de TI.<\/p>\n<p>A <a href=\"https:\/\/99empregos.com.br\/seu-guia-para-o-burnout-no-trabalho-sinais-causas-e-passos-a-tomar\/\" target=\"_blank\" rel=\"noopener\">escassez de talentos<\/a> \u00e9 uma das principais caracter\u00edsticas do mercado de trabalho tecnol\u00f3gico.\u00a0E o que as organiza\u00e7\u00f5es podem fazer para atrair e reter talentos em um contexto t\u00e3o competitivo?\u00a0Hoje, a flexibilidade faz a diferen\u00e7a para os profissionais de TI, que em sua maioria, demandam\u00a0modelos de teletrabalho total.<\/p>\n<p>Este \u00e9 um grande desafio fora do metaverso para as organiza\u00e7\u00f5es que, em muitos casos, est\u00e3o optando por\u00a0modelos h\u00edbridos\u00a0para gerar cultura corporativa e engajamento com os funcion\u00e1rios. Entretanto, devem pensar em novas op\u00e7\u00f5es se quiserem continuar atraentes para os candidatos mais requisitados do mercado de trabalho.<\/p>\n<div id=\"icpbravoaccess_loaded\"><\/div>\n","protected":false},"excerpt":{"rendered":"<p>Certamente, nos \u00faltimos tempos, voc\u00ea ouviu falar sobre o metaverso e como ele mudar\u00e1 a forma como nos relacionamos com o mundo.\u00a0Mas, sabe que impacto ter\u00e1 no mercado de trabalho?\u00a0A n\u00edvel geral, poderemos ver como o nosso trabalho se insere em um universo paralelo em que n\u00e3o existe porta f\u00edsica para as organiza\u00e7\u00f5es, para al\u00e9m [&hellip;]<\/p>\n","protected":false},"author":2,"featured_media":6696,"comment_status":"open","ping_status":"closed","sticky":false,"template":"","format":"standard","meta":{"footnotes":""},"categories":[24],"tags":[],"class_list":["post-6695","post","type-post","status-publish","format-standard","has-post-thumbnail","hentry","category-curiosidades"],"_links":{"self":[{"href":"https:\/\/99empregos.com.br\/blog\/wp-json\/wp\/v2\/posts\/6695","targetHints":{"allow":["GET"]}}],"collection":[{"href":"https:\/\/99empregos.com.br\/blog\/wp-json\/wp\/v2\/posts"}],"about":[{"href":"https:\/\/99empregos.com.br\/blog\/wp-json\/wp\/v2\/types\/post"}],"author":[{"embeddable":true,"href":"https:\/\/99empregos.com.br\/blog\/wp-json\/wp\/v2\/users\/2"}],"replies":[{"embeddable":true,"href":"https:\/\/99empregos.com.br\/blog\/wp-json\/wp\/v2\/comments?post=6695"}],"version-history":[{"count":0,"href":"https:\/\/99empregos.com.br\/blog\/wp-json\/wp\/v2\/posts\/6695\/revisions"}],"wp:featuredmedia":[{"embeddable":true,"href":"https:\/\/99empregos.com.br\/blog\/wp-json\/wp\/v2\/media\/6696"}],"wp:attachment":[{"href":"https:\/\/99empregos.com.br\/blog\/wp-json\/wp\/v2\/media?parent=6695"}],"wp:term":[{"taxonomy":"category","embeddable":true,"href":"https:\/\/99empregos.com.br\/blog\/wp-json\/wp\/v2\/categories?post=6695"},{"taxonomy":"post_tag","embeddable":true,"href":"https:\/\/99empregos.com.br\/blog\/wp-json\/wp\/v2\/tags?post=6695"}],"curies":[{"name":"wp","href":"https:\/\/api.w.org\/{rel}","templated":true}]}}