{"id":6720,"date":"2022-11-21T18:53:46","date_gmt":"2022-11-21T21:53:46","guid":{"rendered":"https:\/\/123empregos.com.br\/?p=6720"},"modified":"2025-04-23T15:45:02","modified_gmt":"2025-04-23T18:45:02","slug":"feirao-de-vagas-de-emprego-trainee-e-estagio-promovido-pela-ufrj-vai-ate-a-proxima-quarta-feira-23","status":"publish","type":"post","link":"https:\/\/99empregos.com.br\/blog\/feirao-de-vagas-de-emprego-trainee-e-estagio-promovido-pela-ufrj-vai-ate-a-proxima-quarta-feira-23\/","title":{"rendered":"Feir\u00e3o de vagas de emprego, trainee e est\u00e1gio, promovido pela UFRJ, vai at\u00e9 a pr\u00f3xima quarta-feira (23)"},"content":{"rendered":"<p>O <strong>feir\u00e3o de vagas de emprego<\/strong>, trainee e est\u00e1gio, que a UFRJ (Universidade Federal do Rio de Janeiro) est\u00e1 promovendo, ser\u00e1 um grande evento virtual. Al\u00e9m disso, contar\u00e1 com grandes institui\u00e7\u00f5es como parceiras. Sem contar que os participantes ter\u00e3o o acesso a v\u00e1rias palestras, bem como conte\u00fados interessantes.<\/p>\n<p><strong>Portanto, leia mais: <a href=\"https:\/\/99empregos.com.br\/seu-guia-para-o-burnout-no-trabalho-sinais-causas-e-passos-a-tomar\/\">Burnout no Trabalho: sinais, causas e passos a tomar<\/a><\/strong><\/p>\n<h2>UFRJ promove Feir\u00e3o de vagas de emprego, trainee e est\u00e1gio promovido pela UFRJ ajudar\u00e1 muitos profissionais<\/h2>\n<p>A UFRJ realizar\u00e1 ao longo da semana, um <strong>feir\u00e3o de vagas de emprego<\/strong>, trainee e est\u00e1gio. O tema da edi\u00e7\u00e3o 2022 \u00e9 \u201cInova\u00e7\u00e3o para a prosperidade e bem-estar social\u201d. Ter\u00e1 o foco em novas diretrizes nacionais curriculares.<\/p>\n<p>O evento ser\u00e1 gratuito, online e com a organiza\u00e7\u00e3o assinada pela Escola Polit\u00e9cnica. As inscri\u00e7\u00f5es come\u00e7am hoje, segunda-feira (21) e terminam na quarta-feira (23). Esse evento est\u00e1 em sua 3\u00aa edi\u00e7\u00e3o, contando com boas parcerias que ofertar\u00e3o oportunidades de trabalhos em diversas \u00e1reas.<\/p>\n<p>A Escola Polit\u00e9cnica teve resultados bem positivos nas duas outras feiras. Depois da primeira, foi inaugurado o escrit\u00f3rio de carreiras aberto para o p\u00fablico externo. Nele participaram 17 empresas com cerca de 4 mil vagas no total. Ademais, em tr\u00eas dias foram mais ou menos 2 mil visitantes. J\u00e1 na 2\u00aa edi\u00e7\u00e3o, 12 empresas participaram, 5 mil vagas foram oferecidas, bem como aproximadamente 2.500 visitantes foram contabilizados em tr\u00eas dias do evento.<\/p>\n<h3>Mais informa\u00e7\u00f5es sobre o evento<\/h3>\n<p>O feir\u00e3o \u00e9 aberto a todos os p\u00fablicos de todas as partes do Brasil. Com isso, a expectativa \u00e9 de que, ao todo, 5 mil vagas estar\u00e3o dispon\u00edveis nas empresas parceiras, como:<\/p>\n<ul>\n<li>Embraer;<\/li>\n<li>CIEE (Centro de Integra\u00e7\u00e3o Empresa-Escola);<\/li>\n<li>Michelin;<\/li>\n<li>Eneva;<\/li>\n<li>Rede D\u2019Or S\u00e3o Luiz;<\/li>\n<li>Fluxo Consultoria;<\/li>\n<li>Schlumberger;<\/li>\n<li>People Operations Partner (Tractian);<\/li>\n<li>Banco Bocom BBM;<\/li>\n<li>Ternium;<\/li>\n<li>TOTVS;<\/li>\n<li>Smarthis;<\/li>\n<li>Moove;<\/li>\n<li>RJZ Cyrela;<\/li>\n<li>Instituto de Log\u00edstica e Supply Chain (ILOS);<\/li>\n<li>CREA-RJ (Conselho Regional de Engenharia e Agronomia do Rio de Janeiro).<\/li>\n<\/ul>\n<p>Al\u00e9m do mais, os participantes poder\u00e3o acessar palestras,\u00a0videoconfer\u00eancias, webinars e mentorias acerca do:<\/p>\n<ul>\n<li>Empreendedorismo;<\/li>\n<li>Processo seletivo;<\/li>\n<li>Carreira;<\/li>\n<li>Chats;<\/li>\n<li>Simula\u00e7\u00e3o de entrevistas em processos seletivos;<\/li>\n<li>Entre outros.<\/li>\n<\/ul>\n<p>Quem se interessar em participar deve acessar o <a href=\"https:\/\/99empregos.com.br\/wp-login.php?redirect_to=https%3A%2F%2F99empregos.com.br%2Fwp-admin%2Fpost.php%3Fpost%3D6719%26action%3Dedit&amp;reauth=1\" target=\"_blank\" rel=\"noopener\">link<\/a> e verificar demais informa\u00e7\u00f5es a respeito do cadastro pr\u00e9vio na plataforma oficial. Assim, ser\u00e1 poss\u00edvel obter tamb\u00e9m outros detalhes interessantes sobre o feir\u00e3o de vagas de emprego.<\/p>\n<p>E se voc\u00ea procura por outras vagas, o 123 Empregos pode te ajudar. Acesse diariamente as melhores oportunidades e n\u00e3o se esque\u00e7a de ler os outros artigos do blog, que podem ajudar muito a se manter bem no mercado de trabalho.<\/p>\n<p><strong>Dessa forma, n\u00e3o saia sem ler: <a href=\"https:\/\/99empregos.com.br\/3-estrategias-para-responder-quais-sao-suas-expectativas-salariais-em-uma-entrevista\/\" target=\"_blank\" rel=\"noopener\">Qual a sua expectativa salarial?<\/a><\/strong><\/p>\n<div id=\"icpbravoaccess_loaded\"><\/div>\n","protected":false},"excerpt":{"rendered":"<p>O feir\u00e3o de vagas de emprego, trainee e est\u00e1gio, que a UFRJ (Universidade Federal do Rio de Janeiro) est\u00e1 promovendo, ser\u00e1 um grande evento virtual. Al\u00e9m disso, contar\u00e1 com grandes institui\u00e7\u00f5es como parceiras. Sem contar que os participantes ter\u00e3o o acesso a v\u00e1rias palestras, bem como conte\u00fados interessantes. Portanto, leia mais: Burnout no Trabalho: sinais, [&hellip;]<\/p>\n","protected":false},"author":3,"featured_media":6717,"comment_status":"open","ping_status":"closed","sticky":false,"template":"","format":"standard","meta":{"footnotes":""},"categories":[15],"tags":[68],"class_list":["post-6720","post","type-post","status-publish","format-standard","has-post-thumbnail","hentry","category-vagas","tag-vagas-de-trabalho"],"_links":{"self":[{"href":"https:\/\/99empregos.com.br\/blog\/wp-json\/wp\/v2\/posts\/6720","targetHints":{"allow":["GET"]}}],"collection":[{"href":"https:\/\/99empregos.com.br\/blog\/wp-json\/wp\/v2\/posts"}],"about":[{"href":"https:\/\/99empregos.com.br\/blog\/wp-json\/wp\/v2\/types\/post"}],"author":[{"embeddable":true,"href":"https:\/\/99empregos.com.br\/blog\/wp-json\/wp\/v2\/users\/3"}],"replies":[{"embeddable":true,"href":"https:\/\/99empregos.com.br\/blog\/wp-json\/wp\/v2\/comments?post=6720"}],"version-history":[{"count":0,"href":"https:\/\/99empregos.com.br\/blog\/wp-json\/wp\/v2\/posts\/6720\/revisions"}],"wp:featuredmedia":[{"embeddable":true,"href":"https:\/\/99empregos.com.br\/blog\/wp-json\/wp\/v2\/media\/6717"}],"wp:attachment":[{"href":"https:\/\/99empregos.com.br\/blog\/wp-json\/wp\/v2\/media?parent=6720"}],"wp:term":[{"taxonomy":"category","embeddable":true,"href":"https:\/\/99empregos.com.br\/blog\/wp-json\/wp\/v2\/categories?post=6720"},{"taxonomy":"post_tag","embeddable":true,"href":"https:\/\/99empregos.com.br\/blog\/wp-json\/wp\/v2\/tags?post=6720"}],"curies":[{"name":"wp","href":"https:\/\/api.w.org\/{rel}","templated":true}]}}