{"id":6745,"date":"2022-11-22T05:51:03","date_gmt":"2022-11-22T08:51:03","guid":{"rendered":"https:\/\/123empregos.com.br\/?p=6745"},"modified":"2022-11-22T05:51:03","modified_gmt":"2022-11-22T08:51:03","slug":"rede-de-saude-integrada-abre-novas-vagas-de-emprego-pelo-pais-confira","status":"publish","type":"post","link":"https:\/\/99empregos.com.br\/blog\/rede-de-saude-integrada-abre-novas-vagas-de-emprego-pelo-pais-confira\/","title":{"rendered":"Rede de sa\u00fade integrada abre novas vagas de emprego pelo pa\u00eds, confira"},"content":{"rendered":"<p>A Dasa, uma das maiores redes de sa\u00fade integrada do Brasil, est\u00e1 com <a href=\"https:\/\/99empregos.com.br\/vagas-exclusivas-para-negros-veja-quais-sao-as-empresas-que-estao-contratando\/\">novas vagas<\/a> de emprego abertas. Com mais de 50 mil colaboradores e 250 mil m\u00e9dicos parceiros, a companhia que atende mais de 20 milh\u00f5es de pessoas por ano busca os seguintes profissionais:<\/p>\n<ul>\n<li><span style=\"font-weight: 400\">Analista de Contas a Receber S\u00e3o Paulo\/SP;\u00a0<\/span><\/li>\n<li><span style=\"font-weight: 400\">Fonoaudi\u00f3logo(a) &#8211; Rede Integrada Cidade Ocidental\/GO;\u00a0\u00a0<\/span><\/li>\n<li><span style=\"font-weight: 400\">Fonoaudi\u00f3logo(a) &#8211; Rede Integrada Rio de Janeiro\/RJ;\u00a0\u00a0<\/span><\/li>\n<li><span style=\"font-weight: 400\">Fonoaudi\u00f3logo(a) &#8211; Rede Integrada Valpara\u00edso de Goi\u00e1s\/GO;\u00a0\u00a0<\/span><\/li>\n<li><span style=\"font-weight: 400\">Fonoaudi\u00f3logo(a) &#8211; Rede Integrada Novo Gama\/GO;\u00a0\u00a0<\/span><\/li>\n<li><span style=\"font-weight: 400\">M\u00e9dico(a) Alergista e Imunologista &#8211; Rede Integrada Rio de Janeiro\/RJ;\u00a0\u00a0<\/span><\/li>\n<li><span style=\"font-weight: 400\">M\u00e9dico(a) Angiologista &#8211; Rede Integrada Rio de Janeiro\/RJ;\u00a0\u00a0<\/span><\/li>\n<li><span style=\"font-weight: 400\">M\u00e9dico(a) Cirurgi\u00e3o Vascular &#8211; Rede Integrada Niter\u00f3i\/RJ;\u00a0\u00a0<\/span><\/li>\n<li><span style=\"font-weight: 400\">M\u00e9dico(a) Cirurgia Urol\u00f3gica &#8211; Rede Integrada Rio de Janeiro\/RJ;\u00a0\u00a0<\/span><\/li>\n<li><span style=\"font-weight: 400\">M\u00e9dico(a) Cl\u00ednica M\u00e9dica &#8211; Rede Integrada Rio de Janeiro\/RJ;\u00a0\u00a0<\/span><\/li>\n<li><span style=\"font-weight: 400\">M\u00e9dico(a) Cl\u00ednico Geral &#8211; Rede Integrada Taubat\u00e9\/SP;\u00a0\u00a0<\/span><\/li>\n<li><span style=\"font-weight: 400\">M\u00e9dico(a) Cl\u00ednico Geral &#8211; Rede Integrada Osasco\/SP;\u00a0\u00a0<\/span><\/li>\n<li><span style=\"font-weight: 400\">M\u00e9dico(a) Cl\u00ednico Geral &#8211; Rede Integrada Piracicaba\/SP;\u00a0\u00a0<\/span><\/li>\n<li><span style=\"font-weight: 400\">M\u00e9dico(a) Cl\u00ednico Geral &#8211; Rede Integrada Presidente Prudente\/SP;\u00a0\u00a0<\/span><\/li>\n<li><span style=\"font-weight: 400\">M\u00e9dico(a) Cl\u00ednico Geral &#8211; Rede Integrada Diadema\/SP;\u00a0\u00a0<\/span><\/li>\n<li><span style=\"font-weight: 400\">M\u00e9dico(a) Cl\u00ednico Geral &#8211; Rede Integrada Ara\u00e7atuba\/SP;\u00a0\u00a0<\/span><\/li>\n<li><span style=\"font-weight: 400\">M\u00e9dico(a) Coloproctologista &#8211; Rede Integrada Rio de Janeiro\/RJ;\u00a0\u00a0<\/span><\/li>\n<li><span style=\"font-weight: 400\">M\u00e9dico(a) Dermatologista &#8211; Rede Integrada S\u00e3o Jos\u00e9 dos Pinhais\/PR;\u00a0\u00a0<\/span><\/li>\n<li><span style=\"font-weight: 400\">M\u00e9dico(a) Endocrinologista &#8211; Atendimento Remoto S\u00e3o Paulo\/SP e Remoto;\u00a0\u00a0<\/span><\/li>\n<li><span style=\"font-weight: 400\">M\u00e9dico(a) Endocrinologista Pedi\u00e1trico &#8211; Rede Integrada Rio de Janeiro\/RJ;\u00a0\u00a0<\/span><\/li>\n<li><span style=\"font-weight: 400\">M\u00e9dico(a) Fisiatra &#8211; Rede Integrada Niter\u00f3i\/RJ;\u00a0\u00a0<\/span><\/li>\n<li><span style=\"font-weight: 400\">M\u00e9dico(a) Fisiatra &#8211; Rede Integrada Bras\u00edlia\/DF;\u00a0\u00a0<\/span><\/li>\n<li><span style=\"font-weight: 400\">M\u00e9dico (a) Gastroenterologista Niter\u00f3i\/RJ;\u00a0\u00a0<\/span><\/li>\n<li><span style=\"font-weight: 400\">M\u00e9dico(a) Gastroenterologista &#8211; Rede Integrada;\u00a0\u00a0<\/span><\/li>\n<li><span style=\"font-weight: 400\">M\u00e9dico(a) Gen\u00e9tica M\u00e9dica &#8211; Rede Integrada Curitiba\/PR;\u00a0\u00a0<\/span><\/li>\n<li><span style=\"font-weight: 400\">M\u00e9dico(a) Geneticista &#8211; Rede Integrada;\u00a0\u00a0<\/span><\/li>\n<li><span style=\"font-weight: 400\">M\u00e9dico(a) Geriatra &#8211; Rede Integrada;\u00a0\u00a0<\/span><\/li>\n<li><span style=\"font-weight: 400\">M\u00e9dico(a) Geriatria &#8211; Rede Integrada Bras\u00edlia\/DF;\u00a0\u00a0<\/span><\/li>\n<li><span style=\"font-weight: 400\">M\u00e9dico(a) Ginecologista e Obstetr\u00edcia &#8211; Rede Integrada Rio de Janeiro\/RJ;\u00a0\u00a0<\/span><\/li>\n<li><span style=\"font-weight: 400\">M\u00e9dico(a) Ginecologista &#8211; Rede Integrada Valpara\u00edso de Goi\u00e1s\/GO;\u00a0\u00a0<\/span><\/li>\n<li><span style=\"font-weight: 400\">M\u00e9dico(a) Ginecologista &#8211; Redes Digitais S\u00e3o Paulo\/SP e Remoto;\u00a0\u00a0<\/span><\/li>\n<li><span style=\"font-weight: 400\">M\u00e9dico(a) Hepatologista Pedi\u00e1trico &#8211; Rede Integrada Rio de Janeiro\/RJ;\u00a0\u00a0<\/span><\/li>\n<li><span style=\"font-weight: 400\">M\u00e9dico(a) Homeopata &#8211; Rede Integrada Rio de Janeiro\/RJ;\u00a0\u00a0<\/span><\/li>\n<li><span style=\"font-weight: 400\">M\u00e9dico(a) Infectologista pedi\u00e1trico &#8211; Rede Integrada;\u00a0\u00a0<\/span><\/li>\n<li><span style=\"font-weight: 400\">M\u00e9dico(a) Infectologista Pedi\u00e1trico &#8211; Rede Integrada Rio de Janeiro\/RJ;\u00a0\u00a0<\/span><\/li>\n<li><span style=\"font-weight: 400\">M\u00e9dico(a) Infectologista &#8211; Rede Integrada;\u00a0\u00a0<\/span><\/li>\n<li><span style=\"font-weight: 400\">M\u00e9dico(a) Medicina de Fam\u00edlia e Comunidade &#8211; Rede Integrada Presidente Prudente\/SP.<\/span><\/li>\n<\/ul>\n<figure id=\"attachment_6747\" aria-describedby=\"caption-attachment-6747\" style=\"width: 1200px\" class=\"wp-caption aligncenter\"><img decoding=\"async\" class=\"size-full wp-image-6747\" src=\"https:\/\/99empregos.com.br\/wp-content\/uploads\/2022\/11\/dasa-ciia.jpg\" alt=\"Dasa abre novas vagas de emprego pelo pa\u00eds, confira. Foto: Divulga\u00e7\u00e3o\" width=\"1200\" height=\"750\" srcset=\"https:\/\/99empregos.com.br\/blog\/wp-content\/uploads\/2022\/11\/dasa-ciia.jpg 1200w, https:\/\/99empregos.com.br\/blog\/wp-content\/uploads\/2022\/11\/dasa-ciia-300x188.jpg 300w, https:\/\/99empregos.com.br\/blog\/wp-content\/uploads\/2022\/11\/dasa-ciia-1024x640.jpg 1024w, https:\/\/99empregos.com.br\/blog\/wp-content\/uploads\/2022\/11\/dasa-ciia-768x480.jpg 768w\" sizes=\"(max-width: 1200px) 100vw, 1200px\" \/><figcaption id=\"caption-attachment-6747\" class=\"wp-caption-text\">Dasa abre novas vagas de emprego pelo pa\u00eds, confira. Foto: Divulga\u00e7\u00e3o<\/figcaption><\/figure>\n<h3>Mais sobre a Dasa<\/h3>\n<p>Contamos com mais de 59 marcas entre medicina diagn\u00f3stica e hospitais, distribu\u00eddas em mais de 900 unidades no Brasil, al\u00e9m de uma empresa reconhecida em gest\u00e3o em cuidados. Acolhemos a vida, a sa\u00fade e as rela\u00e7\u00f5es, de forma integral e apaixonada, unindo ci\u00eancia, alta tecnologia e inova\u00e7\u00e3o para vivermos nosso prop\u00f3sito de ser a sa\u00fade que as pessoas desejam e que o mundo precisa.<\/p>\n<h3>Como se candidatar \u00e0s vagas de emprego<\/h3>\n<p>Se voc\u00ea encontrou uma oportunidade de emprego na Dasa que se encaixa no seu perfil profissional, <a href=\"https:\/\/99empregos.com.br\/vaga\/dasa-abre-novas-vagas-de-emprego-pelo-pais\/\">basta clicar neste link<\/a> para se candidatar. No entanto, antes de efetivar sua inscri\u00e7\u00e3o por l\u00e1, n\u00f3s recomendamos que voc\u00ea fa\u00e7a uma revis\u00e3o completa e detalhada de todos os pr\u00e9-requisitos solicitados pela empresa. Boa sorte!<\/p>\n","protected":false},"excerpt":{"rendered":"<p>A Dasa, uma das maiores redes de sa\u00fade integrada do Brasil, est\u00e1 com novas vagas de emprego abertas. Com mais de 50 mil colaboradores e 250 mil m\u00e9dicos parceiros, a companhia que atende mais de 20 milh\u00f5es de pessoas por ano busca os seguintes profissionais: Analista de Contas a Receber S\u00e3o Paulo\/SP;\u00a0 Fonoaudi\u00f3logo(a) &#8211; Rede [&hellip;]<\/p>\n","protected":false},"author":8,"featured_media":6748,"comment_status":"open","ping_status":"closed","sticky":false,"template":"","format":"standard","meta":{"footnotes":""},"categories":[7],"tags":[897,778,742,16],"class_list":["post-6745","post","type-post","status-publish","format-standard","has-post-thumbnail","hentry","category-noticias","tag-dasa","tag-novas-oportunidades","tag-vagas-2022","tag-vagas-de-emprego"],"_links":{"self":[{"href":"https:\/\/99empregos.com.br\/blog\/wp-json\/wp\/v2\/posts\/6745","targetHints":{"allow":["GET"]}}],"collection":[{"href":"https:\/\/99empregos.com.br\/blog\/wp-json\/wp\/v2\/posts"}],"about":[{"href":"https:\/\/99empregos.com.br\/blog\/wp-json\/wp\/v2\/types\/post"}],"author":[{"embeddable":true,"href":"https:\/\/99empregos.com.br\/blog\/wp-json\/wp\/v2\/users\/8"}],"replies":[{"embeddable":true,"href":"https:\/\/99empregos.com.br\/blog\/wp-json\/wp\/v2\/comments?post=6745"}],"version-history":[{"count":0,"href":"https:\/\/99empregos.com.br\/blog\/wp-json\/wp\/v2\/posts\/6745\/revisions"}],"wp:featuredmedia":[{"embeddable":true,"href":"https:\/\/99empregos.com.br\/blog\/wp-json\/wp\/v2\/media\/6748"}],"wp:attachment":[{"href":"https:\/\/99empregos.com.br\/blog\/wp-json\/wp\/v2\/media?parent=6745"}],"wp:term":[{"taxonomy":"category","embeddable":true,"href":"https:\/\/99empregos.com.br\/blog\/wp-json\/wp\/v2\/categories?post=6745"},{"taxonomy":"post_tag","embeddable":true,"href":"https:\/\/99empregos.com.br\/blog\/wp-json\/wp\/v2\/tags?post=6745"}],"curies":[{"name":"wp","href":"https:\/\/api.w.org\/{rel}","templated":true}]}}