{"id":67503,"date":"2026-03-06T17:47:04","date_gmt":"2026-03-06T20:47:04","guid":{"rendered":"https:\/\/99empregos.com.br\/blog\/sexta-feira-decisa-editais-fecham-abrem-inscricoes\/"},"modified":"2026-03-06T17:47:10","modified_gmt":"2026-03-06T20:47:10","slug":"sexta-feira-decisa-editais-fecham-abrem-inscricoes","status":"publish","type":"post","link":"https:\/\/99empregos.com.br\/blog\/sexta-feira-decisa-editais-fecham-abrem-inscricoes\/","title":{"rendered":"Sexta-feira decisiva: editais que fecham e abrem inscri\u00e7\u00f5es hoje, veja vagas e sal\u00e1rios"},"content":{"rendered":"<p>Se voc\u00ea sonha em conquistar estabilidade e boa remunera\u00e7\u00e3o por meio dos <strong>concursos p\u00fablicos<\/strong>, esta sexta-feira (06) n\u00e3o pode passar em branco. Diversos \u00f3rg\u00e3os federais, estaduais e municipais param suas plataformas de inscri\u00e7\u00e3o \u00e0s 23h59, enquanto outros liberam, a partir das 10h, o acesso aos novos formul\u00e1rios. Perder a hora significa, literalmente, adiar o projeto de carreira por mais um ano. A boa not\u00edcia \u00e9 que, com um pouco de organiza\u00e7\u00e3o, ainda d\u00e1 tempo de garantir a participa\u00e7\u00e3o em processos seletivos que oferecem sal\u00e1rios de at\u00e9 R$ 22 mil. Acompanhe os detalhes de cada edital, descubra como pagar a GRU ou o boleto em minutos e coloque seu nome na lista de concorrentes antes que o rel\u00f3gio marque meia-noite.<\/p>\n<h2>Por que a sexta-feira (06) \u00e9 decisiva nos <strong>concursos p\u00fablicos<\/strong><\/h2>\n<p>Os editais costumam escolher o \u00faltimo dia \u00fatil da semana para encerrar ou abrir etapas porque as bancas precisam realizar manuten\u00e7\u00e3o nos sistemas durante o fim de semana. Para o candidato, isso significa um curto espa\u00e7o de manobra entre a publica\u00e7\u00e3o do aviso e o clique final no bot\u00e3o \u201cConfirmar inscri\u00e7\u00e3o\u201d. Vale lembrar que:<\/p>\n<ul>\n<li>Pagamentos feitos ap\u00f3s 20h podem compensar apenas na segunda-feira;<\/li>\n<li>Documentos enviados fora do prazo n\u00e3o s\u00e3o analisados, mesmo que o site tenha ficado lento;<\/li>\n<li>O suporte das bancas opera em hor\u00e1rio comercial, ent\u00e3o d\u00favidas de \u00faltima hora raramente s\u00e3o respondidas a tempo.<\/li>\n<\/ul>\n<p>De acordo com levantamento do Di\u00e1rio Oficial da Uni\u00e3o desta manh\u00e3, oito editais t\u00eam alguma etapa cr\u00edtica prevista para o dia 06. Entre eles, destaque para o Tribunal de Justi\u00e7a do Par\u00e1 (TJP A) e a Empresa Brasileira de Servi\u00e7os Hospitalares (EBSERH), que juntos somam mais de 2 500 oportunidades.<\/p>\n<h2>Editais com inscri\u00e7\u00f5es encerrando hoje: \u00faltimas horas para garantir a vaga<\/h2>\n<p>Confira a lista dos processos que encerram o formul\u00e1rio de inscri\u00e7\u00e3o \u00e0s 23h59. Prepare o cart\u00e3o ou o boleto e finalize antes do fim do expediente banc\u00e1rio:<\/p>\n<ul>\n<li><strong>TJPA \u2013 Analista Judici\u00e1rio<\/strong>: 620 vagas, sal\u00e1rio inicial de R$ 8 117. Inscri\u00e7\u00e3o R$ 110, banca Cebraspe.<\/li>\n<li><strong>Minist\u00e9rio da Sa\u00fade \u2013 Tempor\u00e1rios<\/strong>: 220 vagas para perfis t\u00e9cnicos. Remunera\u00e7\u00e3o de R$ 8 300, taxa R$ 68.<\/li>\n<li><strong>Prefeitura de Salvador \u2013 Guarda Municipal<\/strong>: 150 vagas, vencimento de R$ 3 100, organiza\u00e7\u00e3o FGV, taxa R$ 90.<\/li>\n<li><strong>Universidade Federal de Minas Gerais \u2013 T\u00e9cnico-Administrativo<\/strong>: 115 vagas, sal\u00e1rios de R$ 2 667 a R$ 4 556. Taxa varia de R$ 80 a R$ 130.<\/li>\n<li><strong>Correios \u2013 Est\u00e1gio<\/strong>: 4 383 bolsas para ensino m\u00e9dio e superior, valor de R$ 1 125 mais benef\u00edcios. Inscri\u00e7\u00e3o gratuita.<\/li>\n<\/ul>\n<blockquote><p><em>\u201cFiz minha inscri\u00e7\u00e3o para o TJPA \u00e0s 8h da manh\u00e3 e j\u00e1 recebi o boleto. N\u00e3o espere a \u00faltima hora, porque o sistema trava\u201d,<\/em> alerta Camila Andrade, aprovada no CNJ 2023.<\/p><\/blockquote>\n<p>Quem precisa solicitar isen\u00e7\u00e3o de taxa deve ter enviado os documentos at\u00e9 72 h antes. Caso o pedido tenha sido indeferido, \u00e9 poss\u00edvel pagar normalmente at\u00e9 o fim do dia, sem preju\u00edzo da participa\u00e7\u00e3o.<\/p>\n<h2>Concursos que abrem inscri\u00e7\u00f5es nesta sexta: comece do jeito certo<\/h2>\n<p>Outra frente empolgante envolve editais que estreiam hoje. Se voc\u00ea estava aguardando a libera\u00e7\u00e3o do site, o momento chegou:<\/p>\n<ul>\n<li><strong>EBSERH \u2013 Assistenciais e Administrativos<\/strong>: 1 660 vagas distribu\u00eddas em 40 hospitais universit\u00e1rios. Sal\u00e1rios de R$ 2 626 a R$ 11 400. Inscri\u00e7\u00e3o de 06\/09 a 09\/10; taxas entre R$ 80 e R$ 120.<\/li>\n<li><strong>Banco Central \u2013 Analista<\/strong>: 245 vagas, remunera\u00e7\u00e3o inicial de R$ 22 035. Inscri\u00e7\u00f5es de 10h de 06\/09 a 26\/09 na banca Idecan, taxa de R$ 160.<\/li>\n<li><strong>Prefeitura de Recife \u2013 Professor<\/strong>: 500 vagas, sal\u00e1rio de R$ 4 420 por 40 h. Formul\u00e1rio dispon\u00edvel das 12h de hoje at\u00e9 06\/10.<\/li>\n<\/ul>\n<p>Para n\u00e3o come\u00e7ar errado, salve os seguintes passos:<\/p>\n<ol>\n<li>Acesse o site da banca apenas pelo link oficial do edital.<\/li>\n<li>Crie login e senha fortes; evite usar Facebook ou Google para cadastro autom\u00e1tico.<\/li>\n<li>Preencha todos os campos; um CPF digitado errado cancela a inscri\u00e7\u00e3o.<\/li>\n<li>Gere o boleto ou a GRU imediatamente para ter margem de pagamento.<\/li>\n<\/ol>\n<p>Tamb\u00e9m \u00e9 recomendado imprimir ou salvar em PDF o comprovante gerado na tela. Ele ser\u00e1 solicitado em futuros recursos.<\/p>\n<h2>Como organizar documentos e pagar a taxa de inscri\u00e7\u00e3o sem estresse<\/h2>\n<p>O rel\u00f3gio corre, mas seguir um checklist reduz erros:<\/p>\n<div style=\"text-align: center;margin: 20px 0\" class=\"rss-featured-image-reused\">\n<img decoding=\"async\" src=\"https:\/\/99empregos.com.br\/blog\/wp-content\/uploads\/2026\/03\/99empregos-1772830026.webp\" alt=\"Sexta-feira decisiva: editais que fecham e abrem inscri\u00e7\u00f5es hoje, veja vagas e sal\u00e1rios - Imagem do artigo\" style=\"max-width: 100%;height: auto;border-radius: 8px\"><\/p>\n<p style=\"font-size: 12px;color: #666;margin-top: 8px;font-style: italic\">Imagem: Not\u00edcias Ccursos<\/p>\n<\/div>\n<ul>\n<li>RG e CPF digitalizados em PDF de at\u00e9 300 KB cada;<\/li>\n<li>Comprovante de endere\u00e7o recente (\u00faltimos 90 dias);<\/li>\n<li>Diploma ou declara\u00e7\u00e3o de conclus\u00e3o, quando exigido;<\/li>\n<li>Laudo m\u00e9dico para quem concorre como PcD;<\/li>\n<li>Certid\u00e3o ou declara\u00e7\u00e3o de ind\u00edgena ou quilombola, se for o caso.<\/li>\n<\/ul>\n<p>Com tudo \u00e0 m\u00e3o, abra o aplicativo do seu banco. Pagamentos por <em>Pix Copia e Cola<\/em> s\u00e3o compensados na hora e n\u00e3o sofrem com lot\u00e9ricas cheias. Apenas confirme o CNPJ do favorecido antes de concluir. Se o edital ofereceu isen\u00e7\u00e3o, espere a valida\u00e7\u00e3o da banca; pagar antes anula o benef\u00edcio.<\/p>\n<p><strong>Dica extra<\/strong>: salve o PDF do comprovante em nuvem (Google Drive ou OneDrive). Isso evita perda de documentos caso seu computador trave no momento cr\u00edtico.<\/p>\n<h2>Dicas de estudo de \u00faltima hora e pr\u00f3ximos passos ap\u00f3s a inscri\u00e7\u00e3o<\/h2>\n<p>Inscrever-se \u00e9 s\u00f3 o come\u00e7o. A seguir, planeje a reta final de maneira estrat\u00e9gica:<\/p>\n<ul>\n<li><strong>Priorize revis\u00e3o e simulados<\/strong>: reserve 60% do tempo para exerc\u00edcios da banca.<\/li>\n<li><strong>Organize a legisla\u00e7\u00e3o seca<\/strong>: imprima artigos mais cobrados e grife palavras-chave.<\/li>\n<li><strong>Monte cronograma reverso<\/strong>: comece pela data da prova e encaixe temas pendentes.<\/li>\n<\/ul>\n<p>Segundo o coach de alto desempenho Rafael Arruda, \u201ca reta final \u00e9 sobre consolidar, n\u00e3o ampliar conte\u00fado\u201d. Concentre-se nos t\u00f3picos de maior peso, de acordo com o edital.<\/p>\n<p>Por fim, acompanhe o cronograma:<\/p>\n<ol>\n<li>Homologa\u00e7\u00e3o das inscri\u00e7\u00f5es (previs\u00e3o para 20\/09);<\/li>\n<li>Divulga\u00e7\u00e3o dos locais de prova (at\u00e9 10 dias antes do exame);<\/li>\n<li>Aplica\u00e7\u00e3o das provas objetivas e discursivas;<\/li>\n<li>Per\u00edodo de recursos;<\/li>\n<li>Resultado preliminar e definitivo.<\/li>\n<\/ol>\n<p>Mantenha o e-mail e o telefone atualizados no cadastro da banca. Altera\u00e7\u00f5es de local de prova e convoca\u00e7\u00f5es para t\u00edtulos s\u00e3o comunicadas por esses canais.<\/p>\n<p>Agora que voc\u00ea sabe quais <strong>concursos p\u00fablicos<\/strong> encerram e iniciam inscri\u00e7\u00f5es nesta sexta-feira, corra para n\u00e3o perder a oportunidade. Boa sorte e bons estudos!<\/p>\n","protected":false},"excerpt":{"rendered":"<p>Se voc\u00ea sonha em conquistar estabilidade e boa remunera\u00e7\u00e3o por meio dos concursos p\u00fablicos, esta sexta-feira (06) n\u00e3o pode passar em branco. Diversos \u00f3rg\u00e3os federais, estaduais e municipais param suas plataformas de inscri\u00e7\u00e3o \u00e0s 23h59, enquanto outros liberam, a partir das 10h, o acesso aos novos formul\u00e1rios. Perder a hora significa, literalmente, adiar o projeto [&hellip;]<\/p>\n","protected":false},"author":44,"featured_media":67504,"comment_status":"open","ping_status":"","sticky":false,"template":"","format":"standard","meta":{"footnotes":""},"categories":[5955],"tags":[],"class_list":["post-67503","post","type-post","status-publish","format-standard","has-post-thumbnail","hentry","category-emprego"],"_links":{"self":[{"href":"https:\/\/99empregos.com.br\/blog\/wp-json\/wp\/v2\/posts\/67503","targetHints":{"allow":["GET"]}}],"collection":[{"href":"https:\/\/99empregos.com.br\/blog\/wp-json\/wp\/v2\/posts"}],"about":[{"href":"https:\/\/99empregos.com.br\/blog\/wp-json\/wp\/v2\/types\/post"}],"author":[{"embeddable":true,"href":"https:\/\/99empregos.com.br\/blog\/wp-json\/wp\/v2\/users\/44"}],"replies":[{"embeddable":true,"href":"https:\/\/99empregos.com.br\/blog\/wp-json\/wp\/v2\/comments?post=67503"}],"version-history":[{"count":1,"href":"https:\/\/99empregos.com.br\/blog\/wp-json\/wp\/v2\/posts\/67503\/revisions"}],"predecessor-version":[{"id":67505,"href":"https:\/\/99empregos.com.br\/blog\/wp-json\/wp\/v2\/posts\/67503\/revisions\/67505"}],"wp:featuredmedia":[{"embeddable":true,"href":"https:\/\/99empregos.com.br\/blog\/wp-json\/wp\/v2\/media\/67504"}],"wp:attachment":[{"href":"https:\/\/99empregos.com.br\/blog\/wp-json\/wp\/v2\/media?parent=67503"}],"wp:term":[{"taxonomy":"category","embeddable":true,"href":"https:\/\/99empregos.com.br\/blog\/wp-json\/wp\/v2\/categories?post=67503"},{"taxonomy":"post_tag","embeddable":true,"href":"https:\/\/99empregos.com.br\/blog\/wp-json\/wp\/v2\/tags?post=67503"}],"curies":[{"name":"wp","href":"https:\/\/api.w.org\/{rel}","templated":true}]}}