{"id":67506,"date":"2026-03-06T18:01:08","date_gmt":"2026-03-06T21:01:08","guid":{"rendered":"https:\/\/99empregos.com.br\/blog\/reajuste-salario-minimo-2026-649\/"},"modified":"2026-03-06T18:01:13","modified_gmt":"2026-03-06T21:01:13","slug":"reajuste-salario-minimo-2026-649","status":"publish","type":"post","link":"https:\/\/99empregos.com.br\/blog\/reajuste-salario-minimo-2026-649\/","title":{"rendered":"Reajuste de 6,49% no sal\u00e1rio m\u00ednimo em 2026: confira proje\u00e7\u00f5es e impactos"},"content":{"rendered":"<p>O <strong>sal\u00e1rio m\u00ednimo<\/strong> serve de refer\u00eancia para cerca de 54 milh\u00f5es de brasileiros, entre trabalhadores com carteira assinada, benefici\u00e1rios do INSS e programas sociais. A proposta preliminar do governo federal indica um reajuste de <em>6,49%<\/em> em 1\u00ba de janeiro de 2026, elevando o piso de R$ 1.502 para aproximadamente R$ 1.599. Embora o \u00edndice ainda seja uma estimativa, o n\u00famero j\u00e1 desperta curiosidade e preocupa\u00e7\u00e3o: afinal, como se chega a esse percentual e o que ele muda na pr\u00e1tica? Nas pr\u00f3ximas linhas, explicamos a f\u00f3rmula de corre\u00e7\u00e3o, projetamos os valores de benef\u00edcios atrelados ao piso nacional e mostramos o impacto nas contas p\u00fablicas.<\/p>\n<h2>Como funciona a nova pol\u00edtica de valoriza\u00e7\u00e3o<\/h2>\n<p>Desde 2023, o Brasil voltou a adotar uma pol\u00edtica de valoriza\u00e7\u00e3o que combina reposi\u00e7\u00e3o inflacion\u00e1ria com ganho real. O c\u00e1lculo soma:<\/p>\n<ul>\n<li><strong>INPC acumulado<\/strong> do ano anterior, que mede a infla\u00e7\u00e3o para fam\u00edlias com renda de at\u00e9 cinco sal\u00e1rios m\u00ednimos.<\/li>\n<li><strong>Crescimento do PIB<\/strong> de dois anos antes. Se o PIB for negativo ou zero, aplica-se apenas o INPC.<\/li>\n<\/ul>\n<p>O objetivo, segundo o Minist\u00e9rio do Trabalho, \u00e9 \u201cpreservar o poder de compra e distribuir parte dos ganhos de produtividade com quem recebe o piso\u201d. Em agosto de 2023, o presidente Luiz In\u00e1cio Lula da Silva sancionou a Lei 14.663, que consolida essa metodologia at\u00e9 2027.<\/p>\n<blockquote><p>\u201cA pol\u00edtica combina responsabilidade fiscal com justi\u00e7a social, garantindo que o trabalhador participe do crescimento econ\u00f4mico\u201d, afirmou em nota o Minist\u00e9rio da Fazenda.<\/p><\/blockquote>\n<h2>Por que a proje\u00e7\u00e3o indica 6,49% de reajuste<\/h2>\n<p>O percentual de <strong>6,49%<\/strong> resulta da soma de duas vari\u00e1veis estimadas:<\/p>\n<ul>\n<li><em>INPC de 2025:<\/em> o mercado financeiro projeta infla\u00e7\u00e3o de 3,25%, segundo o Boletim Focus de abril de 2024.<\/li>\n<li><em>Crescimento do PIB de 2024:<\/em> analistas esperam alta de 3,1% ap\u00f3s a recupera\u00e7\u00e3o de investimentos industriais e do agroneg\u00f3cio.<\/li>\n<\/ul>\n<p>Somadas, as parcelas chegam a 6,35%. O governo trabalha com margem t\u00e9cnica e, nos relat\u00f3rios de despesas obrigat\u00f3rias, arredondou para <em>6,49%<\/em> a fim de garantir folga or\u00e7ament\u00e1ria. Caso o PIB ou a infla\u00e7\u00e3o variem at\u00e9 o envio do Projeto de Lei Or\u00e7ament\u00e1ria Anual (PLOA) de 2026, o \u00edndice poder\u00e1 ser revisto.<\/p>\n<h2>Benef\u00edcios que sobem junto com o sal\u00e1rio m\u00ednimo<\/h2>\n<p>Quando o <strong>sal\u00e1rio m\u00ednimo<\/strong> sobe, uma s\u00e9rie de valores atrelados a ele tamb\u00e9m muda automaticamente. Entre os principais, destacam-se:<\/p>\n<ul>\n<li><strong>Aposentadorias e pens\u00f5es<\/strong> do INSS para quem recebe um sal\u00e1rio m\u00ednimo.<\/li>\n<li><strong>BPC\/Loas<\/strong>, voltado a idosos de baixa renda e pessoas com defici\u00eancia.<\/li>\n<li><strong>PIS\/Pasep<\/strong>, cujo abono salarial usa o piso nacional como refer\u00eancia.<\/li>\n<li><strong>Seguro-desemprego<\/strong>, que tem parcela m\u00ednima igual ao piso.<\/li>\n<li><strong>Teto de contribui\u00e7\u00f5es<\/strong> do MEI, calculado como percentual do m\u00ednimo.<\/li>\n<\/ul>\n<p>Com o novo valor estimado em R$ 1.599, o abono salarial m\u00e1ximo poder\u00e1 chegar a esse n\u00famero total, e a parcela inicial do seguro-desemprego sair\u00e1 do patamar atual de R$ 1.502 para R$ 1.599. J\u00e1 o teto do MEI, hoje em R$ 75,10 ao m\u00eas, passar\u00e1 para R$ 79,95.<\/p>\n<div style=\"text-align: center;margin: 20px 0\" class=\"rss-featured-image-reused\">\n<img decoding=\"async\" src=\"https:\/\/99empregos.com.br\/blog\/wp-content\/uploads\/2026\/03\/99empregos-1772830869.webp\" alt=\"Reajuste de 6,49% no sal\u00e1rio m\u00ednimo em 2026: confira proje\u00e7\u00f5es e impactos - Imagem do artigo\" style=\"max-width: 100%;height: auto;border-radius: 8px\"><\/p>\n<p style=\"font-size: 12px;color: #666;margin-top: 8px;font-style: italic\">Imagem: Ag\u00eancia Brasil<\/p>\n<\/div>\n<h2>Efeito do reajuste nas contas p\u00fablicas<\/h2>\n<p>Elevar o piso em 6,49% n\u00e3o \u00e9 gratuito para o Tesouro. Cada real de aumento no <strong>sal\u00e1rio m\u00ednimo<\/strong> gera acr\u00e9scimo estimado de R$ 371 milh\u00f5es anuais em gastos federais. Seguindo essa propor\u00e7\u00e3o, o avan\u00e7o de R$ 97 (R$ 1.599 \u2013 R$ 1.502) exigir\u00e1 aproximadamente R$ 36 bilh\u00f5es extras em 2026, distribu\u00eddos da seguinte forma:<\/p>\n<ul>\n<li>R$ 23 bilh\u00f5es no INSS.<\/li>\n<li>R$ 9 bilh\u00f5es em Benef\u00edcio de Presta\u00e7\u00e3o Continuada e pens\u00f5es especiais.<\/li>\n<li>R$ 4 bilh\u00f5es em seguro-desemprego e abono do PIS\/Pasep.<\/li>\n<\/ul>\n<p>Para manter o equil\u00edbrio das contas, o Minist\u00e9rio do Planejamento avalia cortar subs\u00eddios menos eficientes e revisar ren\u00fancias fiscais. A equipe econ\u00f4mica refor\u00e7a que a pol\u00edtica de valoriza\u00e7\u00e3o est\u00e1 dentro do novo arcabou\u00e7o fiscal, que limita a alta das despesas a 70% do crescimento da receita.<\/p>\n<h2>Calend\u00e1rio e pr\u00f3ximos passos at\u00e9 a defini\u00e7\u00e3o oficial<\/h2>\n<p>O valor final do <strong>sal\u00e1rio m\u00ednimo<\/strong> de 2026 seguir\u00e1 as etapas abaixo:<\/p>\n<ul>\n<li><em>Agosto\/2025:<\/em> envio do PLOA 2026 ao Congresso, j\u00e1 com o valor projetado.<\/li>\n<li><em>Dezembro\/2025:<\/em> aprova\u00e7\u00e3o da Lei Or\u00e7ament\u00e1ria Anual, que confirma ou ajusta a quantia.<\/li>\n<li><em>Janeiro\/2026:<\/em> publica\u00e7\u00e3o de medida provis\u00f3ria fixando o piso definitivo, v\u00e1lida j\u00e1 no primeiro dia \u00fatil do ano.<\/li>\n<\/ul>\n<p>At\u00e9 l\u00e1, o governo continuar\u00e1 acompanhando o comportamento da infla\u00e7\u00e3o e do crescimento econ\u00f4mico. Se o INPC vier acima ou abaixo do previsto ou se o PIB surpreender, a corre\u00e7\u00e3o ser\u00e1 recalculada, respeitando a lei da valoriza\u00e7\u00e3o.<\/p>\n<p>Para o trabalhador, a recomenda\u00e7\u00e3o \u00e9 acompanhar de perto essas atualiza\u00e7\u00f5es e planejar o or\u00e7amento familiar considerando n\u00e3o apenas o aumento nominal, mas tamb\u00e9m os poss\u00edveis impactos em pre\u00e7os e tributos. Assim, quando o reajuste de 6,49% se confirmar, voc\u00ea saber\u00e1 exatamente onde ele pesa \u2013 e onde ele alivia \u2013 no seu bolso.<\/p>\n","protected":false},"excerpt":{"rendered":"<p>O sal\u00e1rio m\u00ednimo serve de refer\u00eancia para cerca de 54 milh\u00f5es de brasileiros, entre trabalhadores com carteira assinada, benefici\u00e1rios do INSS e programas sociais. A proposta preliminar do governo federal indica um reajuste de 6,49% em 1\u00ba de janeiro de 2026, elevando o piso de R$ 1.502 para aproximadamente R$ 1.599. Embora o \u00edndice ainda [&hellip;]<\/p>\n","protected":false},"author":44,"featured_media":67507,"comment_status":"open","ping_status":"","sticky":false,"template":"","format":"standard","meta":{"footnotes":""},"categories":[5955],"tags":[],"class_list":["post-67506","post","type-post","status-publish","format-standard","has-post-thumbnail","hentry","category-emprego"],"_links":{"self":[{"href":"https:\/\/99empregos.com.br\/blog\/wp-json\/wp\/v2\/posts\/67506","targetHints":{"allow":["GET"]}}],"collection":[{"href":"https:\/\/99empregos.com.br\/blog\/wp-json\/wp\/v2\/posts"}],"about":[{"href":"https:\/\/99empregos.com.br\/blog\/wp-json\/wp\/v2\/types\/post"}],"author":[{"embeddable":true,"href":"https:\/\/99empregos.com.br\/blog\/wp-json\/wp\/v2\/users\/44"}],"replies":[{"embeddable":true,"href":"https:\/\/99empregos.com.br\/blog\/wp-json\/wp\/v2\/comments?post=67506"}],"version-history":[{"count":1,"href":"https:\/\/99empregos.com.br\/blog\/wp-json\/wp\/v2\/posts\/67506\/revisions"}],"predecessor-version":[{"id":67508,"href":"https:\/\/99empregos.com.br\/blog\/wp-json\/wp\/v2\/posts\/67506\/revisions\/67508"}],"wp:featuredmedia":[{"embeddable":true,"href":"https:\/\/99empregos.com.br\/blog\/wp-json\/wp\/v2\/media\/67507"}],"wp:attachment":[{"href":"https:\/\/99empregos.com.br\/blog\/wp-json\/wp\/v2\/media?parent=67506"}],"wp:term":[{"taxonomy":"category","embeddable":true,"href":"https:\/\/99empregos.com.br\/blog\/wp-json\/wp\/v2\/categories?post=67506"},{"taxonomy":"post_tag","embeddable":true,"href":"https:\/\/99empregos.com.br\/blog\/wp-json\/wp\/v2\/tags?post=67506"}],"curies":[{"name":"wp","href":"https:\/\/api.w.org\/{rel}","templated":true}]}}