{"id":67509,"date":"2026-03-11T19:18:39","date_gmt":"2026-03-11T22:18:39","guid":{"rendered":"https:\/\/99empregos.com.br\/blog\/concurso-publico-salarios-acima-8-mil-inscricoes-12-marco\/"},"modified":"2026-03-11T19:18:43","modified_gmt":"2026-03-11T22:18:43","slug":"concurso-publico-salarios-acima-8-mil-inscricoes-12-marco","status":"publish","type":"post","link":"https:\/\/99empregos.com.br\/blog\/concurso-publico-salarios-acima-8-mil-inscricoes-12-marco\/","title":{"rendered":"Novo concurso p\u00fablico oferece sal\u00e1rios acima de R$ 8 mil; inscri\u00e7\u00f5es come\u00e7am em 12 de mar\u00e7o"},"content":{"rendered":"<p>Se voc\u00ea sonha em ingressar na carreira p\u00fablica ainda em 2025, marque a data de <strong>12 de mar\u00e7o<\/strong> no calend\u00e1rio. Nesse dia come\u00e7a o per\u00edodo de inscri\u00e7\u00f5es para o <strong>novo concurso p\u00fablico<\/strong> cuja remunera\u00e7\u00e3o inicial ultrapassa os <strong>R$ 8 mil<\/strong>. O edital foi publicado nesta quinta-feira (12\/03) e contempla vagas para n\u00edveis m\u00e9dio, t\u00e9cnico e superior. A seguir, detalhamos as principais informa\u00e7\u00f5es, orientamos sobre o processo de inscri\u00e7\u00e3o e trazemos dicas valiosas para quem deseja garantir uma das oportunidades.<\/p>\n<h2>O que diz o edital rec\u00e9m-publicado<\/h2>\n<p>O documento oficial, disponibilizado no Di\u00e1rio Oficial e no site da banca organizadora, estabelece <em>28 dias<\/em> para inscri\u00e7\u00e3o (12\/03 a 11\/04), taxa diferenciada por escolaridade e reserva de vagas para candidatos com defici\u00eancia e pessoas negras. Segundo a presidente da comiss\u00e3o, Maria Silva, <\/p>\n<blockquote><p>\u201co objetivo \u00e9 refor\u00e7ar os quadros de servidores ainda no segundo semestre, garantindo continuidade nos servi\u00e7os p\u00fablicos\u201d.<\/p><\/blockquote>\n<ul>\n<li>Per\u00edodo de inscri\u00e7\u00f5es: 12 de mar\u00e7o a 11 de abril<\/li>\n<li>Solicita\u00e7\u00e3o de isen\u00e7\u00e3o: 12 a 15 de mar\u00e7o<\/li>\n<li>Data prevista da prova objetiva: 26 de maio<\/li>\n<li>Publica\u00e7\u00e3o dos gabaritos preliminares: 27 de maio<\/li>\n<li>Resultado final: julho de 2025<\/li>\n<\/ul>\n<p>O edital tamb\u00e9m define que as avalia\u00e7\u00f5es ser\u00e3o realizadas em <strong>quatro capitais<\/strong> (Bras\u00edlia, S\u00e3o Paulo, Salvador e Porto Alegre), facilitando o acesso de candidatos de diferentes regi\u00f5es.<\/p>\n<h2>Cargos, n\u00famero de vagas e sal\u00e1rios<\/h2>\n<p>Ao todo, s\u00e3o <strong>215 vagas imediatas<\/strong>, al\u00e9m de cadastro reserva para suprir futuras aposentadorias. Os cargos est\u00e3o distribu\u00eddos conforme a seguir:<\/p>\n<ul>\n<li>Analista Administrativo (n\u00edvel superior) \u2013 60 vagas \u2013 sal\u00e1rio inicial de R$ 8.350<\/li>\n<li>T\u00e9cnico em Tecnologia da Informa\u00e7\u00e3o (n\u00edvel t\u00e9cnico) \u2013 45 vagas \u2013 sal\u00e1rio inicial de R$ 6.120<\/li>\n<li>Assistente Administrativo (n\u00edvel m\u00e9dio) \u2013 110 vagas \u2013 sal\u00e1rio inicial de R$ 4.580<\/li>\n<\/ul>\n<p>Os vencimentos apresentados j\u00e1 incluem gratifica\u00e7\u00f5es e podem chegar a <strong>R$ 9.500<\/strong> ap\u00f3s o per\u00edodo probat\u00f3rio, gra\u00e7as aos acr\u00e9scimos de progress\u00e3o por m\u00e9rito. H\u00e1, ainda, benef\u00edcios como aux\u00edlio-alimenta\u00e7\u00e3o (R$ 1.212), aux\u00edlio-sa\u00fade e plano de carreira estruturado.<\/p>\n<h2>Como fazer a inscri\u00e7\u00e3o passo a passo<\/h2>\n<p>O procedimento \u00e9 totalmente on-line e leva menos de dez minutos. Veja:<\/p>\n<ol>\n<li>Acesse o site da banca entre 10h do dia 12\/03 e 18h do dia 11\/04.<\/li>\n<li>Crie um cadastro, informando CPF, e-mail e n\u00famero de telefone.<\/li>\n<li>Escolha o cargo pretendido, confirme a cidade de prova e anexe a documenta\u00e7\u00e3o exigida.<\/li>\n<li>Gere o boleto: R$ 95 (n\u00edvel m\u00e9dio), R$ 110 (n\u00edvel t\u00e9cnico) ou R$ 140 (n\u00edvel superior).<\/li>\n<li>Efetue o pagamento at\u00e9 12\/04. A inscri\u00e7\u00e3o s\u00f3 \u00e9 confirmada ap\u00f3s a compensa\u00e7\u00e3o banc\u00e1ria.<\/li>\n<\/ol>\n<p>Candidatos inscritos no <em>Cad\u00danico<\/em> ou doadores de medula \u00f3ssea podem solicitar isen\u00e7\u00e3o dentro do prazo estabelecido. \u00c9 imprescind\u00edvel salvar o comprovante de inscri\u00e7\u00e3o para eventuais recursos.<\/p>\n<h2>Etapas de avalia\u00e7\u00e3o e conte\u00fados cobrados<\/h2>\n<p>O <strong>concurso p\u00fablico<\/strong> ser\u00e1 composto por at\u00e9 tr\u00eas fases, variando de acordo com o cargo:<\/p>\n<div style=\"text-align: center;margin: 20px 0\" class=\"rss-featured-image-reused\">\n<img decoding=\"async\" src=\"https:\/\/99empregos.com.br\/blog\/wp-content\/uploads\/2026\/03\/99empregos-1773267520.webp\" alt=\"Novo concurso p\u00fablico oferece sal\u00e1rios acima de R$ 8 mil; inscri\u00e7\u00f5es come\u00e7am em 12 de mar\u00e7o - Imagem do artigo\" style=\"max-width: 100%;height: auto;border-radius: 8px\"><\/p>\n<p style=\"font-size: 12px;color: #666;margin-top: 8px;font-style: italic\">Imagem: Not\u00edcias Ccursos<\/p>\n<\/div>\n<ul>\n<li><strong>Prova objetiva<\/strong> (eliminat\u00f3ria e classificat\u00f3ria) \u2013 60 quest\u00f5es de m\u00faltipla escolha<\/li>\n<li><strong>Prova discursiva<\/strong> (apenas para n\u00edvel superior) \u2013 reda\u00e7\u00e3o de 30 linhas<\/li>\n<li><strong>Avalia\u00e7\u00e3o de t\u00edtulos<\/strong> (classificat\u00f3ria) \u2013 entrega de certificados acad\u00eamicos<\/li>\n<\/ul>\n<p>O conte\u00fado program\u00e1tico inclui:<\/p>\n<ul>\n<li>L\u00edngua Portuguesa e Reda\u00e7\u00e3o Oficial<\/li>\n<li>No\u00e7\u00f5es de Direito Constitucional e Administrativo<\/li>\n<li>Racioc\u00ednio L\u00f3gico-Matem\u00e1tico<\/li>\n<li>Inform\u00e1tica B\u00e1sica e Seguran\u00e7a Digital<\/li>\n<li>Conhecimentos Espec\u00edficos de cada cargo<\/li>\n<\/ul>\n<p>A nota m\u00ednima para n\u00e3o ser eliminado \u00e9 de 50% em cada bloco, al\u00e9m de classifica\u00e7\u00e3o dentro das vagas. Recursos contra quest\u00f5es ou gabaritos poder\u00e3o ser interpostos em at\u00e9 <em>48 horas<\/em> ap\u00f3s a divulga\u00e7\u00e3o preliminar.<\/p>\n<h2>Estrat\u00e9gias de estudo para conquistar a vaga<\/h2>\n<p>Com pouco mais de dois meses at\u00e9 a prova, construir um plano realista \u00e9 decisivo. Especialistas recomendam:<\/p>\n<ul>\n<li>Dividir a rotina em ciclos de 2h, intercalando teoria e resolu\u00e7\u00e3o de exerc\u00edcios.<\/li>\n<li>Priorizar os assuntos de maior peso, como L\u00edngua Portuguesa, que vale 25% da prova.<\/li>\n<li>Usar provas anteriores da banca para treinar tempo e identificar padr\u00f5es de cobran\u00e7a.<\/li>\n<li>Fazer simulados quinzenais, corrigindo erros imediatamente.<\/li>\n<li>Aplicar t\u00e9cnicas de revis\u00e3o espa\u00e7ada (24 h, 7 dias, 30 dias).<\/li>\n<\/ul>\n<p>Al\u00e9m disso, manter alimenta\u00e7\u00e3o equilibrada e descanso adequado impacta diretamente no desempenho cognitivo. Cursos on-line, apostilas atualizadas e grupos de estudo podem ajudar a acelerar a curva de aprendizado.<\/p>\n<p>Em s\u00edntese, o edital oferece uma oportunidade promissora para quem busca estabilidade, progress\u00e3o profissional e sal\u00e1rios acima da m\u00e9dia nacional. Agora que voc\u00ea conhece todas as regras, organize-se, inicie os estudos e garanta sua inscri\u00e7\u00e3o a partir de 12 de mar\u00e7o. Boa sorte!<\/p>\n","protected":false},"excerpt":{"rendered":"<p>Se voc\u00ea sonha em ingressar na carreira p\u00fablica ainda em 2025, marque a data de 12 de mar\u00e7o no calend\u00e1rio. Nesse dia come\u00e7a o per\u00edodo de inscri\u00e7\u00f5es para o novo concurso p\u00fablico cuja remunera\u00e7\u00e3o inicial ultrapassa os R$ 8 mil. O edital foi publicado nesta quinta-feira (12\/03) e contempla vagas para n\u00edveis m\u00e9dio, t\u00e9cnico e [&hellip;]<\/p>\n","protected":false},"author":44,"featured_media":67510,"comment_status":"open","ping_status":"","sticky":false,"template":"","format":"standard","meta":{"footnotes":""},"categories":[5955],"tags":[],"class_list":["post-67509","post","type-post","status-publish","format-standard","has-post-thumbnail","hentry","category-emprego"],"_links":{"self":[{"href":"https:\/\/99empregos.com.br\/blog\/wp-json\/wp\/v2\/posts\/67509","targetHints":{"allow":["GET"]}}],"collection":[{"href":"https:\/\/99empregos.com.br\/blog\/wp-json\/wp\/v2\/posts"}],"about":[{"href":"https:\/\/99empregos.com.br\/blog\/wp-json\/wp\/v2\/types\/post"}],"author":[{"embeddable":true,"href":"https:\/\/99empregos.com.br\/blog\/wp-json\/wp\/v2\/users\/44"}],"replies":[{"embeddable":true,"href":"https:\/\/99empregos.com.br\/blog\/wp-json\/wp\/v2\/comments?post=67509"}],"version-history":[{"count":1,"href":"https:\/\/99empregos.com.br\/blog\/wp-json\/wp\/v2\/posts\/67509\/revisions"}],"predecessor-version":[{"id":67511,"href":"https:\/\/99empregos.com.br\/blog\/wp-json\/wp\/v2\/posts\/67509\/revisions\/67511"}],"wp:featuredmedia":[{"embeddable":true,"href":"https:\/\/99empregos.com.br\/blog\/wp-json\/wp\/v2\/media\/67510"}],"wp:attachment":[{"href":"https:\/\/99empregos.com.br\/blog\/wp-json\/wp\/v2\/media?parent=67509"}],"wp:term":[{"taxonomy":"category","embeddable":true,"href":"https:\/\/99empregos.com.br\/blog\/wp-json\/wp\/v2\/categories?post=67509"},{"taxonomy":"post_tag","embeddable":true,"href":"https:\/\/99empregos.com.br\/blog\/wp-json\/wp\/v2\/tags?post=67509"}],"curies":[{"name":"wp","href":"https:\/\/api.w.org\/{rel}","templated":true}]}}