{"id":67617,"date":"2026-04-26T21:32:55","date_gmt":"2026-04-27T00:32:55","guid":{"rendered":"https:\/\/99empregos.com.br\/blog\/semana-dia-do-trabalhador-24-mil-vagas-de-emprego\/"},"modified":"2026-04-26T21:33:00","modified_gmt":"2026-04-27T00:33:00","slug":"semana-dia-do-trabalhador-24-mil-vagas-de-emprego","status":"publish","type":"post","link":"https:\/\/99empregos.com.br\/blog\/semana-dia-do-trabalhador-24-mil-vagas-de-emprego\/","title":{"rendered":"Semana do Dia do Trabalhador traz 2,4 mil vagas de emprego em todo o pa\u00eds"},"content":{"rendered":"<p>Faltando poucos dias para o <strong>Dia do Trabalhador<\/strong>, empresas de todo o Brasil correm para preencher <strong>2,4 mil vagas de emprego<\/strong> que expiram at\u00e9 30 de abril. S\u00e3o chances em com\u00e9rcio, ind\u00fastria, servi\u00e7os, tecnologia e agroneg\u00f3cio, com sal\u00e1rios que variam de um a seis m\u00ednimos, al\u00e9m de pacotes de benef\u00edcios competitivos. Se voc\u00ea est\u00e1 em busca de recoloca\u00e7\u00e3o ou do primeiro emprego, essa pode ser a melhor semana do ano para atualizar o curr\u00edculo e se inscrever nos processos seletivos.<\/p>\n<h2>Onde est\u00e3o as vagas e quem pode participar<\/h2>\n<p>Segundo levantamento do Minist\u00e9rio do Trabalho e Emprego (MTE), as <strong>vagas de emprego<\/strong> est\u00e3o distribu\u00eddas nas cinco regi\u00f5es do pa\u00eds, com destaque para:<\/p>\n<ul>\n<li><em>Sudeste:<\/em> 920 oportunidades concentradas em S\u00e3o Paulo, Rio de Janeiro e Minas Gerais;<\/li>\n<li><em>Nordeste:<\/em> 540 posi\u00e7\u00f5es em Salvador, Fortaleza e Recife, principalmente em hotelaria e turismo;<\/li>\n<li><em>Sul:<\/em> 420 postos em Curitiba, Porto Alegre e Florian\u00f3polis, nas \u00e1reas de TI e log\u00edstica;<\/li>\n<li><em>Centro-Oeste:<\/em> 300 vagas, principalmente em Bras\u00edlia e Goi\u00e2nia, no setor administrativo;<\/li>\n<li><em>Norte:<\/em> 220 chances em Manaus, Bel\u00e9m e Porto Velho, com \u00eanfase em ind\u00fastrias eletroeletr\u00f4nicas.<\/li>\n<\/ul>\n<p>Pessoas com ou sem experi\u00eancia podem concorrer. Cerca de 15% das oportunidades s\u00e3o destinadas a <em>jovens aprendizes<\/em> e 8% para trabalhadores com defici\u00eancia (PcD), respeitando a Lei de Cotas. A escolaridade exigida vai de ensino fundamental incompleto a n\u00edvel superior completo.<\/p>\n<h2>Principais setores e faixas salariais<\/h2>\n<p>As empresas informaram ao Sine que desejam finalizar as contrata\u00e7\u00f5es antes do feriado de 1\u00ba de Maio para iniciar os treinamentos em maio. Veja os setores com mais <strong>vagas de emprego<\/strong> abertas:<\/p>\n<ul>\n<li><strong>Com\u00e9rcio varejista:<\/strong> 580 vagas para atendente, estoquista e operador de caixa (sal\u00e1rios de R$1.580 a R$2.400);<\/li>\n<li><strong>Ind\u00fastria de alimentos:<\/strong> 430 posi\u00e7\u00f5es para auxiliar de produ\u00e7\u00e3o, t\u00e9cnico em qualidade e operador de m\u00e1quinas (R$1.850 a R$3.200);<\/li>\n<li><strong>Tecnologia da Informa\u00e7\u00e3o:<\/strong> 370 oportunidades para desenvolvedor j\u00fanior, analista de dados e suporte (R$3.000 a R$6.000);<\/li>\n<li><strong>Servi\u00e7os de sa\u00fade:<\/strong> 310 vagas para t\u00e9cnico de enfermagem, recepcionista hospitalar e fisioterapeuta (R$2.000 a R$4.800);<\/li>\n<li><strong>Log\u00edstica e transporte:<\/strong> 260 postos para motorista, conferente e analista de roteiriza\u00e7\u00e3o (R$1.950 a R$3.700).<\/li>\n<\/ul>\n<p>Al\u00e9m da remunera\u00e7\u00e3o fixa, 78% das empresas oferecem vale-alimenta\u00e7\u00e3o, aux\u00edlio-transporte e plano de sa\u00fade. Algumas companhias de TI acrescentam b\u00f4nus semestrais atrelados a desempenho.<\/p>\n<h2>Como se inscrever nos processos seletivos<\/h2>\n<p>Para disputar uma das <strong>vagas de emprego<\/strong> \u00e9 preciso, antes de tudo, cadastrar ou atualizar o curr\u00edculo nos canais oficiais. Veja o passo a passo recomendado pelos especialistas do Sine:<\/p>\n<blockquote><p>\u201cCurr\u00edculos com informa\u00e7\u00f5es objetivas, palavras-chave do cargo e resultados quantificados aumentam em at\u00e9 45% a chance de chamada para entrevista\u201d, afirma Juliana Reis, analista de RH do MTE.<\/p><\/blockquote>\n<ul>\n<li>Acesse o portal <em>Emprega Brasil<\/em> ou o aplicativo <em>Sine F\u00e1cil<\/em> e complete todos os campos do curr\u00edculo;<\/li>\n<li>Busque pela vaga usando cidade, cargo ou CBO e clique em <em>\u201cCandidatar-se\u201d<\/em>;<\/li>\n<li>Fique atento ao e-mail e ao telefone cadastrados; muitas empresas fazem a primeira triagem por v\u00eddeo;<\/li>\n<li>Se preferir atendimento presencial, dirija-se a uma ag\u00eancia do Sine ou a um <em>Centro P\u00fablico de Emprego<\/em> com CPF, RG e comprovante de resid\u00eancia;<\/li>\n<li>Guarde o n\u00famero do protocolo de inscri\u00e7\u00e3o; ele ser\u00e1 solicitado em etapas posteriores.<\/li>\n<\/ul>\n<p>Alguns empregadores, especialmente na \u00e1rea de TI, utilizam plataformas pr\u00f3prias, como Gupy e Kenoby. Nessas situa\u00e7\u00f5es, o candidato encontra o link direto dentro da descri\u00e7\u00e3o da vaga no Sine.<\/p>\n<h2>Dicas para se destacar nas entrevistas<\/h2>\n<p>Com 2,4 mil <strong>vagas de emprego<\/strong> em disputa, o mercado est\u00e1 aquecido, mas a concorr\u00eancia tamb\u00e9m. A consultora de carreira Camila Fonseca sugere a\u00e7\u00f5es pr\u00e1ticas para garantir boa impress\u00e3o:<\/p>\n<div style=\"text-align: center;margin: 20px 0\" class=\"rss-featured-image-reused\">\n<img decoding=\"async\" src=\"https:\/\/99empregos.com.br\/blog\/wp-content\/uploads\/2026\/04\/99empregos-1777249976.webp\" alt=\"Semana do Dia do Trabalhador traz 2,4 mil vagas de emprego em todo o pa\u00eds - Imagem do artigo\" style=\"max-width: 100%;height: auto;border-radius: 8px\"><\/p>\n<p style=\"font-size: 12px;color: #666;margin-top: 8px;font-style: italic\">Imagem: Not\u00edcias Ccursos<\/p>\n<\/div>\n<ul>\n<li>Revisar experi\u00eancias anteriores e preparar exemplos concretos de resultados alcan\u00e7ados;<\/li>\n<li>Estudar sobre a cultura da empresa e alinh\u00e1-la aos seus valores;<\/li>\n<li>Treinar respostas para perguntas comportamentais usando a t\u00e9cnica STAR (Situa\u00e7\u00e3o, Tarefa, A\u00e7\u00e3o, Resultado);<\/li>\n<li>Mant\u00ea-lo perfil no LinkedIn atualizado com foto profissional, skills e recomenda\u00e7\u00f5es;<\/li>\n<li>Chegar com 10 minutos de anteced\u00eancia \u00e0 entrevista presencial ou testar \u00e1udio e c\u00e2mera para a online.<\/li>\n<\/ul>\n<p>Segundo Camila, \u201ca combina\u00e7\u00e3o de preparo t\u00e9cnico e atitude colaborativa pesa mais que a experi\u00eancia isolada\u201d. Por isso, mesmo iniciantes t\u00eam grandes chances de contrata\u00e7\u00e3o.<\/p>\n<h2>Calend\u00e1rio e prazos finais<\/h2>\n<p>O cronograma abaixo resume as datas-chave para quem quer aproveitar as <strong>vagas de emprego<\/strong> da Semana do Dia do Trabalhador:<\/p>\n<ul>\n<li>26 a 28\/04 \u2013 Inscri\u00e7\u00f5es abertas nos canais Sine, feiras de emprego regionais e plataformas parceiras;<\/li>\n<li>29\/04 \u2013 Encerramento de inscri\u00e7\u00f5es online \u00e0s 23h59;<\/li>\n<li>30\/04 \u2013 Entrevistas coletivas presenciais e din\u00e2micas de grupo;<\/li>\n<li>01\/05 \u2013 An\u00fancio dos selecionados preliminares por e-mail;<\/li>\n<li>06\/05 \u2013 In\u00edcio dos treinamentos para contratados.<\/li>\n<\/ul>\n<p>Atrasos praticamente eliminam o candidato, j\u00e1 que a maior parte das empresas precisa iniciar os programas de integra\u00e7\u00e3o no come\u00e7o de maio para cumprir metas do segundo trimestre.<\/p>\n<h2>Por que as empresas correm para contratar antes de 1\u00ba de Maio<\/h2>\n<p>O feriado de 1\u00ba de Maio marca, simbolicamente, o novo ciclo trabalhista. Para o mercado, \u00e9 a \u00faltima chance de ajustar quadros antes da alta de consumo do Dia das M\u00e3es e do pagamento da primeira parcela do 13\u00ba sal\u00e1rio corporativo. Al\u00e9m disso, a Medida Provis\u00f3ria 1.228\/25, em vigor, concede incentivos fiscais a firmas que admitirem funcion\u00e1rios formais at\u00e9 essa data, o que explica o recorde de <strong>vagas de emprego<\/strong> abertas neste per\u00edodo.<\/p>\n<p>Para o trabalhador, a janela representa a oportunidade de ingressar com carteira assinada, garantindo FGTS, f\u00e9rias e todos os direitos j\u00e1 a partir do m\u00eas de maio. Quem perder o prazo pode ter de esperar julho, quando tradicionalmente surge novo pico de contrata\u00e7\u00f5es tempor\u00e1rias.<\/p>\n<p>No fim das contas, se o seu objetivo \u00e9 come\u00e7ar maio empregado, atualize seu curr\u00edculo agora mesmo e garanta lugar na sele\u00e7\u00e3o. As <strong>vagas de emprego<\/strong> est\u00e3o a\u00ed; basta um clique para mudar seu destino profissional.<\/p>\n","protected":false},"excerpt":{"rendered":"<p>Faltando poucos dias para o Dia do Trabalhador, empresas de todo o Brasil correm para preencher 2,4 mil vagas de emprego que expiram at\u00e9 30 de abril. S\u00e3o chances em com\u00e9rcio, ind\u00fastria, servi\u00e7os, tecnologia e agroneg\u00f3cio, com sal\u00e1rios que variam de um a seis m\u00ednimos, al\u00e9m de pacotes de benef\u00edcios competitivos. Se voc\u00ea est\u00e1 em [&hellip;]<\/p>\n","protected":false},"author":44,"featured_media":67618,"comment_status":"open","ping_status":"","sticky":false,"template":"","format":"standard","meta":{"footnotes":""},"categories":[5955],"tags":[],"class_list":["post-67617","post","type-post","status-publish","format-standard","has-post-thumbnail","hentry","category-emprego"],"_links":{"self":[{"href":"https:\/\/99empregos.com.br\/blog\/wp-json\/wp\/v2\/posts\/67617","targetHints":{"allow":["GET"]}}],"collection":[{"href":"https:\/\/99empregos.com.br\/blog\/wp-json\/wp\/v2\/posts"}],"about":[{"href":"https:\/\/99empregos.com.br\/blog\/wp-json\/wp\/v2\/types\/post"}],"author":[{"embeddable":true,"href":"https:\/\/99empregos.com.br\/blog\/wp-json\/wp\/v2\/users\/44"}],"replies":[{"embeddable":true,"href":"https:\/\/99empregos.com.br\/blog\/wp-json\/wp\/v2\/comments?post=67617"}],"version-history":[{"count":1,"href":"https:\/\/99empregos.com.br\/blog\/wp-json\/wp\/v2\/posts\/67617\/revisions"}],"predecessor-version":[{"id":67619,"href":"https:\/\/99empregos.com.br\/blog\/wp-json\/wp\/v2\/posts\/67617\/revisions\/67619"}],"wp:featuredmedia":[{"embeddable":true,"href":"https:\/\/99empregos.com.br\/blog\/wp-json\/wp\/v2\/media\/67618"}],"wp:attachment":[{"href":"https:\/\/99empregos.com.br\/blog\/wp-json\/wp\/v2\/media?parent=67617"}],"wp:term":[{"taxonomy":"category","embeddable":true,"href":"https:\/\/99empregos.com.br\/blog\/wp-json\/wp\/v2\/categories?post=67617"},{"taxonomy":"post_tag","embeddable":true,"href":"https:\/\/99empregos.com.br\/blog\/wp-json\/wp\/v2\/tags?post=67617"}],"curies":[{"name":"wp","href":"https:\/\/api.w.org\/{rel}","templated":true}]}}