{"id":6927,"date":"2022-11-23T07:10:24","date_gmt":"2022-11-23T10:10:24","guid":{"rendered":"https:\/\/123empregos.com.br\/?p=6927"},"modified":"2022-11-23T07:10:24","modified_gmt":"2022-11-23T10:10:24","slug":"marca-de-calcados-abre-novas-vagas-no-brasil","status":"publish","type":"post","link":"https:\/\/99empregos.com.br\/blog\/marca-de-calcados-abre-novas-vagas-no-brasil\/","title":{"rendered":"Marca de cal\u00e7ados abre novas vagas no Brasil"},"content":{"rendered":"<p>A Di Santinni, loja e marca de cal\u00e7ados, est\u00e1 com <a href=\"https:\/\/99empregos.com.br\/vaga\/empresa-do-setor-de-manutencao-reparo-e-operacao-abre-vagas-em-cinco-cidades\/\">vagas de emprego abertas<\/a> em algumas cidades brasileiras. Com mais de 40 anos de mercado, a companhia segue expandindo os seus neg\u00f3cios pelo pa\u00eds e, agora, busca os seguintes profissionais para integrarem as suas equipes:<\/p>\n<ul>\n<li><span style=\"font-weight: 400\">Auxiliar De Opera\u00e7\u00f5es &#8211; Rio de Janeiro &#8211; RJ;\u00a0<\/span><\/li>\n<li><span style=\"font-weight: 400\">Auxiliar De Visual Merchandising &#8211; Rio de Janeiro &#8211; RJ;\u00a0<\/span><\/li>\n<li><span style=\"font-weight: 400\">T\u00e9cnico Em Inform\u00e1tica &#8211; Rio de Janeiro &#8211; RJ;\u00a0<\/span><\/li>\n<li><span style=\"font-weight: 400\">L\u00edder De Loja &#8211; Macei\u00f3 &#8211; AL;\u00a0<\/span><\/li>\n<li><span style=\"font-weight: 400\">Auxiliar Administrativo &#8211; (Foco Em Compras) &#8211; Rio de Janeiro &#8211; RJ;\u00a0<\/span><\/li>\n<li><span style=\"font-weight: 400\">Gerente De Loja &#8211; Po\u00e7os de Caldas &#8211; MG;\u00a0<\/span><\/li>\n<li><span style=\"font-weight: 400\">Fiscal De Loja &#8211; Tempor\u00e1rio &#8211; Macei\u00f3 &#8211; AL;\u00a0<\/span><\/li>\n<li><span style=\"font-weight: 400\">Fiscal De Loja &#8211; Tempor\u00e1rio &#8211; Palmares &#8211; PE;\u00a0<\/span><\/li>\n<li><span style=\"font-weight: 400\">L\u00edder De Loja &#8211; Recife &#8211; PE;<\/span><\/li>\n<li><span style=\"font-weight: 400\">Jovem Aprendiz &#8211; VENDAS &#8211; Macei\u00f3 &#8211; AL;<\/span><\/li>\n<li><span style=\"font-weight: 400\">Estoquista &#8211; Centro De Distribui\u00e7\u00e3o &#8211; Queimados &#8211; RJ;\u00a0<\/span><\/li>\n<li><span style=\"font-weight: 400\">Atendente De Loja &#8211; Caruaru &#8211; PE;<\/span><\/li>\n<li><span style=\"font-weight: 400\">Atendente De Loja\u00a0 &#8211; Macei\u00f3 &#8211; AL;\u00a0<\/span><\/li>\n<li><span style=\"font-weight: 400\">Atendente De Loja TEMPOR\u00c1RIO &#8211; Recife &#8211; PE;\u00a0<\/span><\/li>\n<li><span style=\"font-weight: 400\">Atendente De Loja &#8211; Tempor\u00e1rio &#8211; Macei\u00f3 &#8211; AL;<\/span><\/li>\n<li><span style=\"font-weight: 400\">Atendente De Loja TEMPOR\u00c1RIO &#8211; Diversos Bairros &#8211; Rio de Janeiro &#8211; RJ;\u00a0<\/span><\/li>\n<li><span style=\"font-weight: 400\">PCD Atendente De Loja\u00a0 &#8211; Recife &#8211; PE.<\/span><\/li>\n<\/ul>\n<figure id=\"attachment_6929\" aria-describedby=\"caption-attachment-6929\" style=\"width: 1200px\" class=\"wp-caption aligncenter\"><img decoding=\"async\" class=\"size-full wp-image-6929\" src=\"https:\/\/99empregos.com.br\/wp-content\/uploads\/2022\/11\/di-santinni-novas-oportunidades.jpg\" alt=\"Di Santinni abre novas vagas de emprego pelo pa\u00eds. Foto: Divulga\u00e7\u00e3o\" width=\"1200\" height=\"750\" srcset=\"https:\/\/99empregos.com.br\/blog\/wp-content\/uploads\/2022\/11\/di-santinni-novas-oportunidades.jpg 1200w, https:\/\/99empregos.com.br\/blog\/wp-content\/uploads\/2022\/11\/di-santinni-novas-oportunidades-300x188.jpg 300w, https:\/\/99empregos.com.br\/blog\/wp-content\/uploads\/2022\/11\/di-santinni-novas-oportunidades-1024x640.jpg 1024w, https:\/\/99empregos.com.br\/blog\/wp-content\/uploads\/2022\/11\/di-santinni-novas-oportunidades-768x480.jpg 768w\" sizes=\"(max-width: 1200px) 100vw, 1200px\" \/><figcaption id=\"caption-attachment-6929\" class=\"wp-caption-text\">Di Santinni abre novas vagas de emprego pelo pa\u00eds. Foto: Divulga\u00e7\u00e3o<\/figcaption><\/figure>\n<h3>Mais sobre a Di Santinni<\/h3>\n<p>A Di Santinni surgiu com uma pequena f\u00e1brica de cal\u00e7ados em 1980. Motivados pela paix\u00e3o em trazer para o mercado uma marca com modelos exclusivos e pre\u00e7os justos, buscamos novos horizontes e partimos de vez para o varejo com nossa primeira loja no Rio de Janeiro, no Norte Shopping em 1986. Desde ent\u00e3o confirmamos nossa voca\u00e7\u00e3o comercial com qualidade e competitividade e o simples gesto de fazer parte do seu dia a dia.<\/p>\n<p>Para tornar sua experi\u00eancia a melhor poss\u00edvel estamos unidos em um grupo com mais de 4.500 colaboradores, mais de 35 mil m2 de \u00e1reas e 4,3 milh\u00f5es de clientes transitando pelas lojas da rede no m\u00eas, nossos resultados e dedica\u00e7\u00f5es nos inspiram sempre para representar uma grande e forte empresa no segmento de cal\u00e7ados.<\/p>\n<p>A empresa quer se tornar favorita para quem pensa em qualquer tipo de cal\u00e7ado, conectando-se cada vez mais com pessoas, lugares e estilos.Eles trabalham para oferecer a excel\u00eancia na qualidade, variedade e o atendimento para uma compra prazerosa, com o melhor pre\u00e7o e facilidade no pagamento com o cart\u00e3o Di Santinni.<\/p>\n<h3>Como se candidatar \u00e0s vagas de emprego abertas<\/h3>\n<p>Se voc\u00ea encontrou uma oportunidade de emprego que se encaixa com seu perfil profissional, <a href=\"https:\/\/99empregos.com.br\/vaga\/di-santinni-abre-novas-vagas-de-emprego-pelo-pais\/\">basta clicar neste link<\/a> para se candidatar. Antes disso, no entanto, revise todos os pr\u00e9-requisitos da vaga escolhida em quest\u00e3o. Boa sorte!<\/p>\n","protected":false},"excerpt":{"rendered":"<p>A Di Santinni, loja e marca de cal\u00e7ados, est\u00e1 com vagas de emprego abertas em algumas cidades brasileiras. Com mais de 40 anos de mercado, a companhia segue expandindo os seus neg\u00f3cios pelo pa\u00eds e, agora, busca os seguintes profissionais para integrarem as suas equipes: Auxiliar De Opera\u00e7\u00f5es &#8211; Rio de Janeiro &#8211; RJ;\u00a0 Auxiliar [&hellip;]<\/p>\n","protected":false},"author":8,"featured_media":6930,"comment_status":"open","ping_status":"closed","sticky":false,"template":"","format":"standard","meta":{"footnotes":""},"categories":[7],"tags":[634,742,16],"class_list":["post-6927","post","type-post","status-publish","format-standard","has-post-thumbnail","hentry","category-noticias","tag-oportunidade-unica","tag-vagas-2022","tag-vagas-de-emprego"],"_links":{"self":[{"href":"https:\/\/99empregos.com.br\/blog\/wp-json\/wp\/v2\/posts\/6927","targetHints":{"allow":["GET"]}}],"collection":[{"href":"https:\/\/99empregos.com.br\/blog\/wp-json\/wp\/v2\/posts"}],"about":[{"href":"https:\/\/99empregos.com.br\/blog\/wp-json\/wp\/v2\/types\/post"}],"author":[{"embeddable":true,"href":"https:\/\/99empregos.com.br\/blog\/wp-json\/wp\/v2\/users\/8"}],"replies":[{"embeddable":true,"href":"https:\/\/99empregos.com.br\/blog\/wp-json\/wp\/v2\/comments?post=6927"}],"version-history":[{"count":0,"href":"https:\/\/99empregos.com.br\/blog\/wp-json\/wp\/v2\/posts\/6927\/revisions"}],"wp:featuredmedia":[{"embeddable":true,"href":"https:\/\/99empregos.com.br\/blog\/wp-json\/wp\/v2\/media\/6930"}],"wp:attachment":[{"href":"https:\/\/99empregos.com.br\/blog\/wp-json\/wp\/v2\/media?parent=6927"}],"wp:term":[{"taxonomy":"category","embeddable":true,"href":"https:\/\/99empregos.com.br\/blog\/wp-json\/wp\/v2\/categories?post=6927"},{"taxonomy":"post_tag","embeddable":true,"href":"https:\/\/99empregos.com.br\/blog\/wp-json\/wp\/v2\/tags?post=6927"}],"curies":[{"name":"wp","href":"https:\/\/api.w.org\/{rel}","templated":true}]}}