{"id":6958,"date":"2022-11-23T07:41:08","date_gmt":"2022-11-23T10:41:08","guid":{"rendered":"https:\/\/123empregos.com.br\/?p=6958"},"modified":"2022-11-23T07:41:08","modified_gmt":"2022-11-23T10:41:08","slug":"empresa-de-pecas-automotivas-abre-vagas-de-emprego","status":"publish","type":"post","link":"https:\/\/99empregos.com.br\/blog\/empresa-de-pecas-automotivas-abre-vagas-de-emprego\/","title":{"rendered":"Empresa de pe\u00e7as automotivas abre vagas de emprego"},"content":{"rendered":"<p>A Mercadocar, empresa l\u00edder no ramo de pe\u00e7as e acess\u00f3rios automotivos, est\u00e1 com novas <a href=\"https:\/\/99empregos.com.br\/vaga\/di-santinni-abre-novas-vagas-de-emprego-pelo-pais\/\">vagas de emprego<\/a> abertas pelo Brasil. Com oito lojas e uma central de atendimento no pa\u00eds, a companhia segue expandindo os seus investimentos e busca, agora, profissionais para os seguintes cargos:<\/p>\n<ul>\n<li><span style=\"font-weight: 400\">Operador De Caixa &#8211; Santo Amaro &#8211; S\u00e3o Paulo &#8211; SP;\u00a0<\/span><\/li>\n<li><span style=\"font-weight: 400\">Auxiliar De Limpeza &#8211; Aricanduva &#8211; S\u00e3o Paulo &#8211; SP;\u00a0<\/span><\/li>\n<li><span style=\"font-weight: 400\">Borracheiro &#8211; Santo Amaro\u00a0 &#8211; S\u00e3o Paulo &#8211; SP;\u00a0<\/span><\/li>\n<li><span style=\"font-weight: 400\">Trocador De \u00d3leo &#8211; Aricanduva &#8211; S\u00e3o Paulo &#8211; SP;\u00a0<\/span><\/li>\n<li><span style=\"font-weight: 400\">Estoquista &#8211; Aricanduva &#8211; S\u00e3o Paulo &#8211; SP;\u00a0<\/span><\/li>\n<li><span style=\"font-weight: 400\">Garagista &#8211; Santo Amaro &#8211; S\u00e3o Paulo &#8211; SP;\u00a0<\/span><\/li>\n<li><span style=\"font-weight: 400\">Trocador De \u00d3leo &#8211; Santo Amaro &#8211; S\u00e3o Paulo &#8211; SP;\u00a0<\/span><\/li>\n<li><span style=\"font-weight: 400\">Estoquista &#8211; Santo Amaro &#8211; S\u00e3o Paulo &#8211; SP;<\/span><\/li>\n<li><span style=\"font-weight: 400\">Recepcionista De Loja -Santo Amaro &#8211; S\u00e3o Paulo &#8211; SP;\u00a0<\/span><\/li>\n<li><span style=\"font-weight: 400\">Instalador De Acess\u00f3rios Automotivos &#8211; Santo Amaro &#8211; S\u00e3o Paulo &#8211; SP;\u00a0<\/span><\/li>\n<li><span style=\"font-weight: 400\">Vendedor De Pe\u00e7as Mec\u00e2nica &#8211; Santo Amaro &#8211; S\u00e3o Paulo &#8211; SP;\u00a0\u00a0<\/span><\/li>\n<li><span style=\"font-weight: 400\">Estoquista &#8211; Barra Funda &#8211; S\u00e3o Paulo &#8211; SP;<\/span><\/li>\n<li><span style=\"font-weight: 400\">Estoquista &#8211; Guarulhos &#8211; Guarulhos &#8211; SP;<\/span><\/li>\n<li><span style=\"font-weight: 400\">Recepcionista &#8211; Barra Funda &#8211; S\u00e3o Paulo &#8211; SP;\u00a0<\/span><\/li>\n<li><span style=\"font-weight: 400\">Borracheiro &#8211; Barra Funda &#8211; S\u00e3o Paulo &#8211; SP;<\/span><\/li>\n<li><span style=\"font-weight: 400\">Operadora De Caixa- Barra Funda &#8211; S\u00e3o Paulo &#8211; SP;\u00a0<\/span><\/li>\n<li><span style=\"font-weight: 400\">Trocador De \u00d3leo- Santo Andr\u00e9 &#8211; S\u00e3o Paulo &#8211; SP;\u00a0<\/span><\/li>\n<li><span style=\"font-weight: 400\">Estoquista- Santo Andr\u00e9 16\/11\/2022 16:54 &#8211; Santo Andr\u00e9 &#8211; SP;\u00a0<\/span><\/li>\n<li><span style=\"font-weight: 400\">Garagista &#8211; Orientador De Estacionamento- Santo Andr\u00e9;\u00a0<\/span><\/li>\n<li><span style=\"font-weight: 400\">Manobrista Borracheiro &#8211; Santo Andr\u00e9 &#8211; SP;\u00a0<\/span><\/li>\n<li><span style=\"font-weight: 400\">Estoquista &#8211; Itaim Paulista &#8211; S\u00e3o Paulo &#8211; SP;\u00a0<\/span><\/li>\n<li><span style=\"font-weight: 400\">Auxiliar De Limpeza &#8211; Itaim Paulista 1 &#8211; S\u00e3o Paulo &#8211; SP;\u00a0<\/span><\/li>\n<li><span style=\"font-weight: 400\">Vendedor De Acess\u00f3rios Automotivos &#8211; Barra Funda &#8211; S\u00e3o Paulo &#8211; SP;\u00a0<\/span><\/li>\n<li><span style=\"font-weight: 400\">Encarregada De Limpeza &#8211; Tucuruvi &#8211; S\u00e3o Paulo &#8211; SP;<\/span><\/li>\n<li><span style=\"font-weight: 400\">Estoquista &#8211; S\u00e3o Paulo &#8211; SP;\u00a0<\/span><\/li>\n<li><span style=\"font-weight: 400\">Auxiliar De Limpeza &#8211; S\u00e3o Paulo &#8211; SP;\u00a0<\/span><\/li>\n<li><span style=\"font-weight: 400\">Garagista &#8211; Orientador De Estacionamento &#8211; S\u00e3o Paulo &#8211; SP;\u00a0<\/span><\/li>\n<li><span style=\"font-weight: 400\">Auxiliar De Limpeza &#8211; S\u00e3o Paulo &#8211; SP;\u00a0<\/span><\/li>\n<li><span style=\"font-weight: 400\">Analista Trade Marketing &#8211; S\u00e3o Paulo &#8211; SP;\u00a0<\/span><\/li>\n<li><span style=\"font-weight: 400\">Vigia &#8211; Pirituba &#8211; S\u00e3o Paulo &#8211; SP.<\/span><\/li>\n<\/ul>\n<figure id=\"attachment_6954\" aria-describedby=\"caption-attachment-6954\" style=\"width: 1200px\" class=\"wp-caption aligncenter\"><img decoding=\"async\" class=\"size-full wp-image-6954\" src=\"https:\/\/99empregos.com.br\/wp-content\/uploads\/2022\/11\/mercadocar.jpg\" alt=\"Mercadocar abre novas vagas de emprego em SP e regi\u00e3o, confira. Foto: Divulga\u00e7\u00e3o\" width=\"1200\" height=\"750\" srcset=\"https:\/\/99empregos.com.br\/blog\/wp-content\/uploads\/2022\/11\/mercadocar.jpg 1200w, https:\/\/99empregos.com.br\/blog\/wp-content\/uploads\/2022\/11\/mercadocar-300x188.jpg 300w, https:\/\/99empregos.com.br\/blog\/wp-content\/uploads\/2022\/11\/mercadocar-1024x640.jpg 1024w, https:\/\/99empregos.com.br\/blog\/wp-content\/uploads\/2022\/11\/mercadocar-768x480.jpg 768w\" sizes=\"(max-width: 1200px) 100vw, 1200px\" \/><figcaption id=\"caption-attachment-6954\" class=\"wp-caption-text\">Mercadocar abre novas vagas de emprego em SP e regi\u00e3o, confira. Foto: Divulga\u00e7\u00e3o<\/figcaption><\/figure>\n<h3><strong>Mais informa\u00e7\u00f5es sobre a Mercadocar\u00a0<\/strong><\/h3>\n<p>Mercadocar, l\u00edder no ramo de pe\u00e7as e acess\u00f3rios automotivos desde 1971, atualmente composta por uma rede de 8 Lojas, 1 Central de Teleatendimento e 2 Centros de Distribui\u00e7\u00e3o localizados em pontos estrat\u00e9gicos da grande S\u00e3o Paulo, busca profissionais para completar o seu time.<\/p>\n<p>Voc\u00ea gosta de trabalhar em equipe e ter seu desenvolvimento pautado atrav\u00e9s de rela\u00e7\u00f5es de \u00e9tica, respeito e transpar\u00eancia? J\u00e1 se imaginou em um lugar que valoriza o encantamento ao cliente e busca excel\u00eancia nos procedimentos?<\/p>\n<h3>Como se candidatar \u00e0s vagas de emprego abertas pela empresa<\/h3>\n<p>Se voc\u00ea encontrou uma oportunidade na Mercadocar que se encaixa com seu perfil profissional, <a href=\"https:\/\/99empregos.com.br\/vaga\/mercadocar-abre-novas-vagas-de-emprego-em-sp-e-regiao-confira\/\">basta clicar neste link<\/a> para se candidatar. No entanto, antes de efetivar sua inscri\u00e7\u00e3o, recomendamos que fa\u00e7a uma revis\u00e3o completa de todos os pr\u00e9-requisitos solicitados pela empresa. Boa sorte!<\/p>\n","protected":false},"excerpt":{"rendered":"<p>A Mercadocar, empresa l\u00edder no ramo de pe\u00e7as e acess\u00f3rios automotivos, est\u00e1 com novas vagas de emprego abertas pelo Brasil. Com oito lojas e uma central de atendimento no pa\u00eds, a companhia segue expandindo os seus investimentos e busca, agora, profissionais para os seguintes cargos: Operador De Caixa &#8211; Santo Amaro &#8211; S\u00e3o Paulo &#8211; [&hellip;]<\/p>\n","protected":false},"author":8,"featured_media":6953,"comment_status":"open","ping_status":"closed","sticky":false,"template":"","format":"standard","meta":{"footnotes":""},"categories":[7],"tags":[5,693,742,16],"class_list":["post-6958","post","type-post","status-publish","format-standard","has-post-thumbnail","hentry","category-noticias","tag-empregos","tag-nova-oportunidade","tag-vagas-2022","tag-vagas-de-emprego"],"_links":{"self":[{"href":"https:\/\/99empregos.com.br\/blog\/wp-json\/wp\/v2\/posts\/6958","targetHints":{"allow":["GET"]}}],"collection":[{"href":"https:\/\/99empregos.com.br\/blog\/wp-json\/wp\/v2\/posts"}],"about":[{"href":"https:\/\/99empregos.com.br\/blog\/wp-json\/wp\/v2\/types\/post"}],"author":[{"embeddable":true,"href":"https:\/\/99empregos.com.br\/blog\/wp-json\/wp\/v2\/users\/8"}],"replies":[{"embeddable":true,"href":"https:\/\/99empregos.com.br\/blog\/wp-json\/wp\/v2\/comments?post=6958"}],"version-history":[{"count":0,"href":"https:\/\/99empregos.com.br\/blog\/wp-json\/wp\/v2\/posts\/6958\/revisions"}],"wp:featuredmedia":[{"embeddable":true,"href":"https:\/\/99empregos.com.br\/blog\/wp-json\/wp\/v2\/media\/6953"}],"wp:attachment":[{"href":"https:\/\/99empregos.com.br\/blog\/wp-json\/wp\/v2\/media?parent=6958"}],"wp:term":[{"taxonomy":"category","embeddable":true,"href":"https:\/\/99empregos.com.br\/blog\/wp-json\/wp\/v2\/categories?post=6958"},{"taxonomy":"post_tag","embeddable":true,"href":"https:\/\/99empregos.com.br\/blog\/wp-json\/wp\/v2\/tags?post=6958"}],"curies":[{"name":"wp","href":"https:\/\/api.w.org\/{rel}","templated":true}]}}