{"id":697,"date":"2022-08-15T09:30:35","date_gmt":"2022-08-15T12:30:35","guid":{"rendered":"https:\/\/123empregos.com.br\/?p=697"},"modified":"2022-08-15T09:30:35","modified_gmt":"2022-08-15T12:30:35","slug":"como-se-destacar-em-um-processo-seletivo-conheca-maneiras-de-ser-um-candidato-marcante","status":"publish","type":"post","link":"https:\/\/99empregos.com.br\/blog\/como-se-destacar-em-um-processo-seletivo-conheca-maneiras-de-ser-um-candidato-marcante\/","title":{"rendered":"Como se destacar em um processo seletivo? Conhe\u00e7a maneiras de ser um candidato marcante"},"content":{"rendered":"<p>Parece que o pior da crise econ\u00f4mica j\u00e1 passou e o mercado de trabalho come\u00e7a a se movimentar um pouco mais.\u00a0No entanto, ainda h\u00e1 muitos curr\u00edculos sendo enviados para cada an\u00fancio de emprego.\u00a0\u00c9 por isso que ainda \u00e9 muito importante\u00a0se preparar bem para um <strong>processo seletivo<\/strong>.<\/p>\n<p>A primeira coisa que se deve fazer \u00e9\u00a0estruturar um bom Curriculum Vitae (CV).\u00a0Este \u00e9 o primeiro documento que permitir\u00e1 descartar os primeiros candidatos e, consequentemente, os mais interessantes para a empresa no processo seletivo. Quer saber como ser marcante para o entrevistador? Basta continuar lendo o artigo que o 123 Empregos preparou hoje.<\/p>\n<h2>Dicas de como se destacar em um processo seletivo<\/h2>\n<p>Quando voc\u00ea \u00e9 chamado para uma entrevista, deve investigar a filosofia da empresa e a vaga que ser\u00e1 preenchida. Seria interessante tamb\u00e9m descobrir qual \u00e9 a forma\u00e7\u00e3o profissional da pessoa que ir\u00e1 te entrevistar. Um aliado \u00f3timo para isso \u00e9 o Linkedin, a rede profissional por excel\u00eancia hoje e uma boa fonte de vagas de emprego.<\/p>\n<p>\u00c0 <a href=\"https:\/\/99empregos.com.br\/rede-farmaceutica-oferta-vagas-de-emprego-em-recife-com-diversos-beneficios-saiba-mais\/\" target=\"_blank\" rel=\"noopener\">primeira entrevista<\/a> deve-se ir descansado \u200b\u200be vestido conforme o cargo que ocupar\u00e1 no caso de ser escolhido. \u00c9 muito importante chegar na hora, pois, com certeza, voc\u00ea n\u00e3o ser\u00e1 o \u00fanico a comparecer nesse dia, e qualquer atraso, por menor que seja, atrasar\u00e1 o restante das entrevistas.<\/p>\n<p>Se a entrevista tamb\u00e9m for composta por uma din\u00e2mica de grupo com outros candidatos, o melhor \u00e9 agir concisamente e cumprir rigorosamente o que se pede. Voc\u00ea n\u00e3o pode interromper os outros candidatos ou os recrutadores. Assim, mantenha sempre a postura profissional e sorria para o restante dos candidatos.<\/p>\n<h3>Postura ao longo das etapas finais<\/h3>\n<p>Caso tenha passado com sucesso nas primeiras entrevistas, ter\u00e1 80% do\u00a0processo seletivo\u00a0vencido.\u00a0Na entrevista individual com o respons\u00e1vel pela sele\u00e7\u00e3o, seja educado, humilde, delicado e sempre atentos, pois indicar\u00e1 sinceridade e seguran\u00e7a.<\/p>\n<p>Ap\u00f3s a entrevista individual com algu\u00e9m da \u00e1rea de Recursos Humanos, certamente ele marcar\u00e1, caso ainda tenha interesse em seu perfil, para uma <a href=\"https:\/\/99empregos.com.br\/vagas-abertas\/\" target=\"_blank\" rel=\"noopener\">nova entrevista<\/a> com o chefe do departamento onde a vaga \u00e9 ofertada.\u00a0Mantenha o cuidado e a delicadeza perante o chefe do departamento que ocupar\u00e1.<\/p>\n<p>Continue mostrando-se motivado para ingressar na empresa\u00a0e cuide bem de todas as respostas que dar\u00e1.\u00a0Para n\u00e3o cansar o entrevistador, \u00e9 melhor ser breve, mas com as informa\u00e7\u00f5es necess\u00e1rias para que ele concorde em te contratar.<\/p>\n<p>Por fim, lembre-se que em qualquer seletiva, \u00e9 preciso se comportar de maneira natural. Ent\u00e3o, respeite o sil\u00eancio do entrevistador, fale devagar, com clareza, de forma compreens\u00edvel e evite usar palavras negativas, frases \u00f3bvias, clich\u00eas, etc.<\/p>\n<p>\u00c9 muito importante ter em mente que a entrevista n\u00e3o termina at\u00e9 que se passe pela porta de sa\u00edda da empresa.\u00a0Cuide bem da despedida\u00a0com o entrevistador e confirme brevemente que est\u00e1 muito interessado \u200b\u200bem preencher a vaga.<\/p>\n<p>Gostou das dicas de como se destacar no processo seletivo que o 123 Empregos preparou? E que tal saber como procurar a oportunidade certa clicando no <a href=\"https:\/\/99empregos.com.br\/esta-desempregado-aprenda-a-como-procurar-trabalho-de-forma-eficaz-de-acordo-com-a-sua-area\/\" target=\"_blank\" rel=\"noopener\">link da mat\u00e9ria<\/a>? Assim, use todas as sugest\u00f5es para deixar aquela \u00f3tima impress\u00e3o no recrutador e ter uma chance a mais de preencher a vaga em aberto.<\/p>\n<div id=\"icpbravoaccess_loaded\"><\/div>\n","protected":false},"excerpt":{"rendered":"<p>Parece que o pior da crise econ\u00f4mica j\u00e1 passou e o mercado de trabalho come\u00e7a a se movimentar um pouco mais.\u00a0No entanto, ainda h\u00e1 muitos curr\u00edculos sendo enviados para cada an\u00fancio de emprego.\u00a0\u00c9 por isso que ainda \u00e9 muito importante\u00a0se preparar bem para um processo seletivo. A primeira coisa que se deve fazer \u00e9\u00a0estruturar um [&hellip;]<\/p>\n","protected":false},"author":2,"featured_media":698,"comment_status":"open","ping_status":"closed","sticky":false,"template":"","format":"standard","meta":{"footnotes":""},"categories":[9],"tags":[45,86],"class_list":["post-697","post","type-post","status-publish","format-standard","has-post-thumbnail","hentry","category-dicas","tag-entrevista-de-emprego","tag-processo-seletivo"],"_links":{"self":[{"href":"https:\/\/99empregos.com.br\/blog\/wp-json\/wp\/v2\/posts\/697","targetHints":{"allow":["GET"]}}],"collection":[{"href":"https:\/\/99empregos.com.br\/blog\/wp-json\/wp\/v2\/posts"}],"about":[{"href":"https:\/\/99empregos.com.br\/blog\/wp-json\/wp\/v2\/types\/post"}],"author":[{"embeddable":true,"href":"https:\/\/99empregos.com.br\/blog\/wp-json\/wp\/v2\/users\/2"}],"replies":[{"embeddable":true,"href":"https:\/\/99empregos.com.br\/blog\/wp-json\/wp\/v2\/comments?post=697"}],"version-history":[{"count":0,"href":"https:\/\/99empregos.com.br\/blog\/wp-json\/wp\/v2\/posts\/697\/revisions"}],"wp:featuredmedia":[{"embeddable":true,"href":"https:\/\/99empregos.com.br\/blog\/wp-json\/wp\/v2\/media\/698"}],"wp:attachment":[{"href":"https:\/\/99empregos.com.br\/blog\/wp-json\/wp\/v2\/media?parent=697"}],"wp:term":[{"taxonomy":"category","embeddable":true,"href":"https:\/\/99empregos.com.br\/blog\/wp-json\/wp\/v2\/categories?post=697"},{"taxonomy":"post_tag","embeddable":true,"href":"https:\/\/99empregos.com.br\/blog\/wp-json\/wp\/v2\/tags?post=697"}],"curies":[{"name":"wp","href":"https:\/\/api.w.org\/{rel}","templated":true}]}}