{"id":707,"date":"2022-08-16T22:36:57","date_gmt":"2022-08-17T01:36:57","guid":{"rendered":"https:\/\/123empregos.com.br\/?p=707"},"modified":"2022-08-16T22:36:57","modified_gmt":"2022-08-17T01:36:57","slug":"divulgacao-de-oportunidades-de-trabalho-com-o-valor-do-salario-confira-o-que-diz-o-projeto-de-lei-em-tramite-na-camara-dos-deputados","status":"publish","type":"post","link":"https:\/\/99empregos.com.br\/blog\/divulgacao-de-oportunidades-de-trabalho-com-o-valor-do-salario-confira-o-que-diz-o-projeto-de-lei-em-tramite-na-camara-dos-deputados\/","title":{"rendered":"Divulga\u00e7\u00e3o de oportunidades de trabalho com o valor do sal\u00e1rio: confira o que diz o Projeto de Lei em tr\u00e2mite na C\u00e2mara dos Deputados"},"content":{"rendered":"<p>\u00c9 muito comum, quando algu\u00e9m vai procurar emprego, se deparar com uma vaga onde sua descri\u00e7\u00e3o n\u00e3o informa o <strong>valor do sal\u00e1rio<\/strong>. Geralmente, no lugar o que se v\u00ea s\u00e3o as frases: \u201csal\u00e1rio compat\u00edvel com o mercado\u201d ou \u201csal\u00e1rio a combinar\u201d. Contudo, h\u00e1 um projeto de lei em tr\u00e2mite na C\u00e2mara dos Deputados que planeja mudar essa situa\u00e7\u00e3o.<\/p>\n<p>A PL 1149\/22 quer tornar obrigat\u00f3rio que todas as empresas informem o valor do sal\u00e1rio quando forem divulgar suas oportunidades de trabalho.\u00a0O descumprimento est\u00e1 sujeito a puni\u00e7\u00e3o de multa, que pode chegar a cinco sal\u00e1rios-m\u00ednimos vigentes. Alexandre Frota, deputado do PSDB-SP, \u00e9 o autor do texto.<\/p>\n<h2>Por que \u00e9 importante ter a informa\u00e7\u00e3o do valor do sal\u00e1rio na divulga\u00e7\u00e3o da vaga?<\/h2>\n<figure id=\"attachment_708\" aria-describedby=\"caption-attachment-708\" style=\"width: 1200px\" class=\"wp-caption aligncenter\"><img decoding=\"async\" class=\"size-full wp-image-708\" src=\"https:\/\/99empregos.com.br\/wp-content\/uploads\/2022\/08\/valorsalario2.jpg\" alt=\"valor do sal\u00e1rio\" width=\"1200\" height=\"800\" srcset=\"https:\/\/99empregos.com.br\/blog\/wp-content\/uploads\/2022\/08\/valorsalario2.jpg 1200w, https:\/\/99empregos.com.br\/blog\/wp-content\/uploads\/2022\/08\/valorsalario2-300x200.jpg 300w, https:\/\/99empregos.com.br\/blog\/wp-content\/uploads\/2022\/08\/valorsalario2-1024x683.jpg 1024w, https:\/\/99empregos.com.br\/blog\/wp-content\/uploads\/2022\/08\/valorsalario2-768x512.jpg 768w\" sizes=\"(max-width: 1200px) 100vw, 1200px\" \/><figcaption id=\"caption-attachment-708\" class=\"wp-caption-text\">valor do sal\u00e1rio\/Freepik<\/figcaption><\/figure>\n<p>Ao divulgar as <a href=\"https:\/\/99empregos.com.br\/8-dicas-para-encontrar-um-emprego-com-o-twitter\/\">vagas de emprego<\/a> dispon\u00edveis, diversas empresas pecam ao buscar por bons profissionais. Isso porque no descritivo do cargo, elas colocam atribui\u00e7\u00f5es, requisitos, benef\u00edcios, mas, o sal\u00e1rio n\u00e3o \u00e9 sinalizado com clareza.<\/p>\n<p>Quando n\u00e3o h\u00e1 uma comunica\u00e7\u00e3o clara da faixa salarial, os candidatos que pretendem sair da zona do desemprego, ou que querem uma coloca\u00e7\u00e3o melhor, acabam ficando na d\u00favida. \u201cSer\u00e1 que vale a pena me candidatar?\u201d, \u201cSer\u00e1 que tem algum adicional?\u201d, \u201cSer\u00e1 que o sal\u00e1rio me atende?\u201d.<\/p>\n<p>A inseguran\u00e7a sobre a compatibilidade do sal\u00e1rio com a pretens\u00e3o do cidad\u00e3o, o faz, muitas vezes, desistir da candidatura. Ademais, alguns at\u00e9 voltam frustrados da <a href=\"https:\/\/99empregos.com.br\/como-se-vestir-para-uma-entrevista-de-emprego-10-dicas-importantes-para-nao-errar\/\" target=\"_blank\" rel=\"noopener\">entrevista de emprego<\/a> por n\u00e3o ser aquilo que imaginavam.<\/p>\n<p>Se recolocar no mercado de trabalho j\u00e1 \u00e9 algo, por si s\u00f3, dif\u00edcil. E fica um pouco mais quando a oportunidade de emprego n\u00e3o tem todas as informa\u00e7\u00f5es claras. Imagina o quanto \u00e9 oneroso, ainda mais para quem est\u00e1 desempregado, se deslocar at\u00e9 a entrevista de emprego sem ter certeza de que ela \u00e9 vi\u00e1vel em todos os sentidos?<\/p>\n<p>N\u00e3o deixe de conferir: <a href=\"https:\/\/99empregos.com.br\/ja-pensou-em-trabalhar-como-especialista-em-dormir-emma-colchoes-oferta-vaga-de-emprego\/\" target=\"_blank\" rel=\"noopener\">J\u00e1 pensou em trabalhar como Especialista em Dormir? Emma Colch\u00f5es oferta vaga de emprego<\/a><\/p>\n<h2>Projeto de Lei pensa no desgaste e no financeiro do cidad\u00e3o<\/h2>\n<p>O texto do PL reza que \u00e9 ben\u00e9fico para os cidad\u00e3os conhecer previamente o sal\u00e1rio antes do deslocamento, ainda mais com o pre\u00e7o dos combust\u00edveis e do transporte em alta. Essa informa\u00e7\u00e3o j\u00e1 exclui automaticamente quem n\u00e3o se interessa pelo que provavelmente receberia.<\/p>\n<p>Entretanto, o Projeto de Lei sobre o valor do sal\u00e1rio ainda precisa da aprova\u00e7\u00e3o de algumas esferas do governo. Se n\u00e3o houver altera\u00e7\u00f5es em seu texto original, n\u00e3o ser\u00e1 necess\u00e1rio passar pela aprova\u00e7\u00e3o do plen\u00e1rio da C\u00e2mara, uma vez que o tr\u00e2mite \u00e9 em car\u00e1ter conclusivo.<\/p>\n<div id=\"icpbravoaccess_loaded\"><\/div>\n","protected":false},"excerpt":{"rendered":"<p>\u00c9 muito comum, quando algu\u00e9m vai procurar emprego, se deparar com uma vaga onde sua descri\u00e7\u00e3o n\u00e3o informa o valor do sal\u00e1rio. Geralmente, no lugar o que se v\u00ea s\u00e3o as frases: \u201csal\u00e1rio compat\u00edvel com o mercado\u201d ou \u201csal\u00e1rio a combinar\u201d. Contudo, h\u00e1 um projeto de lei em tr\u00e2mite na C\u00e2mara dos Deputados que planeja [&hellip;]<\/p>\n","protected":false},"author":3,"featured_media":709,"comment_status":"open","ping_status":"closed","sticky":false,"template":"","format":"standard","meta":{"footnotes":""},"categories":[7],"tags":[13,93,41],"class_list":["post-707","post","type-post","status-publish","format-standard","has-post-thumbnail","hentry","category-noticias","tag-oportunidade-de-emprego","tag-salario","tag-vaga-de-emprego"],"_links":{"self":[{"href":"https:\/\/99empregos.com.br\/blog\/wp-json\/wp\/v2\/posts\/707","targetHints":{"allow":["GET"]}}],"collection":[{"href":"https:\/\/99empregos.com.br\/blog\/wp-json\/wp\/v2\/posts"}],"about":[{"href":"https:\/\/99empregos.com.br\/blog\/wp-json\/wp\/v2\/types\/post"}],"author":[{"embeddable":true,"href":"https:\/\/99empregos.com.br\/blog\/wp-json\/wp\/v2\/users\/3"}],"replies":[{"embeddable":true,"href":"https:\/\/99empregos.com.br\/blog\/wp-json\/wp\/v2\/comments?post=707"}],"version-history":[{"count":0,"href":"https:\/\/99empregos.com.br\/blog\/wp-json\/wp\/v2\/posts\/707\/revisions"}],"wp:featuredmedia":[{"embeddable":true,"href":"https:\/\/99empregos.com.br\/blog\/wp-json\/wp\/v2\/media\/709"}],"wp:attachment":[{"href":"https:\/\/99empregos.com.br\/blog\/wp-json\/wp\/v2\/media?parent=707"}],"wp:term":[{"taxonomy":"category","embeddable":true,"href":"https:\/\/99empregos.com.br\/blog\/wp-json\/wp\/v2\/categories?post=707"},{"taxonomy":"post_tag","embeddable":true,"href":"https:\/\/99empregos.com.br\/blog\/wp-json\/wp\/v2\/tags?post=707"}],"curies":[{"name":"wp","href":"https:\/\/api.w.org\/{rel}","templated":true}]}}