{"id":7184,"date":"2022-11-24T07:36:47","date_gmt":"2022-11-24T10:36:47","guid":{"rendered":"https:\/\/123empregos.com.br\/?p=7184"},"modified":"2022-11-24T07:36:47","modified_gmt":"2022-11-24T10:36:47","slug":"empresa-de-adubos-volta-a-contratar-veja-quais-sao-as-novas-vagas","status":"publish","type":"post","link":"https:\/\/99empregos.com.br\/blog\/empresa-de-adubos-volta-a-contratar-veja-quais-sao-as-novas-vagas\/","title":{"rendered":"Empresa de adubos volta a contratar, veja quais s\u00e3o as novas vagas"},"content":{"rendered":"<p>A Casa do Adubo, empresa tradicional no ramo da agricultura brasileira, segue contratando e agora est\u00e1 com <a href=\"https:\/\/99empregos.com.br\/vaga\/komatsu-anuncia-vagas-de-emprego-em-minas-gerais\/\">novas vagas de emprego<\/a> abertas pelo pa\u00eds. Com quase 100 anos de hist\u00f3ria, a companhia segue expandindo os seus neg\u00f3cios e, agora, busca os seguintes profissionais:<\/p>\n<ul>\n<li><span style=\"font-weight: 400\">Ajudante Serra &#8211; ES;\u00a0\u00a0<\/span><\/li>\n<li><span style=\"font-weight: 400\">Analista de Planejamento Financeiro Cariacica &#8211; ES;\u00a0\u00a0<\/span><\/li>\n<li><span style=\"font-weight: 400\">Analista de Recursos Humanos Cariacica &#8211; ES;\u00a0\u00a0<\/span><\/li>\n<li><span style=\"font-weight: 400\">Analista de Supply Chain Cariacica &#8211; ES;\u00a0<\/span><\/li>\n<li><span style=\"font-weight: 400\">Analista Fiscal Cariacica &#8211; ES;\u00a0\u00a0<\/span><\/li>\n<li><span style=\"font-weight: 400\">Assistente Administrativo de Loja Confresa &#8211; MT;\u00a0\u00a0<\/span><\/li>\n<li><span style=\"font-weight: 400\">Assistente Administrativo de Loja Patrocinio &#8211; MG;\u00a0\u00a0<\/span><\/li>\n<li><span style=\"font-weight: 400\">Assistente de Cr\u00e9dito Cariacica &#8211; ES;\u00a0\u00a0<\/span><\/li>\n<li><span style=\"font-weight: 400\">Assistente de Informa\u00e7\u00f5es Gerenciais Cariacica &#8211; ES;\u00a0\u00a0<\/span><\/li>\n<li><span style=\"font-weight: 400\">Auxiliar Administrativo I Serra &#8211; ES;\u00a0\u00a0<\/span><\/li>\n<li><span style=\"font-weight: 400\">Auxiliar de Conferente Aragua\u00edna &#8211; TO;\u00a0\u00a0<\/span><\/li>\n<li><span style=\"font-weight: 400\">Auxiliar de Conferente Redencao &#8211; PA;\u00a0\u00a0<\/span><\/li>\n<li><span style=\"font-weight: 400\">Balconista Vendedor Agro Barbacena &#8211; MG;\u00a0\u00a0<\/span><\/li>\n<li><span style=\"font-weight: 400\">Balconista Vendedor Agro Redencao &#8211; PA;\u00a0\u00a0<\/span><\/li>\n<li><span style=\"font-weight: 400\">Balconista Vendedor Agro Rio Branco &#8211; AC;\u00a0\u00a0<\/span><\/li>\n<li><span style=\"font-weight: 400\">Balconista Vendedor Agro Aragua\u00edna &#8211; TO;\u00a0\u00a0<\/span><\/li>\n<li><span style=\"font-weight: 400\">Balconista Vendedor Agro Franca &#8211; SP;\u00a0\u00a0<\/span><\/li>\n<li><span style=\"font-weight: 400\">Balconista Vendedor Agro Linhares &#8211; ES;\u00a0\u00a0<\/span><\/li>\n<li><span style=\"font-weight: 400\">Balconista Vendedor Agro Barra do Gar\u00e7as &#8211; MT;\u00a0\u00a0<\/span><\/li>\n<li><span style=\"font-weight: 400\">Banco de Talentos Cariacica &#8211; ES;\u00a0<\/span><\/li>\n<li><span style=\"font-weight: 400\">Banco de Talentos (PCD) Cariacica &#8211; ES;\u00a0<\/span><\/li>\n<li><span style=\"font-weight: 400\">Caixa de Loja Rio Branco &#8211; AC;\u00a0\u00a0<\/span><\/li>\n<li><span style=\"font-weight: 400\">Coordenador de Loja Pilar do Sul &#8211; SP;\u00a0\u00a0<\/span><\/li>\n<li><span style=\"font-weight: 400\">Coordenador de Loja S\u00e3o Gotardo &#8211; MG;\u00a0\u00a0<\/span><\/li>\n<li><span style=\"font-weight: 400\">Coordenador de Loja Pouso Alegre &#8211; MG;\u00a0\u00a0<\/span><\/li>\n<li><span style=\"font-weight: 400\">Coordenador T\u00e9cnico Rio Branco &#8211; AC;\u00a0\u00a0<\/span><\/li>\n<li><span style=\"font-weight: 400\">Coordenador T\u00e9cnico Ji-Paran\u00e1 &#8211; RO;\u00a0\u00a0<\/span><\/li>\n<li><span style=\"font-weight: 400\">Demonstrador T\u00e9cnico Sete Lagoas &#8211; MG;\u00a0\u00a0<\/span><\/li>\n<li><span style=\"font-weight: 400\">Estagi\u00e1rio(a) Administra\u00e7\u00e3o Cariacica &#8211; ES;\u00a0<\/span><\/li>\n<li><span style=\"font-weight: 400\">Motorista de Caminh\u00e3o Cap\u00e3o Bonito &#8211; SP;\u00a0\u00a0<\/span><\/li>\n<li><span style=\"font-weight: 400\">Motorista de Caminh\u00e3o Confresa &#8211; MT;\u00a0\u00a0<\/span><\/li>\n<li><span style=\"font-weight: 400\">Motorista de Caminh\u00e3o Linhares &#8211; ES;\u00a0\u00a0<\/span><\/li>\n<li><span style=\"font-weight: 400\">Motorista de Caminh\u00e3o Pilar do Sul &#8211; SP;<\/span><\/li>\n<li><span style=\"font-weight: 400\">Representante T\u00e9cnico de Vendas | CDA Mogi Mirim &#8211; SP.\u00a0<\/span><\/li>\n<\/ul>\n<figure id=\"attachment_7187\" aria-describedby=\"caption-attachment-7187\" style=\"width: 1200px\" class=\"wp-caption aligncenter\"><img decoding=\"async\" class=\"size-full wp-image-7187\" src=\"https:\/\/99empregos.com.br\/wp-content\/uploads\/2022\/11\/casa-do-adubo-vaga.jpg\" alt=\"A Casa do Adubo abre novas vagas de emprego, confira. Foto: Divulga\u00e7\u00e3o\" width=\"1200\" height=\"750\" srcset=\"https:\/\/99empregos.com.br\/blog\/wp-content\/uploads\/2022\/11\/casa-do-adubo-vaga.jpg 1200w, https:\/\/99empregos.com.br\/blog\/wp-content\/uploads\/2022\/11\/casa-do-adubo-vaga-300x188.jpg 300w, https:\/\/99empregos.com.br\/blog\/wp-content\/uploads\/2022\/11\/casa-do-adubo-vaga-1024x640.jpg 1024w, https:\/\/99empregos.com.br\/blog\/wp-content\/uploads\/2022\/11\/casa-do-adubo-vaga-768x480.jpg 768w\" sizes=\"(max-width: 1200px) 100vw, 1200px\" \/><figcaption id=\"caption-attachment-7187\" class=\"wp-caption-text\">A Casa do Adubo abre novas vagas de emprego, confira. Foto: Divulga\u00e7\u00e3o<\/figcaption><\/figure>\n<h3>Mais informa\u00e7\u00f5es sobre a Casa do Adubo<\/h3>\n<p>Casa do Adubo \u00e9 sucessora de Irm\u00e3o Chiabai, empresa fundada em 16 de outubro de 1937 por Em\u00edlio, Ivo e Raymundo Chiabai, no Munic\u00edpio de Afonso Cl\u00e1udio, para atuar no ramo de secos e molhados, armarinhos, ferragens e tecidos, assim como no com\u00e9rcio de caf\u00e9. Em 1952 a sede foi transferida para Av. Rep\u00fablica, em Vit\u00f3ria-ES.<\/p>\n<p>A fim de acompanhar o desenvolvimento dos setores agr\u00edcola e pecu\u00e1rio do Estado, em 1973, a empresa alterou a raz\u00e3o social para Casa do Adubo Ltda. Estev\u00e3o Covre assumiu o controle com os seus filhos Nicolau Em\u00edlio Covre e Jo\u00e3o Bosco Covre, dando um novo direcionamento aos neg\u00f3cios.<\/p>\n<p>As atividades na \u00e1rea rural cresceram e os propriet\u00e1rios decidiram investir em novas unidades, inaugurando a primeira filial, em 1977,\u00a0no Munic\u00edpio de Cariacica, onde est\u00e1 a Administra\u00e7\u00e3o Central. Neste mesmo ano Jos\u00e9 Carlos Bento entra para a sociedade.<\/p>\n<h3>Como se candidatar<\/h3>\n<p>Se voc\u00ea encontrou uma oportunidade de emprego que se encaixa com o seu perfil profissional, <a href=\"https:\/\/99empregos.com.br\/vaga\/casa-do-adubo-segue-contratando-e-abre-novas-vagas\/\">basta clicar neste link<\/a> para se candidatar. No entanto, antes de efetivar a sua inscri\u00e7\u00e3o, revise todos os detalhes da vaga escolhida. Boa sorte!<\/p>\n","protected":false},"excerpt":{"rendered":"<p>A Casa do Adubo, empresa tradicional no ramo da agricultura brasileira, segue contratando e agora est\u00e1 com novas vagas de emprego abertas pelo pa\u00eds. Com quase 100 anos de hist\u00f3ria, a companhia segue expandindo os seus neg\u00f3cios e, agora, busca os seguintes profissionais: Ajudante Serra &#8211; ES;\u00a0\u00a0 Analista de Planejamento Financeiro Cariacica &#8211; ES;\u00a0\u00a0 Analista [&hellip;]<\/p>\n","protected":false},"author":8,"featured_media":7188,"comment_status":"open","ping_status":"closed","sticky":false,"template":"","format":"standard","meta":{"footnotes":""},"categories":[7],"tags":[778,742,16],"class_list":["post-7184","post","type-post","status-publish","format-standard","has-post-thumbnail","hentry","category-noticias","tag-novas-oportunidades","tag-vagas-2022","tag-vagas-de-emprego"],"_links":{"self":[{"href":"https:\/\/99empregos.com.br\/blog\/wp-json\/wp\/v2\/posts\/7184","targetHints":{"allow":["GET"]}}],"collection":[{"href":"https:\/\/99empregos.com.br\/blog\/wp-json\/wp\/v2\/posts"}],"about":[{"href":"https:\/\/99empregos.com.br\/blog\/wp-json\/wp\/v2\/types\/post"}],"author":[{"embeddable":true,"href":"https:\/\/99empregos.com.br\/blog\/wp-json\/wp\/v2\/users\/8"}],"replies":[{"embeddable":true,"href":"https:\/\/99empregos.com.br\/blog\/wp-json\/wp\/v2\/comments?post=7184"}],"version-history":[{"count":0,"href":"https:\/\/99empregos.com.br\/blog\/wp-json\/wp\/v2\/posts\/7184\/revisions"}],"wp:featuredmedia":[{"embeddable":true,"href":"https:\/\/99empregos.com.br\/blog\/wp-json\/wp\/v2\/media\/7188"}],"wp:attachment":[{"href":"https:\/\/99empregos.com.br\/blog\/wp-json\/wp\/v2\/media?parent=7184"}],"wp:term":[{"taxonomy":"category","embeddable":true,"href":"https:\/\/99empregos.com.br\/blog\/wp-json\/wp\/v2\/categories?post=7184"},{"taxonomy":"post_tag","embeddable":true,"href":"https:\/\/99empregos.com.br\/blog\/wp-json\/wp\/v2\/tags?post=7184"}],"curies":[{"name":"wp","href":"https:\/\/api.w.org\/{rel}","templated":true}]}}