{"id":7311,"date":"2022-11-25T06:08:28","date_gmt":"2022-11-25T09:08:28","guid":{"rendered":"https:\/\/123empregos.com.br\/?p=7311"},"modified":"2022-11-25T06:08:28","modified_gmt":"2022-11-25T09:08:28","slug":"empresa-de-logistica-nacional-abre-novas-oportunidades-pelo-pais-confira","status":"publish","type":"post","link":"https:\/\/99empregos.com.br\/blog\/empresa-de-logistica-nacional-abre-novas-oportunidades-pelo-pais-confira\/","title":{"rendered":"Empresa de log\u00edstica nacional abre novas oportunidades pelo pa\u00eds, confira"},"content":{"rendered":"<p>A Expresso Nepomuceno, empresa que figura entre as 10 maiores do setor log\u00edstico no Brasil, est\u00e1 com <a href=\"https:\/\/99empregos.com.br\/vaga\/vigor-alimentos-anuncia-novos-empregos-pelo-brasil\/\">novas oportunidades<\/a> de emprego abertas. Com um projeto de expans\u00e3o, a companhia est\u00e1 de olho nos seguintes profissionais para integrarem o seu elenco:<\/p>\n<ul>\n<li><span style=\"font-weight: 400\">Ajudante de Carga e Descarga &#8211; Diadema SP;<\/span><\/li>\n<li><span style=\"font-weight: 400\">Ajudante de Distribui\u00e7\u00e3o &#8211; Betim MG;<\/span><\/li>\n<li><span style=\"font-weight: 400\">Aprendiz &#8211; Feira de Santana BA;\u00a0<\/span><\/li>\n<li><span style=\"font-weight: 400\">Assistente de Frota &#8211; Salto &#8211; SP;<\/span><\/li>\n<li><span style=\"font-weight: 400\">Assistente de Opera\u00e7\u00f5es &#8211; Arax\u00e1 MG;\u00a0<\/span><\/li>\n<li><span style=\"font-weight: 400\">Assistente de Opera\u00e7\u00f5es &#8211; Atibaia SP;<\/span><\/li>\n<li><span style=\"font-weight: 400\">Assistente de Opera\u00e7\u00f5es &#8211; Diadema SP;<\/span><\/li>\n<li><span style=\"font-weight: 400\">Assistente de Seguran\u00e7a do Trabalho &#8211; Santa Luzia\/MG;<\/span><\/li>\n<li><span style=\"font-weight: 400\">Assistente DGS &#8211; Lavras MG;<\/span><\/li>\n<li><span style=\"font-weight: 400\">Assistente Financeiro &#8211; Santa Luzia\/MG;\u00a0<\/span><\/li>\n<li><span style=\"font-weight: 400\">Auxiliar Administrativo &#8211; S\u00e3o Jos\u00e9 dos Pinhais &#8211; PR;\u00a0<\/span><\/li>\n<li><span style=\"font-weight: 400\">Auxiliar de Opera\u00e7\u00f5es &#8211; Controle de Jornada Noturno &#8211; Lavras MG;<\/span><\/li>\n<li><span style=\"font-weight: 400\">Caldeireiro Soldador &#8211; Jata\u00ed GO;\u00a0<\/span><\/li>\n<li><span style=\"font-weight: 400\">Conferente Horista &#8211; Governador Valadares MG;\u00a0<\/span><\/li>\n<li><span style=\"font-weight: 400\">Coordenador(a) Financeiro &#8211; Santa Luzia\/MG;\u00a0<\/span><\/li>\n<li><span style=\"font-weight: 400\">Coordenador de Gest\u00e3o de Pessoas &#8211; Salto SP;<\/span><\/li>\n<li><span style=\"font-weight: 400\">Eletricista &#8211; Jata\u00ed GO;\u00a0<\/span><\/li>\n<li><span style=\"font-weight: 400\">Encarregado de Opera\u00e7\u00f5es &#8211; Tr\u00eas Lagoas MS;<\/span><\/li>\n<li><span style=\"font-weight: 400\">Enfermeiro do Trabalho &#8211; Valpara\u00edso SP;<\/span><\/li>\n<li><span style=\"font-weight: 400\">Instrutor de Motorista &#8211; Gua\u00edba RS;\u00a0<\/span><\/li>\n<li><span style=\"font-weight: 400\">Mec\u00e2nico &#8211; Gua\u00edba RS;<\/span><\/li>\n<li><span style=\"font-weight: 400\">Mec\u00e2nico &#8211; Jata\u00ed GO;\u00a0<\/span><\/li>\n<li><span style=\"font-weight: 400\">Mec\u00e2nico -Len\u00e7\u00f3is Paulista &#8211; S\u00e3o Paulo;<\/span><\/li>\n<li><span style=\"font-weight: 400\">Motorista de Bitrem &#8211; Gua\u00edba &#8211; RS;\u00a0<\/span><\/li>\n<li><span style=\"font-weight: 400\">Motorista de Carreta &#8211; Arax\u00e1 MG;\u00a0<\/span><\/li>\n<li><span style=\"font-weight: 400\">Motorista de Carreta &#8211; Juatuba;\u00a0<\/span><\/li>\n<li><span style=\"font-weight: 400\">Motorista de carreta &#8211; Jundia\u00ed \/ SP;\u00a0<\/span><\/li>\n<li><span style=\"font-weight: 400\">Motorista de Carreta &#8211; Tr\u00eas Lagoas &#8211; MS;<\/span><\/li>\n<li><span style=\"font-weight: 400\">Motorista de Truck &#8211; Salto\/SP;\u00a0\u00a0<\/span><\/li>\n<li><span style=\"font-weight: 400\">Motorista Entregador I (VAN) &#8211; Bonfim &#8211; Belo Horizonte\/MG;\u00a0<\/span><\/li>\n<li><span style=\"font-weight: 400\">Operador de M\u00e1quina (Grua) &#8211; Santa B\u00e1rbara MG;<\/span><\/li>\n<li><span style=\"font-weight: 400\">Assistente de Opera\u00e7\u00f5es &#8211; Jundia\u00ed;\u00a0<\/span><\/li>\n<li><span style=\"font-weight: 400\">Supervisor (a) de Manuten\u00e7\u00e3o &#8211; Santa Luzia\/MG;\u00a0<\/span><\/li>\n<li><span style=\"font-weight: 400\">Supervisor de Opera\u00e7\u00f5es I &#8211; Diadema &#8211; S\u00e3o Paulo;\u00a0<\/span><\/li>\n<li><span style=\"font-weight: 400\">Supervisor de Opera\u00e7\u00f5es I &#8211; Jundia\u00ed SP;\u00a0<\/span><\/li>\n<li><span style=\"font-weight: 400\">Supervisor de Seguran\u00e7a do Trabalho &#8211; Santa Luzia &#8211; MG;\u00a0<\/span><\/li>\n<li><span style=\"font-weight: 400\">Vendedor &#8211; Betim e Regi\u00e3o.<\/span><\/li>\n<\/ul>\n<figure id=\"attachment_7313\" aria-describedby=\"caption-attachment-7313\" style=\"width: 1200px\" class=\"wp-caption aligncenter\"><img decoding=\"async\" class=\"size-full wp-image-7313\" src=\"https:\/\/99empregos.com.br\/wp-content\/uploads\/2022\/11\/expresso-nepomuceno-vagas.jpg\" alt=\"Expresso Nepomuceno abre novas vagas de emprego pelo pa\u00eds. Foto: Divulga\u00e7\u00e3o\" width=\"1200\" height=\"750\" srcset=\"https:\/\/99empregos.com.br\/blog\/wp-content\/uploads\/2022\/11\/expresso-nepomuceno-vagas.jpg 1200w, https:\/\/99empregos.com.br\/blog\/wp-content\/uploads\/2022\/11\/expresso-nepomuceno-vagas-300x188.jpg 300w, https:\/\/99empregos.com.br\/blog\/wp-content\/uploads\/2022\/11\/expresso-nepomuceno-vagas-1024x640.jpg 1024w, https:\/\/99empregos.com.br\/blog\/wp-content\/uploads\/2022\/11\/expresso-nepomuceno-vagas-768x480.jpg 768w\" sizes=\"(max-width: 1200px) 100vw, 1200px\" \/><figcaption id=\"caption-attachment-7313\" class=\"wp-caption-text\">Expresso Nepomuceno abre novas vagas de emprego pelo pa\u00eds. Foto: Divulga\u00e7\u00e3o<\/figcaption><\/figure>\n<h3>Mais informa\u00e7\u00f5es sobre a Expresso Nepomuceno<\/h3>\n<p>A Expresso Nepomuceno figura entre as 10 maiores empresas de Logistica do Brasil, e parte disso devemos ao nosso time, que est\u00e1 sempre em movimento pelas estradas do Brasil. Temos diversas oportunidades para as muitas \u00e1reas que atuam em toda a cadeia log\u00edstica, em n\u00edveis que v\u00e3o desde estagi\u00e1rios at\u00e9 a ger\u00eancia plenas. Al\u00e9m disso estamos espalhados em +30 filiais e pontos de apoio por todo o territ\u00f3rio nacional, com certeza tem uma unidade nossa bem perto de voc\u00ea.<\/p>\n<h3>Como se candidatar<\/h3>\n<p>Se voc\u00ea encontrou uma oportunidade de emprego que se encaixa no seu perfil profissional, <a href=\"https:\/\/99empregos.com.br\/vaga\/expresso-nepomuceno-abre-novas-vagas\/\">basta clicar neste link.<\/a> No entanto, antes de efetivar a sua inscri\u00e7\u00e3o, recomendamos que fa\u00e7a uma revis\u00e3o completa e detalhada de todos os pr\u00e9-requisitos da vaga em quest\u00e3o. Boa sorte!<\/p>\n","protected":false},"excerpt":{"rendered":"<p>A Expresso Nepomuceno, empresa que figura entre as 10 maiores do setor log\u00edstico no Brasil, est\u00e1 com novas oportunidades de emprego abertas. Com um projeto de expans\u00e3o, a companhia est\u00e1 de olho nos seguintes profissionais para integrarem o seu elenco: Ajudante de Carga e Descarga &#8211; Diadema SP; Ajudante de Distribui\u00e7\u00e3o &#8211; Betim MG; Aprendiz [&hellip;]<\/p>\n","protected":false},"author":8,"featured_media":7314,"comment_status":"open","ping_status":"closed","sticky":false,"template":"","format":"standard","meta":{"footnotes":""},"categories":[7],"tags":[962,634,742,16],"class_list":["post-7311","post","type-post","status-publish","format-standard","has-post-thumbnail","hentry","category-noticias","tag-expresso-nepomuceno","tag-oportunidade-unica","tag-vagas-2022","tag-vagas-de-emprego"],"_links":{"self":[{"href":"https:\/\/99empregos.com.br\/blog\/wp-json\/wp\/v2\/posts\/7311","targetHints":{"allow":["GET"]}}],"collection":[{"href":"https:\/\/99empregos.com.br\/blog\/wp-json\/wp\/v2\/posts"}],"about":[{"href":"https:\/\/99empregos.com.br\/blog\/wp-json\/wp\/v2\/types\/post"}],"author":[{"embeddable":true,"href":"https:\/\/99empregos.com.br\/blog\/wp-json\/wp\/v2\/users\/8"}],"replies":[{"embeddable":true,"href":"https:\/\/99empregos.com.br\/blog\/wp-json\/wp\/v2\/comments?post=7311"}],"version-history":[{"count":0,"href":"https:\/\/99empregos.com.br\/blog\/wp-json\/wp\/v2\/posts\/7311\/revisions"}],"wp:featuredmedia":[{"embeddable":true,"href":"https:\/\/99empregos.com.br\/blog\/wp-json\/wp\/v2\/media\/7314"}],"wp:attachment":[{"href":"https:\/\/99empregos.com.br\/blog\/wp-json\/wp\/v2\/media?parent=7311"}],"wp:term":[{"taxonomy":"category","embeddable":true,"href":"https:\/\/99empregos.com.br\/blog\/wp-json\/wp\/v2\/categories?post=7311"},{"taxonomy":"post_tag","embeddable":true,"href":"https:\/\/99empregos.com.br\/blog\/wp-json\/wp\/v2\/tags?post=7311"}],"curies":[{"name":"wp","href":"https:\/\/api.w.org\/{rel}","templated":true}]}}