{"id":7318,"date":"2022-11-25T06:20:55","date_gmt":"2022-11-25T09:20:55","guid":{"rendered":"https:\/\/123empregos.com.br\/?p=7318"},"modified":"2022-11-25T06:20:55","modified_gmt":"2022-11-25T09:20:55","slug":"empresa-de-desenvolvimento-imobiliario-abre-novas-vagas-de-emprego","status":"publish","type":"post","link":"https:\/\/99empregos.com.br\/blog\/empresa-de-desenvolvimento-imobiliario-abre-novas-vagas-de-emprego\/","title":{"rendered":"Empresa de desenvolvimento imobili\u00e1rio abre novas vagas de emprego"},"content":{"rendered":"<p>A Bild, empresa especializada no setor de desenvolvimento imobili\u00e1rio, est\u00e1 com novas <a href=\"https:\/\/99empregos.com.br\/vaga\/bridgestone-do-brasil-anuncia-novos-empregos-pelo-pais\/\">oportunidades de emprego<\/a> abertas. Presente na transforma\u00e7\u00e3o direta dos seus clientes, a companhia segue expandindo os neg\u00f3cios e agora busca novos profissionais para as seguintes \u00e1reas:<\/p>\n<ul>\n<li><span style=\"font-weight: 400\">ALMOXARIFE Uberl\u00e2ndia\/MG;\u00a0\u00a0<\/span><\/li>\n<li><span style=\"font-weight: 400\">ANALISTA COMERCIAL Ribeir\u00e3o Preto\/SP;\u00a0\u00a0<\/span><\/li>\n<li><span style=\"font-weight: 400\">ANALISTA DE PRODUTO S\u00e3o Jos\u00e9 do Rio Preto\/SP;\u00a0\u00a0<\/span><\/li>\n<li><span style=\"font-weight: 400\">Analista de Suprimentos Campinas\/SP;\u00a0\u00a0<\/span><\/li>\n<li><span style=\"font-weight: 400\">ANALISTA DE SUPRIMENTOS CORPORATIVO Ribeir\u00e3o Preto\/SP;\u00a0\u00a0<\/span><\/li>\n<li><span style=\"font-weight: 400\">ANALISTA FISCAL Ribeir\u00e3o Preto\/SP;\u00a0\u00a0<\/span><\/li>\n<li><span style=\"font-weight: 400\">ANALISTA REPASSE Ribeir\u00e3o Preto\/SP;\u00a0\u00a0<\/span><\/li>\n<li><span style=\"font-weight: 400\">ANALISTA SUPRIMENTOS S\u00e3o Jos\u00e9 do Rio Preto\/SP;\u00a0\u00a0<\/span><\/li>\n<li><span style=\"font-weight: 400\">Analista T\u00e9cnico de Terraplenagem Ribeir\u00e3o Preto\/SP;\u00a0\u00a0<\/span><\/li>\n<li><span style=\"font-weight: 400\">Assistente Central de Comiss\u00f5es Ribeir\u00e3o Preto\/SP e Remoto;\u00a0\u00a0<\/span><\/li>\n<li><span style=\"font-weight: 400\">Banco de Talentos Ribeir\u00e3o Preto\/SP;\u00a0<\/span><\/li>\n<li><span style=\"font-weight: 400\">CONSULTOR DE NEG\u00d3CIOS IMOBILI\u00c1RIOS &#8211; TERCEIROS S\u00e3o Jos\u00e9 do Rio Preto\/SP;\u00a0<\/span><\/li>\n<li><span style=\"font-weight: 400\">Consultor de Vendas Bauru\/SP;\u00a0<\/span><\/li>\n<li><span style=\"font-weight: 400\">Consultor de Vendas Mar\u00edlia\/SP;\u00a0<\/span><\/li>\n<li><span style=\"font-weight: 400\">Consultor de Vendas Ribeir\u00e3o Preto\/SP;\u00a0<\/span><\/li>\n<li><span style=\"font-weight: 400\">Consultor de Vendas S\u00e3o Jos\u00e9 do Rio Preto\/SP;\u00a0<\/span><\/li>\n<li><span style=\"font-weight: 400\">Consultor de Vendas Uberl\u00e2ndia\/MG;\u00a0<\/span><\/li>\n<li><span style=\"font-weight: 400\">Consultor de Vendas Sorocaba\/SP;\u00a0<\/span><\/li>\n<li><span style=\"font-weight: 400\">Consultor de Vendas Sorocaba\/SP;\u00a0<\/span><\/li>\n<li><span style=\"font-weight: 400\">Consultor de Vendas Araraquara\/SP;\u00a0<\/span><\/li>\n<li><span style=\"font-weight: 400\">Consultor de Vendas Campinas\/SP;\u00a0<\/span><\/li>\n<li><span style=\"font-weight: 400\">Consultor de Vendas Campinas\/SP;\u00a0<\/span><\/li>\n<li><span style=\"font-weight: 400\">Consultor de Vendas Digital Bauru\/SP;\u00a0<\/span><\/li>\n<li><span style=\"font-weight: 400\">Coordenador de produ\u00e7\u00e3o Uberl\u00e2ndia\/MG;\u00a0\u00a0<\/span><\/li>\n<li><span style=\"font-weight: 400\">COORDENADOR PRODU\u00c7\u00c3O Piracicaba\/SP;\u00a0\u00a0<\/span><\/li>\n<li><span style=\"font-weight: 400\">ESTAGI\u00c1RIO Ribeir\u00e3o Preto\/SP;\u00a0<\/span><\/li>\n<li><span style=\"font-weight: 400\">ESTAGI\u00c1RIO Franca\/SP;\u00a0<\/span><\/li>\n<li><span style=\"font-weight: 400\">Estagi\u00e1rio Londrina\/PR;\u00a0<\/span><\/li>\n<li><span style=\"font-weight: 400\">Estagi\u00e1rio de Engenharia Civil Uberl\u00e2ndia\/MG;\u00a0<\/span><\/li>\n<li><span style=\"font-weight: 400\">ESTAGI\u00c1RIO EM ENGENHARIA CIVIL Uberl\u00e2ndia\/MG;\u00a0<\/span><\/li>\n<li><span style=\"font-weight: 400\">ESTAGI\u00c1RIO ENGENHARIA &#8211; ASSIST\u00caNCIA T\u00c9CNICA Ribeir\u00e3o Preto\/SP;\u00a0<\/span><\/li>\n<li><span style=\"font-weight: 400\">Estagi\u00e1rio &#8211; Engenharia Civil Piracicaba\/SP;\u00a0<\/span><\/li>\n<li><span style=\"font-weight: 400\">EXECUTIVO DE VENDAS BILD Uberaba\/MG;<\/span><\/li>\n<li><span style=\"font-weight: 400\">GERENTE DE VENDAS Franca\/SP;\u00a0<\/span><\/li>\n<li><span style=\"font-weight: 400\">OPERADOR EMPILHADEIRA Piracicaba\/SP.<\/span><\/li>\n<\/ul>\n<figure id=\"attachment_7321\" aria-describedby=\"caption-attachment-7321\" style=\"width: 1200px\" class=\"wp-caption aligncenter\"><img decoding=\"async\" class=\"size-full wp-image-7321\" src=\"https:\/\/99empregos.com.br\/wp-content\/uploads\/2022\/11\/bild.jpg\" alt=\"Bild abre novas vagas de emprego pelo pa\u00eds, confira. Foto: Divulga\u00e7\u00e3o\" width=\"1200\" height=\"750\" srcset=\"https:\/\/99empregos.com.br\/blog\/wp-content\/uploads\/2022\/11\/bild.jpg 1200w, https:\/\/99empregos.com.br\/blog\/wp-content\/uploads\/2022\/11\/bild-300x188.jpg 300w, https:\/\/99empregos.com.br\/blog\/wp-content\/uploads\/2022\/11\/bild-1024x640.jpg 1024w, https:\/\/99empregos.com.br\/blog\/wp-content\/uploads\/2022\/11\/bild-768x480.jpg 768w\" sizes=\"(max-width: 1200px) 100vw, 1200px\" \/><figcaption id=\"caption-attachment-7321\" class=\"wp-caption-text\">Bild abre novas vagas de emprego pelo pa\u00eds, confira. Foto: Divulga\u00e7\u00e3o<\/figcaption><\/figure>\n<h3>Mais informa\u00e7\u00f5es sobre a Bild<\/h3>\n<p class=\"ql-align-justify\">A Bild tem a honra de acompanhar as transforma\u00e7\u00f5es nas vidas de seus clientes, de v\u00ea-los conquistando, formando fam\u00edlias, realizando sonhos e evoluindo sempre. Seus produtos s\u00e3o o cen\u00e1rio, o ch\u00e3o, o teto para todos esses movimentos, para toda esta vida. A empresa \u00e9 orgulhosa de todos que vestem a camisa laranja, adora ver seus colaboradores, crescendo, aprendendo, empreendendo e tendo a felicidade como um valor.<\/p>\n<p class=\"ql-align-justify\">Assistem orgulhosos o crescimento e comprometimento de cada um. Todos os dias, os Bilders acordam para fazer melhor que ontem, com uma inquietude t\u00edpica destes cora\u00e7\u00f5es que vibram em laranja, em seu nome. A Bild \u00e9 uma empresa em constante movimento e um deles est\u00e1 direcionado \u00e0 busca de maior diversidade e inclus\u00e3o\u00a0em nosso ecossistema.<\/p>\n<h3>Como se candidatar<\/h3>\n<p>Se voc\u00ea encontrou uma oportunidade de emprego que se encaixa com o seu perfil profissional,<a href=\"https:\/\/99empregos.com.br\/vaga\/bild-abre-novas-vagas-de-emprego-pelo-pais\/\"> basta clicar neste link<\/a> para se candidatar. No entanto, antes de efetivar sua inscri\u00e7\u00e3o, recomendamos que fa\u00e7a uma revis\u00e3o completa e detalhada de todos os pr\u00e9-requisitos solicitados. Boa sorte!<\/p>\n","protected":false},"excerpt":{"rendered":"<p>A Bild, empresa especializada no setor de desenvolvimento imobili\u00e1rio, est\u00e1 com novas oportunidades de emprego abertas. Presente na transforma\u00e7\u00e3o direta dos seus clientes, a companhia segue expandindo os neg\u00f3cios e agora busca novos profissionais para as seguintes \u00e1reas: ALMOXARIFE Uberl\u00e2ndia\/MG;\u00a0\u00a0 ANALISTA COMERCIAL Ribeir\u00e3o Preto\/SP;\u00a0\u00a0 ANALISTA DE PRODUTO S\u00e3o Jos\u00e9 do Rio Preto\/SP;\u00a0\u00a0 Analista de Suprimentos [&hellip;]<\/p>\n","protected":false},"author":8,"featured_media":7320,"comment_status":"open","ping_status":"closed","sticky":false,"template":"","format":"standard","meta":{"footnotes":""},"categories":[7],"tags":[778,742,16],"class_list":["post-7318","post","type-post","status-publish","format-standard","has-post-thumbnail","hentry","category-noticias","tag-novas-oportunidades","tag-vagas-2022","tag-vagas-de-emprego"],"_links":{"self":[{"href":"https:\/\/99empregos.com.br\/blog\/wp-json\/wp\/v2\/posts\/7318","targetHints":{"allow":["GET"]}}],"collection":[{"href":"https:\/\/99empregos.com.br\/blog\/wp-json\/wp\/v2\/posts"}],"about":[{"href":"https:\/\/99empregos.com.br\/blog\/wp-json\/wp\/v2\/types\/post"}],"author":[{"embeddable":true,"href":"https:\/\/99empregos.com.br\/blog\/wp-json\/wp\/v2\/users\/8"}],"replies":[{"embeddable":true,"href":"https:\/\/99empregos.com.br\/blog\/wp-json\/wp\/v2\/comments?post=7318"}],"version-history":[{"count":0,"href":"https:\/\/99empregos.com.br\/blog\/wp-json\/wp\/v2\/posts\/7318\/revisions"}],"wp:featuredmedia":[{"embeddable":true,"href":"https:\/\/99empregos.com.br\/blog\/wp-json\/wp\/v2\/media\/7320"}],"wp:attachment":[{"href":"https:\/\/99empregos.com.br\/blog\/wp-json\/wp\/v2\/media?parent=7318"}],"wp:term":[{"taxonomy":"category","embeddable":true,"href":"https:\/\/99empregos.com.br\/blog\/wp-json\/wp\/v2\/categories?post=7318"},{"taxonomy":"post_tag","embeddable":true,"href":"https:\/\/99empregos.com.br\/blog\/wp-json\/wp\/v2\/tags?post=7318"}],"curies":[{"name":"wp","href":"https:\/\/api.w.org\/{rel}","templated":true}]}}