{"id":7592,"date":"2022-11-27T07:28:02","date_gmt":"2022-11-27T10:28:02","guid":{"rendered":"https:\/\/123empregos.com.br\/?p=7592"},"modified":"2022-11-27T07:28:02","modified_gmt":"2022-11-27T10:28:02","slug":"multinacional-brasileira-abre-novas-oportunidades-de-emprego","status":"publish","type":"post","link":"https:\/\/99empregos.com.br\/blog\/multinacional-brasileira-abre-novas-oportunidades-de-emprego\/","title":{"rendered":"Multinacional brasileira abre novas oportunidades de emprego"},"content":{"rendered":"<p>A Ubyfol Agroqu\u00edmica, multinacional com mais de 30 anos no mercado, est\u00e1 com <a href=\"https:\/\/99empregos.com.br\/vaga\/karsten-divulga-vagas-de-emprego-pelo-brasil\/\">novas vagas de emprego<\/a>. Eleitos a melhor empresa de nutri\u00e7\u00e3o vegetal do Brasil, a companhia segue expandindo os seus neg\u00f3cios e agora est\u00e1 com as seguintes vagas de emprego abertas:<\/p>\n<ul>\n<li><span style=\"font-weight: 400\">Analista de Pessoal PL &#8211; Uberaba\/MG;\u00a0<\/span><\/li>\n<li><span style=\"font-weight: 400\">ATV (Assistente T\u00e9cnico de Vendas) &#8211; Maring\u00e1\/PR;\u00a0<\/span><\/li>\n<li><span style=\"font-weight: 400\">ATV (Assistente T\u00e9cnico de Vendas) &#8211; Matup\u00e1\/MT;\u00a0<\/span><\/li>\n<li><span style=\"font-weight: 400\">ATV (Assistente T\u00e9cnico de Vendas) &#8211; Quer\u00eancia\/MT;\u00a0<\/span><\/li>\n<li><span style=\"font-weight: 400\">Banco de Talentos &#8211; Mulheres Uberaba\/MG;\u00a0<\/span><\/li>\n<li><span style=\"font-weight: 400\">Banco de Talentos &#8211; Time Administrativo Uby Uberaba\/MG;\u00a0<\/span><\/li>\n<li><span style=\"font-weight: 400\">Banco de Talentos &#8211; Time Comercial Uby Uberaba\/MG;<\/span><\/li>\n<li><span style=\"font-weight: 400\">Banco de Talentos &#8211; Time Operacional Uby Uberaba\/MG;\u00a0<\/span><\/li>\n<li><span style=\"font-weight: 400\">Banco de talentos UBY &#8211; PCD Uberaba\/MG;\u00a0<\/span><\/li>\n<li><span style=\"font-weight: 400\">Coordenador(a) de Desenvolvimento T\u00e9cnico de Mercado &#8211; BR 163 e Parecis\/RO Lucas do Rio Verde\/MT;\u00a0\u00a0<\/span><\/li>\n<li><span style=\"font-weight: 400\">Coordenador(a) de Desenvolvimento T\u00e9cnico de Mercado &#8211; MT Sul, Vale do Araguaia e MS Rondon\u00f3polis\/MT;\u00a0\u00a0<\/span><\/li>\n<li><span style=\"font-weight: 400\">Coordenador(a) de Desenvolvimento T\u00e9cnico de Mercado &#8211; Regi\u00e3o GO e Noroeste MG Uberl\u00e2ndia\/MG;\u00a0\u00a0<\/span><\/li>\n<li><span style=\"font-weight: 400\">Coordenador(a) de Desenvolvimento T\u00e9cnico de Mercado &#8211; Regi\u00e3o Sul do Pa\u00eds (PR\/SC\/RS);\u00a0\u00a0<\/span><\/li>\n<li><span style=\"font-weight: 400\">Especialista em Nutri\u00e7\u00e3o Vegetal (\u00c1rea Comercial) &#8211; Balsas\/MA Balsas\/MA;\u00a0\u00a0<\/span><\/li>\n<li><span style=\"font-weight: 400\">Especialista em Nutri\u00e7\u00e3o Vegetal (\u00c1rea Comercial) &#8211; Bom Jesus\/PI Bom Jesus\/PI;\u00a0\u00a0<\/span><\/li>\n<li><span style=\"font-weight: 400\">Especialista em Nutri\u00e7\u00e3o Vegetal (\u00c1rea Comercial) &#8211; Cachoeira do Sul\/RS Cachoeira do Sul\/RS;\u00a0\u00a0<\/span><\/li>\n<li><span style=\"font-weight: 400\">Especialista em Nutri\u00e7\u00e3o Vegetal (\u00c1rea Comercial) &#8211; Campos Novos\/SC;<\/span><\/li>\n<li><span style=\"font-weight: 400\">Especialista em Nutri\u00e7\u00e3o Vegetal (\u00c1rea Comercial) &#8211; Guarapuava\/PR;<\/span><\/li>\n<li><span style=\"font-weight: 400\">Especialista em Nutri\u00e7\u00e3o Vegetal (\u00c1rea Comercial) &#8211; Nova Mutum\/MT;<\/span><\/li>\n<li><span style=\"font-weight: 400\">Especialista em Nutri\u00e7\u00e3o Vegetal (\u00c1rea Comercial) &#8211; Pelotas\/RS;\u00a0<\/span><\/li>\n<li><span style=\"font-weight: 400\">Especialista em Nutri\u00e7\u00e3o Vegetal (\u00c1rea Comercial) &#8211; Uruguaiana\/RS;<\/span><\/li>\n<li><span style=\"font-weight: 400\">Gerente de P&amp;D (Pesquisa e Desenvolvimento) &#8211; Uberaba\/MG;\u00a0<\/span><\/li>\n<li><span style=\"font-weight: 400\">Gerente Regional de Vendas &#8211; BR163 Cuiab\u00e1\/MT.<\/span><\/li>\n<\/ul>\n<figure id=\"attachment_7594\" aria-describedby=\"caption-attachment-7594\" style=\"width: 1200px\" class=\"wp-caption aligncenter\"><img decoding=\"async\" class=\"size-full wp-image-7594\" src=\"https:\/\/99empregos.com.br\/wp-content\/uploads\/2022\/11\/ubyfol-oportunidades.jpg\" alt=\"Ubyfol Agroqu\u00edmica abre novas vagas de emprego, confira. Foto: Divulga\u00e7\u00e3o\" width=\"1200\" height=\"750\" srcset=\"https:\/\/99empregos.com.br\/blog\/wp-content\/uploads\/2022\/11\/ubyfol-oportunidades.jpg 1200w, https:\/\/99empregos.com.br\/blog\/wp-content\/uploads\/2022\/11\/ubyfol-oportunidades-300x188.jpg 300w, https:\/\/99empregos.com.br\/blog\/wp-content\/uploads\/2022\/11\/ubyfol-oportunidades-1024x640.jpg 1024w, https:\/\/99empregos.com.br\/blog\/wp-content\/uploads\/2022\/11\/ubyfol-oportunidades-768x480.jpg 768w\" sizes=\"(max-width: 1200px) 100vw, 1200px\" \/><figcaption id=\"caption-attachment-7594\" class=\"wp-caption-text\">Ubyfol Agroqu\u00edmica abre novas vagas de emprego, confira. Foto: Divulga\u00e7\u00e3o<\/figcaption><\/figure>\n<h3>Mais informa\u00e7\u00f5es sobre a Ubyfol Agroqu\u00edmica<\/h3>\n<p>A Ubyfol \u00e9 uma multinacional brasileira especialista em nutri\u00e7\u00e3o vegetal que trabalha no desenvolvimento de produtos especiais, fornecendo macro e micronutrientes para recobrimento de gr\u00e2nulos, tratamento de sementes, mudas, toletes, e aplica\u00e7\u00f5es foliares para todas as culturas agr\u00edcolas.<\/p>\n<p>Fundada em 1985, a empresa atua em todo o territ\u00f3rio nacional, no Paraguai e em Portugal. Eleita a melhor empresa de nutri\u00e7\u00e3o vegetal do Brasil por diversas institui\u00e7\u00f5es independentes, a Ubyfol semeia a valoriza\u00e7\u00e3o humana como cultura empresarial e une esfor\u00e7os para levar ao agricultor solu\u00e7\u00f5es eficientes, apoiadas no conhecimento cient\u00edfico e no dom\u00ednio das tecnologias mais recentes.<\/p>\n<h3>Como se candidatar<\/h3>\n<p>Se voc\u00ea encontrou uma oportunidade de emprego na Ubyfol, <a href=\"https:\/\/99empregos.com.br\/vaga\/ubyfol-agroquimica-abre-novas-vagas-de-emprego-confira\/\">basta clicar neste link<\/a> para se candidatar. No entanto, antes de efetivar suas inscri\u00e7\u00e3o, recomendamos que fa\u00e7a uma revis\u00e3o completa de todos os pr\u00e9-requisitos solicitados pela empresa e vaga em quest\u00e3o. Boa sorte!<\/p>\n","protected":false},"excerpt":{"rendered":"<p>A Ubyfol Agroqu\u00edmica, multinacional com mais de 30 anos no mercado, est\u00e1 com novas vagas de emprego. Eleitos a melhor empresa de nutri\u00e7\u00e3o vegetal do Brasil, a companhia segue expandindo os seus neg\u00f3cios e agora est\u00e1 com as seguintes vagas de emprego abertas: Analista de Pessoal PL &#8211; Uberaba\/MG;\u00a0 ATV (Assistente T\u00e9cnico de Vendas) &#8211; [&hellip;]<\/p>\n","protected":false},"author":8,"featured_media":7595,"comment_status":"open","ping_status":"closed","sticky":false,"template":"","format":"standard","meta":{"footnotes":""},"categories":[7],"tags":[4,37,742],"class_list":["post-7592","post","type-post","status-publish","format-standard","has-post-thumbnail","hentry","category-noticias","tag-emprego","tag-vagas","tag-vagas-2022"],"_links":{"self":[{"href":"https:\/\/99empregos.com.br\/blog\/wp-json\/wp\/v2\/posts\/7592","targetHints":{"allow":["GET"]}}],"collection":[{"href":"https:\/\/99empregos.com.br\/blog\/wp-json\/wp\/v2\/posts"}],"about":[{"href":"https:\/\/99empregos.com.br\/blog\/wp-json\/wp\/v2\/types\/post"}],"author":[{"embeddable":true,"href":"https:\/\/99empregos.com.br\/blog\/wp-json\/wp\/v2\/users\/8"}],"replies":[{"embeddable":true,"href":"https:\/\/99empregos.com.br\/blog\/wp-json\/wp\/v2\/comments?post=7592"}],"version-history":[{"count":0,"href":"https:\/\/99empregos.com.br\/blog\/wp-json\/wp\/v2\/posts\/7592\/revisions"}],"wp:featuredmedia":[{"embeddable":true,"href":"https:\/\/99empregos.com.br\/blog\/wp-json\/wp\/v2\/media\/7595"}],"wp:attachment":[{"href":"https:\/\/99empregos.com.br\/blog\/wp-json\/wp\/v2\/media?parent=7592"}],"wp:term":[{"taxonomy":"category","embeddable":true,"href":"https:\/\/99empregos.com.br\/blog\/wp-json\/wp\/v2\/categories?post=7592"},{"taxonomy":"post_tag","embeddable":true,"href":"https:\/\/99empregos.com.br\/blog\/wp-json\/wp\/v2\/tags?post=7592"}],"curies":[{"name":"wp","href":"https:\/\/api.w.org\/{rel}","templated":true}]}}