{"id":7767,"date":"2022-11-28T06:11:52","date_gmt":"2022-11-28T09:11:52","guid":{"rendered":"https:\/\/123empregos.com.br\/?p=7767"},"modified":"2022-11-28T06:11:52","modified_gmt":"2022-11-28T09:11:52","slug":"empresa-de-construcao-civil-contrata-agora-mesmo","status":"publish","type":"post","link":"https:\/\/99empregos.com.br\/blog\/empresa-de-construcao-civil-contrata-agora-mesmo\/","title":{"rendered":"Empresa de constru\u00e7\u00e3o civil contrata agora mesmo!"},"content":{"rendered":"<p>O Grupo Direcional, empresa do ramo da constru\u00e7\u00e3o civil que possui mais de 40 anos de mercado, est\u00e1 com <a href=\"https:\/\/99empregos.com.br\/multinacional-brasileira-abre-novas-oportunidades-de-emprego\/\">novas oportunidades<\/a> abertas. Com o lan\u00e7amento da Riva Incorporadora em 2020, a companhia expandiu mais ainda seus investimentos e agora precisa dos seguintes profissionais:<\/p>\n<ul>\n<li><span style=\"font-weight: 400\">ANALISTA DE BI Belo Horizonte\/MG;\u00a0\u00a0<\/span><\/li>\n<li><span style=\"font-weight: 400\">ANALISTA DE INCORPORA\u00c7\u00c3O PLENO S\u00e3o Paulo;\u00a0\u00a0<\/span><\/li>\n<li><span style=\"font-weight: 400\">Analista de Novos Neg\u00f3cios Belo Horizonte\/MG;\u00a0\u00a0<\/span><\/li>\n<li><span style=\"font-weight: 400\">Analista de Novos Neg\u00f3cios Belo Horizonte\/MG;\u00a0\u00a0<\/span><\/li>\n<li><span style=\"font-weight: 400\">ANALISTA DE OR\u00c7AMENTOS Belo Horizonte\/MG;\u00a0\u00a0<\/span><\/li>\n<li><span style=\"font-weight: 400\">ANALISTA DE PRODUTO PL Rio de Janeiro\/RJ;\u00a0\u00a0<\/span><\/li>\n<li><span style=\"font-weight: 400\">ANALISTA DE PRODUTO PL BRAS\u00cdLIA;\u00a0\u00a0<\/span><\/li>\n<li><span style=\"font-weight: 400\">ANALISTA DE PRODUTO PL Fortaleza;\u00a0<\/span><\/li>\n<li><span style=\"font-weight: 400\">ANALISTA DE RH BRAS\u00cdLIA;\u00a0\u00a0<\/span><\/li>\n<li><span style=\"font-weight: 400\">ANALISTA DE SEGURAN\u00c7A DA INFORMA\u00c7\u00c3O Belo Horizonte\/MG e Remoto;\u00a0\u00a0<\/span><\/li>\n<li><span style=\"font-weight: 400\">ANALISTA DE SISTEMAS PL Belo Horizonte\/MG;\u00a0\u00a0<\/span><\/li>\n<li><span style=\"font-weight: 400\">ANALISTA DE SUPRIMENTOS JR Belo Horizonte\/MG;\u00a0\u00a0<\/span><\/li>\n<li><span style=\"font-weight: 400\">ANALISTA FISCAL PL S\u00e3o Paulo;\u00a0\u00a0<\/span><\/li>\n<li><span style=\"font-weight: 400\">APRENDIZ Ribeir\u00e3o Preto\/SP;\u00a0<\/span><\/li>\n<li><span style=\"font-weight: 400\">APRENDIZ Po\u00e1\/SP;\u00a0<\/span><\/li>\n<li><span style=\"font-weight: 400\">ASSISTENTE ADMINISTRATIVO S\u00e3o Paulo;\u00a0\u00a0<\/span><\/li>\n<li><span style=\"font-weight: 400\">ASSISTENTE ADMINISTRATIVO DE OBRA Ribeir\u00e3o Preto\/SP;\u00a0\u00a0<\/span><\/li>\n<li><span style=\"font-weight: 400\">ASSISTENTE DE ATENDIMENTO &#8211; G.A Belo Horizonte\/MG;\u00a0\u00a0<\/span><\/li>\n<li><span style=\"font-weight: 400\">ASSISTENTE DE ATENDIMENTO &#8211; PCD Belo Horizonte\/MG;\u00a0\u00a0<\/span><\/li>\n<li><span style=\"font-weight: 400\">ASSISTENTE DE ENGENHARIA Belo Horizonte\/MG;\u00a0\u00a0<\/span><\/li>\n<li><span style=\"font-weight: 400\">ASSISTENTE DE RELACIONAMENTO COM O CLIENTE &#8211; P\u00d3S VENDAS Belo Horizonte\/MG;\u00a0\u00a0<\/span><\/li>\n<li><span style=\"font-weight: 400\">ASSISTENTE DE RH &#8211; CAMPINAS \/SP;<\/span><\/li>\n<li><span style=\"font-weight: 400\">ASSISTENTE DE RH &#8211; RIBEIR\u00c3O PRETO\/SP;\u00a0<\/span><\/li>\n<li><span style=\"font-weight: 400\">ASSISTENTE FINANCEIRO Belo Horizonte\/MG;\u00a0\u00a0<\/span><\/li>\n<li><span style=\"font-weight: 400\">AUXILIAR DE ALMOXARIFE Limeira\/SP;\u00a0\u00a0<\/span><\/li>\n<li><span style=\"font-weight: 400\">Auxiliar de Arquivo &#8211; PCD Belo Horizonte\/MG;\u00a0\u00a0<\/span><\/li>\n<li><span style=\"font-weight: 400\">AUXILIAR DE ARQUIVO PCD Belo Horizonte\/MG;\u00a0\u00a0<\/span><\/li>\n<li><span style=\"font-weight: 400\">AUXILIAR DE COBRAN\u00c7A Belo Horizonte\/MG;\u00a0\u00a0<\/span><\/li>\n<li><span style=\"font-weight: 400\">CONSULTOR(A) DE VENDAS IMOBILI\u00c1RIAS Fortaleza\/CE;\u00a0<\/span><\/li>\n<li><span style=\"font-weight: 400\">CONSULTOR DE VENDAS IMOBILI\u00c1RIAS Belo Horizonte\/MG;\u00a0<\/span><\/li>\n<li><span style=\"font-weight: 400\">COORDENADOR COMERCIAL MANAUS;\u00a0\u00a0<\/span><\/li>\n<li><span style=\"font-weight: 400\">COORDENADOR COMERCIAL Manaus\/AM;\u00a0\u00a0<\/span><\/li>\n<li><span style=\"font-weight: 400\">COORDENADOR COMERCIAL BRAS\u00cdLIA;<\/span><\/li>\n<li><span style=\"font-weight: 400\">Corretor de Im\u00f3veis Interior SP;<\/span><\/li>\n<li><span style=\"font-weight: 400\">ENGENHEIRO (A) CIVIL MANAUS;\u00a0\u00a0<\/span><\/li>\n<li><span style=\"font-weight: 400\">ENGENHEIRO(A) CIVIL Belo Horizonte\/MG;\u00a0\u00a0<\/span><\/li>\n<li><span style=\"font-weight: 400\">ENGENHEIRO EM SEGURAN\u00c7A DO TRABALHO Campinas\/SP;\u00a0\u00a0<\/span><\/li>\n<li><span style=\"font-weight: 400\">ESPECIALISTA EM SUPRIMENTOS Belo Horizonte\/MG;\u00a0\u00a0<\/span><\/li>\n<li><span style=\"font-weight: 400\">ESTAGI\u00c1RIO DE ARQUITETURA BRAS\u00cdLIA;\u00a0<\/span><\/li>\n<li><span style=\"font-weight: 400\">ESTAGI\u00c1RIO DE ARQUITETURA BRAS\u00cdLIA.<\/span><\/li>\n<\/ul>\n<figure id=\"attachment_7769\" aria-describedby=\"caption-attachment-7769\" style=\"width: 1200px\" class=\"wp-caption aligncenter\"><img decoding=\"async\" class=\"size-full wp-image-7769\" src=\"https:\/\/99empregos.com.br\/wp-content\/uploads\/2022\/11\/direcional-oportunidades.jpg\" alt=\"Grupo Direcional abre novas vagas de emprego, confira. Foto: Divulga\u00e7\u00e3o\" width=\"1200\" height=\"750\" srcset=\"https:\/\/99empregos.com.br\/blog\/wp-content\/uploads\/2022\/11\/direcional-oportunidades.jpg 1200w, https:\/\/99empregos.com.br\/blog\/wp-content\/uploads\/2022\/11\/direcional-oportunidades-300x188.jpg 300w, https:\/\/99empregos.com.br\/blog\/wp-content\/uploads\/2022\/11\/direcional-oportunidades-1024x640.jpg 1024w, https:\/\/99empregos.com.br\/blog\/wp-content\/uploads\/2022\/11\/direcional-oportunidades-768x480.jpg 768w\" sizes=\"(max-width: 1200px) 100vw, 1200px\" \/><figcaption id=\"caption-attachment-7769\" class=\"wp-caption-text\">Grupo Direcional abre novas vagas de emprego, confira. Foto: Divulga\u00e7\u00e3o<\/figcaption><\/figure>\n<h3>Mais informa\u00e7\u00f5es sobre o Grupo Direcional<\/h3>\n<p>H\u00e1 41 anos, a Direcional constr\u00f3i o sonho de milhares de fam\u00edlias com responsabilidade, qualidade e, principalmente, compromisso. Sempre com um empreendimento pensado para cada perfil, a empresa busca valorizar os condom\u00ednios com projetos modernos e funcionais, desenvolvidos para superar as expectativas de diversas fam\u00edlias e, mais do que isso, para realizar o sonho da casa pr\u00f3pria.<\/p>\n<p>Em 2020, a empresa cresceu com o lan\u00e7amento da Riva Incorporadora. Pertencente ao Grupo Direcional, a Riva j\u00e1 chegou ao mercado com toda robustez e excel\u00eancia da Companhia. Desde que ficou institu\u00edda, a Riva vem unindo conforto, efici\u00eancia e qualidade a um pre\u00e7o acess\u00edvel.<\/p>\n<h3>Como se candidatar<\/h3>\n<p>Se voc\u00ea encontrou uma oportunidade de emprego que se encaixa com o seu perfil profissional,<a href=\"https:\/\/99empregos.com.br\/vaga\/grupo-direcional-abre-novas-vagas-de-emprego-confira\/\"> basta clicar neste link<\/a> para se candidatar. No entanto, antes de efetivar a sua inscri\u00e7\u00e3o, recomendamos que fa\u00e7a uma revis\u00e3o completa de todos os pr\u00e9-requisitos solicitados. Boa sorte!<\/p>\n","protected":false},"excerpt":{"rendered":"<p>O Grupo Direcional, empresa do ramo da constru\u00e7\u00e3o civil que possui mais de 40 anos de mercado, est\u00e1 com novas oportunidades abertas. Com o lan\u00e7amento da Riva Incorporadora em 2020, a companhia expandiu mais ainda seus investimentos e agora precisa dos seguintes profissionais: ANALISTA DE BI Belo Horizonte\/MG;\u00a0\u00a0 ANALISTA DE INCORPORA\u00c7\u00c3O PLENO S\u00e3o Paulo;\u00a0\u00a0 Analista [&hellip;]<\/p>\n","protected":false},"author":8,"featured_media":7770,"comment_status":"open","ping_status":"closed","sticky":false,"template":"","format":"standard","meta":{"footnotes":""},"categories":[7],"tags":[5,778,742],"class_list":["post-7767","post","type-post","status-publish","format-standard","has-post-thumbnail","hentry","category-noticias","tag-empregos","tag-novas-oportunidades","tag-vagas-2022"],"_links":{"self":[{"href":"https:\/\/99empregos.com.br\/blog\/wp-json\/wp\/v2\/posts\/7767","targetHints":{"allow":["GET"]}}],"collection":[{"href":"https:\/\/99empregos.com.br\/blog\/wp-json\/wp\/v2\/posts"}],"about":[{"href":"https:\/\/99empregos.com.br\/blog\/wp-json\/wp\/v2\/types\/post"}],"author":[{"embeddable":true,"href":"https:\/\/99empregos.com.br\/blog\/wp-json\/wp\/v2\/users\/8"}],"replies":[{"embeddable":true,"href":"https:\/\/99empregos.com.br\/blog\/wp-json\/wp\/v2\/comments?post=7767"}],"version-history":[{"count":0,"href":"https:\/\/99empregos.com.br\/blog\/wp-json\/wp\/v2\/posts\/7767\/revisions"}],"wp:featuredmedia":[{"embeddable":true,"href":"https:\/\/99empregos.com.br\/blog\/wp-json\/wp\/v2\/media\/7770"}],"wp:attachment":[{"href":"https:\/\/99empregos.com.br\/blog\/wp-json\/wp\/v2\/media?parent=7767"}],"wp:term":[{"taxonomy":"category","embeddable":true,"href":"https:\/\/99empregos.com.br\/blog\/wp-json\/wp\/v2\/categories?post=7767"},{"taxonomy":"post_tag","embeddable":true,"href":"https:\/\/99empregos.com.br\/blog\/wp-json\/wp\/v2\/tags?post=7767"}],"curies":[{"name":"wp","href":"https:\/\/api.w.org\/{rel}","templated":true}]}}