{"id":7928,"date":"2022-11-29T06:51:56","date_gmt":"2022-11-29T09:51:56","guid":{"rendered":"https:\/\/123empregos.com.br\/?p=7928"},"modified":"2022-11-29T06:51:56","modified_gmt":"2022-11-29T09:51:56","slug":"grupo-educacional-abre-vagas-por-todo-brasil","status":"publish","type":"post","link":"https:\/\/99empregos.com.br\/blog\/grupo-educacional-abre-vagas-por-todo-brasil\/","title":{"rendered":"Grupo educacional abre vagas por todo Brasil"},"content":{"rendered":"<p>O Grupo SEB, formador de um dos mais conhecidos sistemas de ensino do Brasil, est\u00e1 com <a href=\"https:\/\/99empregos.com.br\/heineken-abre-vagas-para-niveis-medio-tecnico-e-superior\/\">diversas vagas de emprego<\/a> espalhadas pelo pa\u00eds. Com um time formado por mais de 6 mil contribuintes, a companhia segue expandindo os seus neg\u00f3cios e agora busca os seguintes profissionais:<\/p>\n<ul>\n<li><span style=\"font-weight: 400\">Agente Escolar S\u00e3o Paulo\/SP Banco de talentos;\u00a0<\/span><\/li>\n<li><span style=\"font-weight: 400\">Agente Escolar &#8211; PCD S\u00e3o Jos\u00e9 dos Campos\/SP;\u00a0\u00a0<\/span><\/li>\n<li><span style=\"font-weight: 400\">Agente Escolar (PCD) S\u00e3o Paulo\/SP Banco de talentos;\u00a0<\/span><\/li>\n<li><span style=\"font-weight: 400\">Agente Escolar- Unidade Ribeir\u00e2nia Ribeir\u00e3o Preto\/SP;\u00a0\u00a0<\/span><\/li>\n<li><span style=\"font-weight: 400\">Analista de Compras Pleno Ribeir\u00e3o Preto\/SP;\u00a0\u00a0<\/span><\/li>\n<li><span style=\"font-weight: 400\">Analista de Marketing Bil\u00edngue Ribeir\u00e3o Preto\/SP;\u00a0\u00a0<\/span><\/li>\n<li><span style=\"font-weight: 400\">Analista de Marketing J\u00fanior S\u00e3o Paulo\/SP;\u00a0\u00a0<\/span><\/li>\n<li><span style=\"font-weight: 400\">Analista de Relacionamento Acad\u00eamico Jr &#8211; PCD Curitiba\/PR;\u00a0\u00a0<\/span><\/li>\n<li><span style=\"font-weight: 400\">Analista de Sistemas Pl Curitiba\/PR\u00a0 Analista Financeiro Jr Belo Horizonte\/MG;\u00a0\u00a0<\/span><\/li>\n<li><span style=\"font-weight: 400\">Assistente Administrativo Jo\u00e3o Pessoa\/PB;\u00a0\u00a0<\/span><\/li>\n<li><span style=\"font-weight: 400\">Assistente Administrativo S\u00e3o Paulo\/SP;\u00a0\u00a0<\/span><\/li>\n<li><span style=\"font-weight: 400\">Assistente Administrativo (C\u00d3PIA) Bras\u00edlia\/DF;\u00a0\u00a0<\/span><\/li>\n<li><span style=\"font-weight: 400\">Assistente Administrativo I Goiania\/GO;\u00a0\u00a0<\/span><\/li>\n<li><span style=\"font-weight: 400\">Assistente Administrativo &#8211; PCD Ribeir\u00e3o Preto\/SP;\u00a0\u00a0<\/span><\/li>\n<li><span style=\"font-weight: 400\">Assistente de Biblioteca S\u00e3o Paulo\/SP;\u00a0\u00a0<\/span><\/li>\n<li><span style=\"font-weight: 400\">Assistente de Capta\u00e7\u00e3o Curitiba\/PR;\u00a0\u00a0<\/span><\/li>\n<li><span style=\"font-weight: 400\">Assistente de Capta\u00e7\u00e3o &#8211; Vaga exclusiva PCD Curitiba\/PR;\u00a0\u00a0<\/span><\/li>\n<li><span style=\"font-weight: 400\">Assistente de Coordena\u00e7\u00e3o S\u00e3o Paulo\/SP;\u00a0\u00a0<\/span><\/li>\n<li><span style=\"font-weight: 400\">Assistente de Coordena\u00e7\u00e3o Belo Horizonte\/MG;\u00a0\u00a0<\/span><\/li>\n<li><span style=\"font-weight: 400\">Assistente de Ensino Macei\u00f3\/AL;\u00a0\u00a0<\/span><\/li>\n<li><span style=\"font-weight: 400\">Assistente de Ensino (Banco de Talentos) Ribeir\u00e3o Preto\/SP Banco de talentos;\u00a0<\/span><\/li>\n<li><span style=\"font-weight: 400\">Assistente de Recursos Humanos S\u00e3o Paulo\/SP;\u00a0\u00a0<\/span><\/li>\n<li><span style=\"font-weight: 400\">Auxiliar Administrativo Bras\u00edlia\/DF;\u00a0\u00a0<\/span><\/li>\n<li><span style=\"font-weight: 400\">Auxiliar Administrativo S\u00e3o Paulo\/SP;\u00a0\u00a0<\/span><\/li>\n<li><span style=\"font-weight: 400\">Auxiliar de Atendimento Curitiba\/PR;\u00a0\u00a0<\/span><\/li>\n<li><span style=\"font-weight: 400\">AUXILIAR DE COBRAN\u00c7A Ribeir\u00e3o Preto\/SP;\u00a0\u00a0<\/span><\/li>\n<li><span style=\"font-weight: 400\">AUXILIAR DE COBRAN\u00c7A PCD Ribeir\u00e3o Preto\/SP;\u00a0\u00a0<\/span><\/li>\n<li><span style=\"font-weight: 400\">Auxiliar de Enfermagem S\u00e3o Paulo\/SP;\u00a0\u00a0<\/span><\/li>\n<li><span style=\"font-weight: 400\">Auxiliar de Enfermagem Belo Horizonte\/MG Banco de talentos;\u00a0<\/span><\/li>\n<li><span style=\"font-weight: 400\">Auxiliar de Manuten\u00e7\u00e3o Curitiba\/PR;\u00a0\u00a0<\/span><\/li>\n<li><span style=\"font-weight: 400\">Auxiliar de Servi\u00e7os Gerais Belo Horizonte\/MG Banco de talentos;\u00a0<\/span><\/li>\n<li><span style=\"font-weight: 400\">Auxiliar de Servi\u00e7os Gerais Ribeir\u00e3o Preto\/SP;\u00a0\u00a0<\/span><\/li>\n<li><span style=\"font-weight: 400\">Auxiliar de Servi\u00e7os Gerais Curitiba\/PR;\u00a0\u00a0<\/span><\/li>\n<li><span style=\"font-weight: 400\">Auxiliar de Servi\u00e7os Gerais Vila Velha\/ES;\u00a0\u00a0<\/span><\/li>\n<li><span style=\"font-weight: 400\">Auxiliar de Servi\u00e7os Gerais Ribeir\u00e3o Preto\/SP;\u00a0\u00a0<\/span><\/li>\n<li><span style=\"font-weight: 400\">Auxiliar de Servi\u00e7os Gerais S\u00e3o Paulo\/SP;\u00a0\u00a0<\/span><\/li>\n<li><span style=\"font-weight: 400\">Auxiliar de Servi\u00e7os Gerais Curitiba\/PR;\u00a0\u00a0<\/span><\/li>\n<li><span style=\"font-weight: 400\">Auxiliar de Servi\u00e7os Gerais &#8211; PCD S\u00e3o Paulo\/SP;\u00a0<\/span><\/li>\n<li><span style=\"font-weight: 400\">Banco de Talentos Vila Velha\/ES Banco de talentos;<\/span><\/li>\n<li><span style=\"font-weight: 400\">Banco de Talentos &#8211; Professor Vila Velha\/ES;\u00a0<\/span><\/li>\n<li><span style=\"font-weight: 400\">Bibliotec\u00e1rio S\u00e3o Paulo\/SP.<\/span><\/li>\n<\/ul>\n<figure id=\"attachment_7932\" aria-describedby=\"caption-attachment-7932\" style=\"width: 1200px\" class=\"wp-caption aligncenter\"><img decoding=\"async\" class=\"size-full wp-image-7932\" src=\"https:\/\/99empregos.com.br\/wp-content\/uploads\/2022\/11\/vagas-seb.jpg\" alt=\"Grupo SEB abre novas vagas de emprego pelo pa\u00eds, confira. Foto: Divulga\u00e7\u00e3o\" width=\"1200\" height=\"750\" srcset=\"https:\/\/99empregos.com.br\/blog\/wp-content\/uploads\/2022\/11\/vagas-seb.jpg 1200w, https:\/\/99empregos.com.br\/blog\/wp-content\/uploads\/2022\/11\/vagas-seb-300x188.jpg 300w, https:\/\/99empregos.com.br\/blog\/wp-content\/uploads\/2022\/11\/vagas-seb-1024x640.jpg 1024w, https:\/\/99empregos.com.br\/blog\/wp-content\/uploads\/2022\/11\/vagas-seb-768x480.jpg 768w\" sizes=\"(max-width: 1200px) 100vw, 1200px\" \/><figcaption id=\"caption-attachment-7932\" class=\"wp-caption-text\">Grupo SEB abre novas vagas de emprego pelo pa\u00eds, confira. Foto: Divulga\u00e7\u00e3o<\/figcaption><\/figure>\n<h3>Mais informa\u00e7\u00f5es sobre o Grupo SEB<\/h3>\n<p>O nosso time tem mais de 6 mil agentes de transforma\u00e7\u00e3o que participam ativamente da vida de mais de 310 mil estudantes em mais de 30 pa\u00edses, preparando crian\u00e7as e jovens para os desafios do futuro em qualquer lugar do mundo. Falou em &#8220;what&#8217;s next&#8221; em educa\u00e7\u00e3o, falou com a gente! Um grupo que n\u00e3o para de crescer e de investir em tecnologia, propostas disruptivas e inovadoras.<\/p>\n<h3>Como se candidatar<\/h3>\n<p>Se voc\u00ea encontrou uma oportunidade de emprego que se encaixa com seu perfil profissional, <a href=\"https:\/\/99empregos.com.br\/vaga\/grupo-seb-abre-novas-vagas-de-emprego-confira\/\">basta clicar neste link<\/a> para se candidatar. No entanto, antes de efetivar a sua inscri\u00e7\u00e3o, recomendamos que fa\u00e7a uma revis\u00e3o completa de todos os pr\u00e9-requisitos solicitados pela vaga em quest\u00e3o. Boa sorte!<\/p>\n","protected":false},"excerpt":{"rendered":"<p>O Grupo SEB, formador de um dos mais conhecidos sistemas de ensino do Brasil, est\u00e1 com diversas vagas de emprego espalhadas pelo pa\u00eds. Com um time formado por mais de 6 mil contribuintes, a companhia segue expandindo os seus neg\u00f3cios e agora busca os seguintes profissionais: Agente Escolar S\u00e3o Paulo\/SP Banco de talentos;\u00a0 Agente Escolar [&hellip;]<\/p>\n","protected":false},"author":8,"featured_media":7931,"comment_status":"open","ping_status":"closed","sticky":false,"template":"","format":"standard","meta":{"footnotes":""},"categories":[7],"tags":[778,742,16],"class_list":["post-7928","post","type-post","status-publish","format-standard","has-post-thumbnail","hentry","category-noticias","tag-novas-oportunidades","tag-vagas-2022","tag-vagas-de-emprego"],"_links":{"self":[{"href":"https:\/\/99empregos.com.br\/blog\/wp-json\/wp\/v2\/posts\/7928","targetHints":{"allow":["GET"]}}],"collection":[{"href":"https:\/\/99empregos.com.br\/blog\/wp-json\/wp\/v2\/posts"}],"about":[{"href":"https:\/\/99empregos.com.br\/blog\/wp-json\/wp\/v2\/types\/post"}],"author":[{"embeddable":true,"href":"https:\/\/99empregos.com.br\/blog\/wp-json\/wp\/v2\/users\/8"}],"replies":[{"embeddable":true,"href":"https:\/\/99empregos.com.br\/blog\/wp-json\/wp\/v2\/comments?post=7928"}],"version-history":[{"count":0,"href":"https:\/\/99empregos.com.br\/blog\/wp-json\/wp\/v2\/posts\/7928\/revisions"}],"wp:featuredmedia":[{"embeddable":true,"href":"https:\/\/99empregos.com.br\/blog\/wp-json\/wp\/v2\/media\/7931"}],"wp:attachment":[{"href":"https:\/\/99empregos.com.br\/blog\/wp-json\/wp\/v2\/media?parent=7928"}],"wp:term":[{"taxonomy":"category","embeddable":true,"href":"https:\/\/99empregos.com.br\/blog\/wp-json\/wp\/v2\/categories?post=7928"},{"taxonomy":"post_tag","embeddable":true,"href":"https:\/\/99empregos.com.br\/blog\/wp-json\/wp\/v2\/tags?post=7928"}],"curies":[{"name":"wp","href":"https:\/\/api.w.org\/{rel}","templated":true}]}}