{"id":7943,"date":"2022-11-29T07:18:18","date_gmt":"2022-11-29T10:18:18","guid":{"rendered":"https:\/\/123empregos.com.br\/?p=7943"},"modified":"2022-11-29T07:18:18","modified_gmt":"2022-11-29T10:18:18","slug":"grupo-de-gestao-de-pessoas-abre-novas-vagas","status":"publish","type":"post","link":"https:\/\/99empregos.com.br\/blog\/grupo-de-gestao-de-pessoas-abre-novas-vagas\/","title":{"rendered":"Grupo de Gest\u00e3o de Pessoas abre novas vagas"},"content":{"rendered":"<p>A Talent, grupo especializado no ramo de Gest\u00e3o de Pessoas, est\u00e1 com novas <a href=\"https:\/\/99empregos.com.br\/vaga\/aegea-saneamento-divulga-novos-empregos-pelo-brasil\/\">oportunidades de emprego<\/a> abertas pelo Brasil. Com foco em recrutamento e sele\u00e7\u00e3o, a companhia precisa de mais profissionais para integrarem as suas equipes. Confira, antes de mais nada, quais s\u00e3o as oportunidades abertas por l\u00e1:<\/p>\n<ul>\n<li><span style=\"font-weight: 400\">Advogado(a) Pleno &#8211; Niter\u00f3i\/RJ Associado;\u00a0<\/span><\/li>\n<li><span style=\"font-weight: 400\">Advogado(a) Pleno &#8211; Vila Velha &#8211; ES Associado;\u00a0<\/span><\/li>\n<li><span style=\"font-weight: 400\">Analista de DHO S\u00eanior &#8211; Campo Maior &#8211; PI;\u00a0<\/span><\/li>\n<li><span style=\"font-weight: 400\">Assistente Jur\u00eddico &#8211; Bras\u00edlia &#8211; DF;\u00a0<\/span><\/li>\n<li><span style=\"font-weight: 400\">Assistente Jur\u00eddico &#8211; Porto Alegre &#8211; RS;\u00a0<\/span><\/li>\n<li><span style=\"font-weight: 400\">Auxiliar Administrativo &#8211; Goi\u00e2nia &#8211; GO;\u00a0<\/span><\/li>\n<li><span style=\"font-weight: 400\">Auxiliar Administrativo &#8211; Vila Velha &#8211; ES;\u00a0<\/span><\/li>\n<li><span style=\"font-weight: 400\">Auxiliar de Cobran\u00e7a &#8211; Teresina- PI;\u00a0<\/span><\/li>\n<li><span style=\"font-weight: 400\">Auxiliar Financeiro &#8211; Fortaleza &#8211; CE;\u00a0<\/span><\/li>\n<li><span style=\"font-weight: 400\">Auxiliar Jur\u00eddico &#8211; Fortaleza &#8211; CE;\u00a0<\/span><\/li>\n<li><span style=\"font-weight: 400\">Banco de talentos Consultor(a) Comercial &#8211; Belo Horizonte &#8211; MG Belo Horizonte\/MG;\u00a0\u00a0<\/span><\/li>\n<li><span style=\"font-weight: 400\">Consultor(a) de Vendas &#8211; Teresina &#8211; PI;\u00a0<\/span><\/li>\n<li><span style=\"font-weight: 400\">Coordenador(a) Administrativo &#8211; Niter\u00f3i &#8211; RJ;\u00a0<\/span><\/li>\n<li><span style=\"font-weight: 400\">Coordenador(a) Comercial &#8211; Niter\u00f3i &#8211; RJ;\u00a0<\/span><\/li>\n<li><span style=\"font-weight: 400\">Coordenador(a) de Filial &#8211; Palmas &#8211; TO;\u00a0<\/span><\/li>\n<li><span style=\"font-weight: 400\">Corretor(a) de Im\u00f3veis &#8211; Rio de Janeiro &#8211; RJ Associado;\u00a0<\/span><\/li>\n<li><span style=\"font-weight: 400\">Estagi\u00e1rio(a) &#8211; Bras\u00edlia &#8211; DF Bras\u00edlia\/DF;\u00a0<\/span><\/li>\n<li><span style=\"font-weight: 400\">Estagi\u00e1rio(a) de Administra\u00e7\u00e3o &#8211; Porto Alegre &#8211; RS;\u00a0<\/span><\/li>\n<li><span style=\"font-weight: 400\">Estagi\u00e1rio(a) de Administra\u00e7\u00e3o &#8211; Recife &#8211; PE;<\/span><\/li>\n<li><span style=\"font-weight: 400\">Estagi\u00e1rio(a) de Administra\u00e7\u00e3o &#8211; Vila Velha &#8211; ES;\u00a0<\/span><\/li>\n<li><span style=\"font-weight: 400\">Estagi\u00e1rio(a) de Departamento Pessoal &#8211; Bras\u00edlia &#8211; DF;<\/span><\/li>\n<li><span style=\"font-weight: 400\">Estagi\u00e1rio(a) de Direito &#8211; Bel\u00e9m &#8211; PA;\u00a0<\/span><\/li>\n<li><span style=\"font-weight: 400\">Estagi\u00e1rio(a) de Direito &#8211; Belo Horizonte &#8211; MG;<\/span><\/li>\n<li><span style=\"font-weight: 400\">Estagi\u00e1rio(a) de Direito &#8211; Niter\u00f3i &#8211; RJ Rio de Janeiro\/RJ;\u00a0<\/span><\/li>\n<li><span style=\"font-weight: 400\">Estagi\u00e1rio(a) de Direito &#8211; Porto Alegre &#8211; RS;\u00a0<\/span><\/li>\n<li><span style=\"font-weight: 400\">Estagi\u00e1rio(a) de Direito &#8211; Teresina &#8211; PI;\u00a0<\/span><\/li>\n<li><span style=\"font-weight: 400\">Estagi\u00e1rio(a) de Direito &#8211; Vila Velha &#8211; ES;\u00a0<\/span><\/li>\n<li><span style=\"font-weight: 400\">Estagi\u00e1rio(a) &#8211; Manaus\/AM;\u00a0<\/span><\/li>\n<li><span style=\"font-weight: 400\">Estagi\u00e1rio(a) &#8211;\u00a0 Salvador\/BA;\u00a0<\/span><\/li>\n<li><span style=\"font-weight: 400\">Estagi\u00e1rio(a) &#8211; Teresina\/PI.<\/span><\/li>\n<\/ul>\n<figure id=\"attachment_7945\" aria-describedby=\"caption-attachment-7945\" style=\"width: 1200px\" class=\"wp-caption aligncenter\"><img decoding=\"async\" class=\"size-full wp-image-7945\" src=\"https:\/\/99empregos.com.br\/wp-content\/uploads\/2022\/11\/talent-vagas-2022.jpg\" alt=\"Talent abre novas vagas de emprego pelo pa\u00eds, confira. Foto: Divulga\u00e7\u00e3o\" width=\"1200\" height=\"750\" srcset=\"https:\/\/99empregos.com.br\/blog\/wp-content\/uploads\/2022\/11\/talent-vagas-2022.jpg 1200w, https:\/\/99empregos.com.br\/blog\/wp-content\/uploads\/2022\/11\/talent-vagas-2022-300x188.jpg 300w, https:\/\/99empregos.com.br\/blog\/wp-content\/uploads\/2022\/11\/talent-vagas-2022-1024x640.jpg 1024w, https:\/\/99empregos.com.br\/blog\/wp-content\/uploads\/2022\/11\/talent-vagas-2022-768x480.jpg 768w\" sizes=\"(max-width: 1200px) 100vw, 1200px\" \/><figcaption id=\"caption-attachment-7945\" class=\"wp-caption-text\">Talent abre novas vagas de emprego pelo pa\u00eds, confira. Foto: Divulga\u00e7\u00e3o<\/figcaption><\/figure>\n<h3>Mais informa\u00e7\u00f5es sobre a Talent<\/h3>\n<p>Somos uma consultoria em Gest\u00e3o de Pessoas que temos como foco maximizar a sua experi\u00eancia positiva enquanto candidato e empresa. Atuamos com foco em Recrutamento &amp; Sele\u00e7\u00e3o. Somos especialistas em buscar talentos para as organiza\u00e7\u00f5es. Ao combinar a nossa paix\u00e3o pelas pessoas com o poder da intelig\u00eancia artificial e tecnologia de hoje, n\u00f3s ajudamos pessoas e organiza\u00e7\u00f5es a atingirem todo seu potencial.<\/p>\n<h3>Como se candidatar \u00e0s vagas de emprego abertas<\/h3>\n<p>Se voc\u00ea encontrou uma oportunidade de emprego que se encaixa com seu perfil profissional, <a href=\"https:\/\/99empregos.com.br\/vaga\/talent-abre-novas-vagas-de-emprego-confira\/\">basta clicar neste link<\/a> para se candidatar. No entanto, antes de efetivar a sua inscri\u00e7\u00e3o, recomendamos que fa\u00e7a uma revis\u00e3o completa de todos os pr\u00e9-requisitos solicitados pela empresa. Boa sorte!<\/p>\n","protected":false},"excerpt":{"rendered":"<p>A Talent, grupo especializado no ramo de Gest\u00e3o de Pessoas, est\u00e1 com novas oportunidades de emprego abertas pelo Brasil. Com foco em recrutamento e sele\u00e7\u00e3o, a companhia precisa de mais profissionais para integrarem as suas equipes. Confira, antes de mais nada, quais s\u00e3o as oportunidades abertas por l\u00e1: Advogado(a) Pleno &#8211; Niter\u00f3i\/RJ Associado;\u00a0 Advogado(a) Pleno [&hellip;]<\/p>\n","protected":false},"author":8,"featured_media":7946,"comment_status":"open","ping_status":"closed","sticky":false,"template":"","format":"standard","meta":{"footnotes":""},"categories":[7],"tags":[742,16],"class_list":["post-7943","post","type-post","status-publish","format-standard","has-post-thumbnail","hentry","category-noticias","tag-vagas-2022","tag-vagas-de-emprego"],"_links":{"self":[{"href":"https:\/\/99empregos.com.br\/blog\/wp-json\/wp\/v2\/posts\/7943","targetHints":{"allow":["GET"]}}],"collection":[{"href":"https:\/\/99empregos.com.br\/blog\/wp-json\/wp\/v2\/posts"}],"about":[{"href":"https:\/\/99empregos.com.br\/blog\/wp-json\/wp\/v2\/types\/post"}],"author":[{"embeddable":true,"href":"https:\/\/99empregos.com.br\/blog\/wp-json\/wp\/v2\/users\/8"}],"replies":[{"embeddable":true,"href":"https:\/\/99empregos.com.br\/blog\/wp-json\/wp\/v2\/comments?post=7943"}],"version-history":[{"count":0,"href":"https:\/\/99empregos.com.br\/blog\/wp-json\/wp\/v2\/posts\/7943\/revisions"}],"wp:featuredmedia":[{"embeddable":true,"href":"https:\/\/99empregos.com.br\/blog\/wp-json\/wp\/v2\/media\/7946"}],"wp:attachment":[{"href":"https:\/\/99empregos.com.br\/blog\/wp-json\/wp\/v2\/media?parent=7943"}],"wp:term":[{"taxonomy":"category","embeddable":true,"href":"https:\/\/99empregos.com.br\/blog\/wp-json\/wp\/v2\/categories?post=7943"},{"taxonomy":"post_tag","embeddable":true,"href":"https:\/\/99empregos.com.br\/blog\/wp-json\/wp\/v2\/tags?post=7943"}],"curies":[{"name":"wp","href":"https:\/\/api.w.org\/{rel}","templated":true}]}}