{"id":8104,"date":"2022-11-30T05:51:52","date_gmt":"2022-11-30T08:51:52","guid":{"rendered":"https:\/\/123empregos.com.br\/?p=8104"},"modified":"2022-11-30T05:51:52","modified_gmt":"2022-11-30T08:51:52","slug":"empresa-de-telecomunicacoes-abre-novas-vaga-de-emprego-confira","status":"publish","type":"post","link":"https:\/\/99empregos.com.br\/blog\/empresa-de-telecomunicacoes-abre-novas-vaga-de-emprego-confira\/","title":{"rendered":"Empresa de telecomunica\u00e7\u00f5es abre novas vaga de emprego, confira"},"content":{"rendered":"<p>A Alares, antigamente conhecida como Grupo Conex\u00e3o, est\u00e1 com <a href=\"https:\/\/99empregos.com.br\/vaga\/ype-divulga-novos-empregos-pelo-brasil-veja-as-regioes\/\">novas vagas de emprego<\/a> abertas. Com uma hist\u00f3ria de mais de 20 anos e presen\u00e7a em centenas de cidades brasileiras, a companhia segue expandindo os seus neg\u00f3cios e busca profissionais para as seguintes \u00e1reas:<\/p>\n<ul>\n<li><span style=\"font-weight: 400\">Atendente &#8211; Call Center Atendimento | Fortaleza\/CE (Banco de Talentos);\u00a0<\/span><\/li>\n<li><span style=\"font-weight: 400\">Atendente de Showroom &#8211; Porto Seguro\/BA;<\/span><\/li>\n<li><span style=\"font-weight: 400\">Atendente de Showroom &#8211; S\u00e3o Jo\u00e3o da Boa Vista\/SP;\u00a0<\/span><\/li>\n<li><span style=\"font-weight: 400\">Atendente de Showroom &#8211; Tr\u00eas Cora\u00e7\u00f5es\/MG;\u00a0<\/span><\/li>\n<li><span style=\"font-weight: 400\">Atendente de Showroom &#8211; Varginha\/MG;\u00a0<\/span><\/li>\n<li><span style=\"font-weight: 400\">Atendente Suporte T\u00e9cnico &#8211; Call Center Atendimento | Botelhos\/MG;\u00a0<\/span><\/li>\n<li><span style=\"font-weight: 400\">Atendente Suporte T\u00e9cnico &#8211; Call Center Atendimento | Fortaleza\/CE;\u00a0<\/span><\/li>\n<li><span style=\"font-weight: 400\">Atendente Suporte T\u00e9cnico &#8211; Call Center Atendimento | Mococa\/SP;\u00a0<\/span><\/li>\n<li><span style=\"font-weight: 400\">Consultor de Vendas B2B &#8211; Tr\u00eas Cora\u00e7\u00f5es\/MG;\u00a0<\/span><\/li>\n<li><span style=\"font-weight: 400\">Coordenador(a) de Marketing de Performance S\u00e3o Paulo\/SP;\u00a0\u00a0<\/span><\/li>\n<li><span style=\"font-weight: 400\">Especialista de E-commerce e UX S\u00e3o Paulo\/SP;\u00a0\u00a0<\/span><\/li>\n<li><span style=\"font-weight: 400\">Especialista em BI &#8211; Customer Experience S\u00e3o Paulo\/SP;\u00a0\u00a0<\/span><\/li>\n<li><span style=\"font-weight: 400\">Operador de Reten\u00e7\u00e3o &#8211; Fortaleza\/CE;\u00a0<\/span><\/li>\n<li><span style=\"font-weight: 400\">Supervisor de Equipe de Campo Casa Branca\/SP;\u00a0\u00a0<\/span><\/li>\n<li><span style=\"font-weight: 400\">Supervisor de Vendas &#8211; Fortaleza\/CE;\u00a0<\/span><\/li>\n<li><span style=\"font-weight: 400\">Tech Lead &#8211; Business Intelligence S\u00e3o Paulo\/SP;\u00a0\u00a0<\/span><\/li>\n<li><span style=\"font-weight: 400\">Tech Lead &#8211; Digital S\u00e3o Paulo\/SP.\u00a0<\/span><\/li>\n<\/ul>\n<figure id=\"attachment_8106\" aria-describedby=\"caption-attachment-8106\" style=\"width: 1200px\" class=\"wp-caption aligncenter\"><img decoding=\"async\" class=\"size-full wp-image-8106\" src=\"https:\/\/99empregos.com.br\/wp-content\/uploads\/2022\/11\/alares-2022.jpg\" alt=\"Alares abre novas vagas de emprego, confira. Foto: Divulga\u00e7\u00e3o\" width=\"1200\" height=\"750\" srcset=\"https:\/\/99empregos.com.br\/blog\/wp-content\/uploads\/2022\/11\/alares-2022.jpg 1200w, https:\/\/99empregos.com.br\/blog\/wp-content\/uploads\/2022\/11\/alares-2022-300x188.jpg 300w, https:\/\/99empregos.com.br\/blog\/wp-content\/uploads\/2022\/11\/alares-2022-1024x640.jpg 1024w, https:\/\/99empregos.com.br\/blog\/wp-content\/uploads\/2022\/11\/alares-2022-768x480.jpg 768w\" sizes=\"(max-width: 1200px) 100vw, 1200px\" \/><figcaption id=\"caption-attachment-8106\" class=\"wp-caption-text\">Alares abre novas vagas de emprego, confira. Foto: Divulga\u00e7\u00e3o<\/figcaption><\/figure>\n<h3>Mais informa\u00e7\u00f5es sobre a Alares<\/h3>\n<p>A Alares \u00e9 uma empresa de telecomunica\u00e7\u00f5es (internet banda larga e fibra \u00f3ptica, TV e telefone fixo) que iniciou sua hist\u00f3ria h\u00e1 mais de 20 anos e hoje est\u00e1 presente em mais de 140 cidades do Brasil. Isto \u00e9, em 2015 iniciaram um processo de consolida\u00e7\u00e3o, adquirindo em sequ\u00eancia as empresas que hoje constituem a Alares.<\/p>\n<p>Em SP e MG, a Alares incorporou empresas criadas para oferecer acesso \u00e0 internet \u00e0 popula\u00e7\u00e3o de pequenas e m\u00e9dias cidades do interior. Em CE, RN e PB incorporaram empresas que nasceram como pioneiras no servi\u00e7o de TV por assinatura, e logo iniciaram tamb\u00e9m a oferta de banda larga.<\/p>\n<p>A partir de 2020, a companhia uniu os objetivos e ideias e passram a se chamar Grupo Conex\u00e3o. Em 2021, a Grain Management, empresa l\u00edder no setor de Private Equity se tornou uma acionista controladora da empresa, que atualmente se chama Alares.<\/p>\n<p>Eles acreditam que a internet existe para mostrar que al\u00e9m \u00e9 uma palavra que cabe na vida e nos neg\u00f3cios de cada um e que conhecer e confiar na empresa que coloca internet na sua casa ou no seu neg\u00f3cio faz toda a diferen\u00e7a. Al\u00e9m disso, n\u00e3o medem esfor\u00e7os para serem cada vez melhores, pois contam com um time em que o talento e a garra t\u00eam um s\u00f3 objetivo: levar os seus clientes onde eles quiserem chegar.<\/p>\n<h3>Como se candidatar<\/h3>\n<p>Se voc\u00ea encontrou uma oportunidade de emprego, basta <a href=\"https:\/\/99empregos.com.br\/vaga\/alares-abre-novas-vagas-no-setor-das-telecomunicacoes-veja\/\">clicar neste link<\/a> para se candidatar. No entanto, antes de efetivar a sua inscri\u00e7\u00e3o, recomendamos que fa\u00e7a uma revis\u00e3o completa e detalhada de todos os pr\u00e9-requisitos solicitados pela vaga em quest\u00e3o. Boa sorte!<\/p>\n","protected":false},"excerpt":{"rendered":"<p>A Alares, antigamente conhecida como Grupo Conex\u00e3o, est\u00e1 com novas vagas de emprego abertas. Com uma hist\u00f3ria de mais de 20 anos e presen\u00e7a em centenas de cidades brasileiras, a companhia segue expandindo os seus neg\u00f3cios e busca profissionais para as seguintes \u00e1reas: Atendente &#8211; Call Center Atendimento | Fortaleza\/CE (Banco de Talentos);\u00a0 Atendente de [&hellip;]<\/p>\n","protected":false},"author":8,"featured_media":8107,"comment_status":"open","ping_status":"closed","sticky":false,"template":"","format":"standard","meta":{"footnotes":""},"categories":[7],"tags":[603,1051,5,37],"class_list":["post-8104","post","type-post","status-publish","format-standard","has-post-thumbnail","hentry","category-noticias","tag-603","tag-alares","tag-empregos","tag-vagas"],"_links":{"self":[{"href":"https:\/\/99empregos.com.br\/blog\/wp-json\/wp\/v2\/posts\/8104","targetHints":{"allow":["GET"]}}],"collection":[{"href":"https:\/\/99empregos.com.br\/blog\/wp-json\/wp\/v2\/posts"}],"about":[{"href":"https:\/\/99empregos.com.br\/blog\/wp-json\/wp\/v2\/types\/post"}],"author":[{"embeddable":true,"href":"https:\/\/99empregos.com.br\/blog\/wp-json\/wp\/v2\/users\/8"}],"replies":[{"embeddable":true,"href":"https:\/\/99empregos.com.br\/blog\/wp-json\/wp\/v2\/comments?post=8104"}],"version-history":[{"count":0,"href":"https:\/\/99empregos.com.br\/blog\/wp-json\/wp\/v2\/posts\/8104\/revisions"}],"wp:featuredmedia":[{"embeddable":true,"href":"https:\/\/99empregos.com.br\/blog\/wp-json\/wp\/v2\/media\/8107"}],"wp:attachment":[{"href":"https:\/\/99empregos.com.br\/blog\/wp-json\/wp\/v2\/media?parent=8104"}],"wp:term":[{"taxonomy":"category","embeddable":true,"href":"https:\/\/99empregos.com.br\/blog\/wp-json\/wp\/v2\/categories?post=8104"},{"taxonomy":"post_tag","embeddable":true,"href":"https:\/\/99empregos.com.br\/blog\/wp-json\/wp\/v2\/tags?post=8104"}],"curies":[{"name":"wp","href":"https:\/\/api.w.org\/{rel}","templated":true}]}}