{"id":8142,"date":"2022-11-30T06:42:24","date_gmt":"2022-11-30T09:42:24","guid":{"rendered":"https:\/\/123empregos.com.br\/?p=8142"},"modified":"2022-11-30T06:42:24","modified_gmt":"2022-11-30T09:42:24","slug":"grupo-de-logistica-abre-novas-vagas-de-emprego-confira","status":"publish","type":"post","link":"https:\/\/99empregos.com.br\/blog\/grupo-de-logistica-abre-novas-vagas-de-emprego-confira\/","title":{"rendered":"Grupo de log\u00edstica abre novas vagas de emprego, confira"},"content":{"rendered":"<p>A G2L Log\u00edstica, empresa do setor log\u00edstico que \u00e9 conectada com o futuro, est\u00e1 com<a href=\"https:\/\/99empregos.com.br\/vaga\/embraer-divulga-vagas-de-emprego-em-todo-o-pais\/\"> novas oportunidades<\/a> de emprego abertas. Com um total de mais de 700 colaboradores em uma hist\u00f3ria de 4 anos, a companhia n\u00e3o para de crescer. Desta vez, precisam de profissionais para os seguintes cargos:<\/p>\n<ul>\n<li><span style=\"font-weight: 400\">Advogada(o) pleno BARUERI;\u00a0\u00a0<\/span><\/li>\n<li><span style=\"font-weight: 400\">Analista de Compras Pl BARUERI;\u00a0\u00a0<\/span><\/li>\n<li><span style=\"font-weight: 400\">Analista de Customer Service J\u00fanior BARUERI;\u00a0\u00a0<\/span><\/li>\n<li><span style=\"font-weight: 400\">Analista de Log\u00edstica Pl BARUERI;\u00a0\u00a0<\/span><\/li>\n<li><span style=\"font-weight: 400\">Analista de Suporte BARUERI;\u00a0\u00a0<\/span><\/li>\n<li><span style=\"font-weight: 400\">Analista Fiscal Jr Barueri\/SP;\u00a0\u00a0<\/span><\/li>\n<li><span style=\"font-weight: 400\">Assistente Administrativo BARUERI;\u00a0\u00a0<\/span><\/li>\n<li><span style=\"font-weight: 400\">Assistente de Cadastro BARUERI;\u00a0\u00a0<\/span><\/li>\n<li><span style=\"font-weight: 400\">Assistente de Expedi\u00e7\u00e3o BARUERI;\u00a0\u00a0<\/span><\/li>\n<li><span style=\"font-weight: 400\">Assistente de Tracking BARUERI;\u00a0\u00a0<\/span><\/li>\n<li><span style=\"font-weight: 400\">Coordenador(a) de Customer Service BARUERI;\u00a0\u00a0<\/span><\/li>\n<li><span style=\"font-weight: 400\">Coordenador(a) de Opera\u00e7\u00f5es Barueri\/SP;\u00a0\u00a0<\/span><\/li>\n<li><span style=\"font-weight: 400\">Coordenador(a) de Opera\u00e7\u00f5es &#8211; Frota MOGI DAS CRUZES;\u00a0\u00a0<\/span><\/li>\n<li><span style=\"font-weight: 400\">Operador Log\u00edstico I CUIAB\u00c1;\u00a0\u00a0<\/span><\/li>\n<li><span style=\"font-weight: 400\">Operador Log\u00edstico I CUIAB\u00c1;\u00a0\u00a0<\/span><\/li>\n<li><span style=\"font-weight: 400\">Operador Log\u00edstico I PASSA\u00daNA \/ ARAUC\u00c1RIA;\u00a0\u00a0<\/span><\/li>\n<li><span style=\"font-weight: 400\">Operador Log\u00edstico II CUIAB\u00c1;\u00a0\u00a0<\/span><\/li>\n<li><span style=\"font-weight: 400\">Operador Log\u00edstico II CUIAB\u00c1;\u00a0\u00a0<\/span><\/li>\n<li><span style=\"font-weight: 400\">Porteiro S\u00c3O JOS\u00c9 DOS CAMPOS;\u00a0\u00a0<\/span><\/li>\n<li><span style=\"font-weight: 400\">T\u00e9cnico de Expedi\u00e7\u00e3o PASSA\u00daNA \/ ARAUC\u00c1RIA.<\/span><\/li>\n<\/ul>\n<figure id=\"attachment_8144\" aria-describedby=\"caption-attachment-8144\" style=\"width: 1200px\" class=\"wp-caption aligncenter\"><img decoding=\"async\" class=\"size-full wp-image-8144\" src=\"https:\/\/99empregos.com.br\/wp-content\/uploads\/2022\/11\/g2l-2022.jpg\" alt=\"G2L abre novas vagas de emprego pelo pa\u00eds, confira. Foto: Divulga\u00e7\u00e3o\" width=\"1200\" height=\"750\" srcset=\"https:\/\/99empregos.com.br\/blog\/wp-content\/uploads\/2022\/11\/g2l-2022.jpg 1200w, https:\/\/99empregos.com.br\/blog\/wp-content\/uploads\/2022\/11\/g2l-2022-300x188.jpg 300w, https:\/\/99empregos.com.br\/blog\/wp-content\/uploads\/2022\/11\/g2l-2022-1024x640.jpg 1024w, https:\/\/99empregos.com.br\/blog\/wp-content\/uploads\/2022\/11\/g2l-2022-768x480.jpg 768w\" sizes=\"(max-width: 1200px) 100vw, 1200px\" \/><figcaption id=\"caption-attachment-8144\" class=\"wp-caption-text\">G2L abre novas vagas de emprego pelo pa\u00eds, confira. Foto: Divulga\u00e7\u00e3o<\/figcaption><\/figure>\n<h3>Mais informa\u00e7\u00f5es sobre a G2L Log\u00edstica<\/h3>\n<p>Somos uma empresa de log\u00edstica conectada com o futuro. Aberta ao novo e \u00e0s transforma\u00e7\u00f5es que aproximam dist\u00e2ncias, conectamos pessoas e experi\u00eancias para inovar e simplificar solu\u00e7\u00f5es, ampliando possibilidades para gerar resultados.<\/p>\n<p>A G2L nasceu em 2018, a partir de um projeto-piloto inovador da Gerdau: desenvolver um operador log\u00edstico digital que impactasse o mercado por meio de solu\u00e7\u00f5es tecnol\u00f3gicas de ponta. Desde ent\u00e3o, n\u00e3o paramos de crescer e nos posicionamos entre os maiores operadores log\u00edsticos do Brasil.<\/p>\n<p>Somos mais de 700 colaboradores, estamos localizados em 25 pontos estrat\u00e9gicos no territ\u00f3rio nacional e nossas opera\u00e7\u00f5es atendem mais de 4 mil cidades brasileiras. Por tudo isso, acreditamos que a log\u00edstica do nosso tempo \u00e9 feita por conex\u00f5es de pessoas que buscam novos caminhos. S\u00e3o essas conex\u00f5es que nos fortalecem, impulsionam resultados e nos movem para o futuro.<\/p>\n<p>Somos movidos pela vontade de inovar, simplificar e acelerar. Acreditamos que nada disso \u00e9 poss\u00edvel sem Seguran\u00e7a. \u00c9 ela que sustenta todos os Pilares que constroem a G2L atrav\u00e9s de a\u00e7\u00f5es constantes junto aos nossos colaboradores, processos e ve\u00edculos.<\/p>\n<h3>Como se candidatar<\/h3>\n<p>Se voc\u00ea encontrou uma oportunidade de emprego que se encaixa no seu perfil profissional, <a href=\"https:\/\/99empregos.com.br\/vaga\/g2l-abre-novas-vagas-de-emprego-confira\/\">basta clicar neste link<\/a> para se candidatar. No entanto, antes de efetivar a sua inscri\u00e7\u00e3o, recomendamos que fa\u00e7a uma revis\u00e3o completa de todos os pr\u00e9-requisitos solicitados pela vaga em quest\u00e3o. Boa sorte!<\/p>\n","protected":false},"excerpt":{"rendered":"<p>A G2L Log\u00edstica, empresa do setor log\u00edstico que \u00e9 conectada com o futuro, est\u00e1 com novas oportunidades de emprego abertas. Com um total de mais de 700 colaboradores em uma hist\u00f3ria de 4 anos, a companhia n\u00e3o para de crescer. Desta vez, precisam de profissionais para os seguintes cargos: Advogada(o) pleno BARUERI;\u00a0\u00a0 Analista de Compras [&hellip;]<\/p>\n","protected":false},"author":8,"featured_media":8145,"comment_status":"open","ping_status":"closed","sticky":false,"template":"","format":"standard","meta":{"footnotes":""},"categories":[7],"tags":[4,742],"class_list":["post-8142","post","type-post","status-publish","format-standard","has-post-thumbnail","hentry","category-noticias","tag-emprego","tag-vagas-2022"],"_links":{"self":[{"href":"https:\/\/99empregos.com.br\/blog\/wp-json\/wp\/v2\/posts\/8142","targetHints":{"allow":["GET"]}}],"collection":[{"href":"https:\/\/99empregos.com.br\/blog\/wp-json\/wp\/v2\/posts"}],"about":[{"href":"https:\/\/99empregos.com.br\/blog\/wp-json\/wp\/v2\/types\/post"}],"author":[{"embeddable":true,"href":"https:\/\/99empregos.com.br\/blog\/wp-json\/wp\/v2\/users\/8"}],"replies":[{"embeddable":true,"href":"https:\/\/99empregos.com.br\/blog\/wp-json\/wp\/v2\/comments?post=8142"}],"version-history":[{"count":0,"href":"https:\/\/99empregos.com.br\/blog\/wp-json\/wp\/v2\/posts\/8142\/revisions"}],"wp:featuredmedia":[{"embeddable":true,"href":"https:\/\/99empregos.com.br\/blog\/wp-json\/wp\/v2\/media\/8145"}],"wp:attachment":[{"href":"https:\/\/99empregos.com.br\/blog\/wp-json\/wp\/v2\/media?parent=8142"}],"wp:term":[{"taxonomy":"category","embeddable":true,"href":"https:\/\/99empregos.com.br\/blog\/wp-json\/wp\/v2\/categories?post=8142"},{"taxonomy":"post_tag","embeddable":true,"href":"https:\/\/99empregos.com.br\/blog\/wp-json\/wp\/v2\/tags?post=8142"}],"curies":[{"name":"wp","href":"https:\/\/api.w.org\/{rel}","templated":true}]}}