{"id":8292,"date":"2022-12-01T06:12:50","date_gmt":"2022-12-01T09:12:50","guid":{"rendered":"https:\/\/123empregos.com.br\/?p=8292"},"modified":"2022-12-01T06:12:50","modified_gmt":"2022-12-01T09:12:50","slug":"grupo-educacional-abre-vagas-de-emprego-em-2-estados-confira","status":"publish","type":"post","link":"https:\/\/99empregos.com.br\/blog\/grupo-educacional-abre-vagas-de-emprego-em-2-estados-confira\/","title":{"rendered":"Grupo educacional abre vagas de emprego em 2 estados, confira"},"content":{"rendered":"<p>O Grupo Ser Educacional est\u00e1 com <a href=\"https:\/\/99empregos.com.br\/vaga\/espacolaser-traz-novas-vagas-para-gerente-de-vendas-no-rs\/\">vagas abertas<\/a> nos estados do Recife e de Minas Gerais. Com mais de 25 anos de hist\u00f3ria, a companhia segue expandindo os seus neg\u00f3cios e agora precisa de profissionais para os seguintes cargos mencionados a seguir:<\/p>\n<ul>\n<li><span style=\"font-weight: 400\">Analista de Canais Digitais PL Recife\/PE e Remoto;\u00a0\u00a0<\/span><\/li>\n<li><span style=\"font-weight: 400\">Analista de Recursos Humanos Recife\/PE;\u00a0\u00a0<\/span><\/li>\n<li><span style=\"font-weight: 400\">Analista de Recursos Humanos Jr. Belo Horizonte\/MG ;\u00a0<\/span><\/li>\n<li><span style=\"font-weight: 400\">Analista de Regula\u00e7\u00e3o Recife\/PE;\u00a0\u00a0<\/span><\/li>\n<li><span style=\"font-weight: 400\">Analista de SEO Recife\/PE e Remoto;\u00a0\u00a0<\/span><\/li>\n<li><span style=\"font-weight: 400\">Analista Fiscal SR Recife\/PE;\u00a0<\/span><\/li>\n<li><span style=\"font-weight: 400\">Assessor de Regula\u00e7\u00e3o Recife\/PE;\u00a0\u00a0<\/span><\/li>\n<li><span style=\"font-weight: 400\">Assistente Customer Experience Recife\/PE;\u00a0\u00a0<\/span><\/li>\n<li><span style=\"font-weight: 400\">Assistente de Compras Recife\/PE;\u00a0\u00a0<\/span><\/li>\n<li><span style=\"font-weight: 400\">Assistente de folha de pagamento Recife\/PE Tempor\u00e1rio;\u00a0<\/span><\/li>\n<li><span style=\"font-weight: 400\">Assistente de folha de pagamento Recife\/PE;\u00a0\u00a0<\/span><\/li>\n<li><span style=\"font-weight: 400\">Assistente de marketing Mossor\u00f3;\u00a0\u00a0<\/span><\/li>\n<li><span style=\"font-weight: 400\">Assistente de Marketing Recife\/PE;\u00a0\u00a0<\/span><\/li>\n<li><span style=\"font-weight: 400\">Assistente de Marketing Itaquaquecetuba;\u00a0\u00a0<\/span><\/li>\n<li><span style=\"font-weight: 400\">Auxiliar Administrativo Recife;\u00a0\u00a0<\/span><\/li>\n<li><span style=\"font-weight: 400\">Auxiliar de Manuten\u00e7\u00e3o em Redes Recife\/PE;\u00a0\u00a0<\/span><\/li>\n<li><span style=\"font-weight: 400\">Coordenador(a) de Customer Experience Recife\/PE;\u00a0\u00a0<\/span><\/li>\n<li><span style=\"font-weight: 400\">Coordenador de Marketing Recife\/PE;\u00a0\u00a0<\/span><\/li>\n<li><span style=\"font-weight: 400\">Designer Recife\/PE\u00a0 Designer Recife\/PE;\u00a0\u00a0<\/span><\/li>\n<li><span style=\"font-weight: 400\">Divulgador de Eventos Recife\/PE;\u00a0<\/span><\/li>\n<li><span style=\"font-weight: 400\">Gerente Comercial Recife\/PE;\u00a0\u00a0<\/span><\/li>\n<li><span style=\"font-weight: 400\">Gerente de Marketing Digital Recife\/PE;\u00a0\u00a0<\/span><\/li>\n<li><span style=\"font-weight: 400\">Gestor(a) de Unidade Educacional;\u00a0<\/span><\/li>\n<li><span style=\"font-weight: 400\">Operador de Negocia\u00e7\u00e3o Financeira Recife\/PE;\u00a0\u00a0<\/span><\/li>\n<li><span style=\"font-weight: 400\">Supervisor(a) Comercial Recife\/PE;\u00a0\u00a0<\/span><\/li>\n<li><span style=\"font-weight: 400\">Tutor (a) Recife\/PE\u00a0 Tutor (a) Recife\/PE;\u00a0\u00a0<\/span><\/li>\n<li><span style=\"font-weight: 400\">Tutor(a) Guardi\u00e3o Recife\/PE.<\/span><\/li>\n<\/ul>\n<figure id=\"attachment_8295\" aria-describedby=\"caption-attachment-8295\" style=\"width: 1200px\" class=\"wp-caption aligncenter\"><img decoding=\"async\" class=\"size-full wp-image-8295\" src=\"https:\/\/99empregos.com.br\/wp-content\/uploads\/2022\/12\/ser-vagas.jpg\" alt=\"Ser Educacional est\u00e1 com vagas em dois estados brasileiros, confira. Foto: Divulga\u00e7\u00e3o\" width=\"1200\" height=\"750\" srcset=\"https:\/\/99empregos.com.br\/blog\/wp-content\/uploads\/2022\/12\/ser-vagas.jpg 1200w, https:\/\/99empregos.com.br\/blog\/wp-content\/uploads\/2022\/12\/ser-vagas-300x188.jpg 300w, https:\/\/99empregos.com.br\/blog\/wp-content\/uploads\/2022\/12\/ser-vagas-1024x640.jpg 1024w, https:\/\/99empregos.com.br\/blog\/wp-content\/uploads\/2022\/12\/ser-vagas-768x480.jpg 768w\" sizes=\"(max-width: 1200px) 100vw, 1200px\" \/><figcaption id=\"caption-attachment-8295\" class=\"wp-caption-text\">Ser Educacional est\u00e1 com vagas em dois estados brasileiros, confira. Foto: Divulga\u00e7\u00e3o<\/figcaption><\/figure>\n<h3>Sobre o Grupo Ser Educacional<\/h3>\n<p>O embri\u00e3o do grupo Ser Educacional come\u00e7ou em 1994, quando foi fundado o Bureau Jur\u00eddico Cursos para Concursos com o objetivo de preparar candidatos para os concorridos concursos p\u00fablicos. Em 2003, o Grupo foi fundado, junto com a Faculdade Maur\u00edcio de Nassau, na cidade do Recife, em Pernambuco.<\/p>\n<p>Desde ent\u00e3o, vem sendo constru\u00eddo de forma gradual e sustent\u00e1vel. Atualmente, ali\u00e1s, como uma das maiores companhias de ensino superior do Brasil, o Ser Educacional mant\u00e9m respeitadas institui\u00e7\u00f5es de ensino, alinhadas a sua vis\u00e3o, miss\u00e3o, valores e nosso jeito de ser e fazer.<\/p>\n<p>Temos, acima de tudo, compromisso com o ser humano e sua realiza\u00e7\u00e3o pessoal e profissional. Nosso compromisso com a empregabilidade e o empreendedorismo \u00e9, portanto, resultado do entendimento de seu papel na forma\u00e7\u00e3o do indiv\u00edduo, focada no crescimento pessoal em termos mais amplos.<\/p>\n<h3>Como se candidatar<\/h3>\n<p>Se voc\u00ea encontrou uma oportunidade de emprego que se encaixa no seu perfil profissional, <a href=\"https:\/\/99empregos.com.br\/vaga\/grupo-ser-educacional-abre-novas-vagas-de-emprego-em-2-estados\/\">basta clicar neste link<\/a> para se candidatar. No entanto, antes de efetivar a sua inscri\u00e7\u00e3o, recomendamos que fa\u00e7a uma revis\u00e3o completa e detalhada de todos os pr\u00e9-requisitos solicitados pela empresa e tamb\u00e9m pela vaga em quest\u00e3o. Boa sorte!<\/p>\n","protected":false},"excerpt":{"rendered":"<p>O Grupo Ser Educacional est\u00e1 com vagas abertas nos estados do Recife e de Minas Gerais. Com mais de 25 anos de hist\u00f3ria, a companhia segue expandindo os seus neg\u00f3cios e agora precisa de profissionais para os seguintes cargos mencionados a seguir: Analista de Canais Digitais PL Recife\/PE e Remoto;\u00a0\u00a0 Analista de Recursos Humanos Recife\/PE;\u00a0\u00a0 [&hellip;]<\/p>\n","protected":false},"author":8,"featured_media":8294,"comment_status":"open","ping_status":"closed","sticky":false,"template":"","format":"standard","meta":{"footnotes":""},"categories":[7],"tags":[603,5,37],"class_list":["post-8292","post","type-post","status-publish","format-standard","has-post-thumbnail","hentry","category-noticias","tag-603","tag-empregos","tag-vagas"],"_links":{"self":[{"href":"https:\/\/99empregos.com.br\/blog\/wp-json\/wp\/v2\/posts\/8292","targetHints":{"allow":["GET"]}}],"collection":[{"href":"https:\/\/99empregos.com.br\/blog\/wp-json\/wp\/v2\/posts"}],"about":[{"href":"https:\/\/99empregos.com.br\/blog\/wp-json\/wp\/v2\/types\/post"}],"author":[{"embeddable":true,"href":"https:\/\/99empregos.com.br\/blog\/wp-json\/wp\/v2\/users\/8"}],"replies":[{"embeddable":true,"href":"https:\/\/99empregos.com.br\/blog\/wp-json\/wp\/v2\/comments?post=8292"}],"version-history":[{"count":0,"href":"https:\/\/99empregos.com.br\/blog\/wp-json\/wp\/v2\/posts\/8292\/revisions"}],"wp:featuredmedia":[{"embeddable":true,"href":"https:\/\/99empregos.com.br\/blog\/wp-json\/wp\/v2\/media\/8294"}],"wp:attachment":[{"href":"https:\/\/99empregos.com.br\/blog\/wp-json\/wp\/v2\/media?parent=8292"}],"wp:term":[{"taxonomy":"category","embeddable":true,"href":"https:\/\/99empregos.com.br\/blog\/wp-json\/wp\/v2\/categories?post=8292"},{"taxonomy":"post_tag","embeddable":true,"href":"https:\/\/99empregos.com.br\/blog\/wp-json\/wp\/v2\/tags?post=8292"}],"curies":[{"name":"wp","href":"https:\/\/api.w.org\/{rel}","templated":true}]}}