{"id":8313,"date":"2022-12-01T06:52:32","date_gmt":"2022-12-01T09:52:32","guid":{"rendered":"https:\/\/123empregos.com.br\/?p=8313"},"modified":"2022-12-01T06:52:32","modified_gmt":"2022-12-01T09:52:32","slug":"empresa-de-telefonia-celular-abre-novas-vagas-de-emprego","status":"publish","type":"post","link":"https:\/\/99empregos.com.br\/blog\/empresa-de-telefonia-celular-abre-novas-vagas-de-emprego\/","title":{"rendered":"Empresa de telefonia celular abre novas vagas de emprego"},"content":{"rendered":"<p>O Grupo Ramiro, empresa com sede em Valen\u00e7a\/BA e especializada no com\u00e9rcio de telefonia celular, est\u00e1 com <a href=\"https:\/\/99empregos.com.br\/vaga\/zinzane-anuncia-vagas-de-emprego-pelo-brasil\/\">novas oportunidades<\/a> de emprego abertas. Com 40 anos de experi\u00eancia no mercado, a companhia segue expandindo os seus neg\u00f3cios e agora busca os seguintes profissionais:<\/p>\n<ul>\n<li><span style=\"font-weight: 400;\">Agente Administrativo &#8211; Caixa &#8211; Itabuna\/BA;l<\/span><\/li>\n<li><span style=\"font-weight: 400;\">Ajudante de Dep\u00f3sito &#8211; Valen\u00e7a\/BA;\u00a0<\/span><\/li>\n<li><span style=\"font-weight: 400;\">Ajudante de Entrega &#8211; Camamu\/BA;\u00a0<\/span><\/li>\n<li><span style=\"font-weight: 400;\">Analista de Projetos TI Jr. Salvador e Remoto;\u00a0\u00a0<\/span><\/li>\n<li><span style=\"font-weight: 400;\">Assistente de Vendas Salvador;\u00a0\u00a0<\/span><\/li>\n<li><span style=\"font-weight: 400;\">Auxiliar de Servi\u00e7os Gerais Ubaitaba Tempor\u00e1rio;\u00a0<\/span><\/li>\n<li><span style=\"font-weight: 400;\">Auxiliar de Servi\u00e7os Gerais &#8211; Cruz das Almas\/BA;\u00a0<\/span><\/li>\n<li><span style=\"font-weight: 400;\">Auxiliar de Servi\u00e7os Gerais &#8211; PCD &#8211; Serrinha\/BA Serrinha\/BA;\u00a0<\/span><\/li>\n<li><span style=\"font-weight: 400;\">Auxiliar de Servi\u00e7os Gerais &#8211; Valen\u00e7a\/BA;\u00a0<\/span><\/li>\n<li><span style=\"font-weight: 400;\">BANCO DE TALENTOS Salvador;\u00a0\u00a0<\/span><\/li>\n<li><span style=\"font-weight: 400;\">BANCO RESERVA &#8211; AGENTE ADMINISTRATIVO (CAIXA);\u00a0<\/span><\/li>\n<li><span style=\"font-weight: 400;\">BANCO RESERVA &#8211; AUXILIAR DE SERVI\u00c7OS GERAIS;\u00a0<\/span><\/li>\n<li><span style=\"font-weight: 400;\">BANCO RESERVA &#8211; ESTOQUE;\u00a0<\/span><\/li>\n<li><span style=\"font-weight: 400;\">BANCO RESERVA &#8211; VENDEDOR Salvador;\u00a0<\/span><\/li>\n<li><span style=\"font-weight: 400;\">COMPRADOR Salvador;\u00a0\u00a0<\/span><\/li>\n<li><span style=\"font-weight: 400;\">COORDENADOR DE AR CONDICIONADO Salvador;\u00a0<\/span><\/li>\n<li><span style=\"font-weight: 400;\">Estoquista &#8211; Ipia\u00fa\/BA;\u00a0<\/span><\/li>\n<li><span style=\"font-weight: 400;\">Estoquista &#8211; Uba\u00edra\/BA;<\/span><\/li>\n<li><span style=\"font-weight: 400;\">Estoquista &#8211; Ubaitaba\/BA;\u00a0<\/span><\/li>\n<li><span style=\"font-weight: 400;\">Gerente de Loja Salvador Banco de talentos;\u00a0<\/span><\/li>\n<li><span style=\"font-weight: 400;\">Gerente de Loja (Sul da Bahia) Valen\u00e7a;<\/span><\/li>\n<li><span style=\"font-weight: 400;\">Gerente de Vendas (Atacado B2B) Salvador;\u00a0\u00a0<\/span><\/li>\n<li><span style=\"font-weight: 400;\">Jovem Aprendiz &#8211; CAMA\u00c7ARI\/BA;\u00a0<\/span><\/li>\n<li><span style=\"font-weight: 400;\">Vendedor- Cachoeira\/BA;\u00a0<\/span><\/li>\n<li><span style=\"font-weight: 400;\">Vendedor &#8211; Candeias\/BA;\u00a0<\/span><\/li>\n<li><span style=\"font-weight: 400;\">Vendedor &#8211; Castro Alves\/BA;\u00a0<\/span><\/li>\n<li><span style=\"font-weight: 400;\">Vendedor &#8211; Ipia\u00fa\/BA;\u00a0<\/span><\/li>\n<li><span style=\"font-weight: 400;\">Vendedor &#8211; Itabuna\/BA;\u00a0<\/span><\/li>\n<li><span style=\"font-weight: 400;\">Vendedor &#8211; Itapetinga\/BA;\u00a0<\/span><\/li>\n<li><span style=\"font-weight: 400;\">Vendedor &#8211; Jaguaquara\/BA;\u00a0<\/span><\/li>\n<li><span style=\"font-weight: 400;\">Vendedor Quiosque Motorola &#8211; Esp\u00edrito Santo Vila Velha;\u00a0<\/span><\/li>\n<li><span style=\"font-weight: 400;\">Vendedor &#8211; Santo Ant\u00f4nio de Jesus\/BA;\u00a0<\/span><\/li>\n<li><span style=\"font-weight: 400;\">Vendedor &#8211; Serrinha\/BA Serrinha\u00a0 Vendedor &#8211; Ubaitaba\/BA;\u00a0<\/span><\/li>\n<li><span style=\"font-weight: 400;\">Vendedor &#8211; Valen\u00e7a\/BA.<\/span><\/li>\n<\/ul>\n<figure id=\"attachment_8315\" aria-describedby=\"caption-attachment-8315\" style=\"width: 1200px\" class=\"wp-caption aligncenter\"><img decoding=\"async\" class=\"size-full wp-image-8315\" src=\"https:\/\/99empregos.com.br\/wp-content\/uploads\/2022\/12\/grupo-ramiro-vagas.jpg\" alt=\"Grupo Ramiro abre novas vagas de emprego, confira. Foto: Divulga\u00e7\u00e3o\" width=\"1200\" height=\"750\" srcset=\"https:\/\/99empregos.com.br\/blog\/wp-content\/uploads\/2022\/12\/grupo-ramiro-vagas.jpg 1200w, https:\/\/99empregos.com.br\/blog\/wp-content\/uploads\/2022\/12\/grupo-ramiro-vagas-300x188.jpg 300w, https:\/\/99empregos.com.br\/blog\/wp-content\/uploads\/2022\/12\/grupo-ramiro-vagas-1024x640.jpg 1024w, https:\/\/99empregos.com.br\/blog\/wp-content\/uploads\/2022\/12\/grupo-ramiro-vagas-768x480.jpg 768w\" sizes=\"(max-width: 1200px) 100vw, 1200px\" \/><figcaption id=\"caption-attachment-8315\" class=\"wp-caption-text\">Grupo Ramiro abre novas vagas de emprego, confira. Foto: Divulga\u00e7\u00e3o<\/figcaption><\/figure>\n<h3>Mais informa\u00e7\u00f5es sobre o Grupo Ramiro<\/h3>\n<p class=\"ql-align-justify\">Com\u00a0DNA 100% baiano, somos uma empresa nascida em Valen\u00e7a, interior da Bahia, especializada em Varejo de Telefonia Celular, Eletrodom\u00e9sticos, Eletr\u00f4nicos, M\u00f3veis, Ar e Ventila\u00e7\u00e3o e Utilidades para o Lar. Em\u00a020 de mar\u00e7o de 1982\u00a0iniciamos a nossa caminhada\u00a0com a\u00a0abertura da primeira loja em Valen\u00e7a. Depois de 14 anos abrimos mais uma loja em Ituber\u00e1, e foi em\u00a02003\u00a0que de\u00a0forma mais intensa, ampliamos nossa rede, abrindo mais uma loja em Gand\u00fa.<\/p>\n<p class=\"ql-align-justify\">Desde o in\u00edcio sempre nos preocupamos com o que o nosso cliente precisava para\u00a0realizar o sonho da sua casa mobiliada.\u00a0Pensando nisso, proporcionamos acesso ao cr\u00e9dito, j\u00e1 naquela \u00e9poca, para a compra de m\u00f3veis e eletrodom\u00e9sticos, o que al\u00e9m de facilitar aos nossos clientes se unindo a preocupa\u00e7\u00e3o com o melhor atendimento, foi o motivo da nossa consolida\u00e7\u00e3o.<\/p>\n<p class=\"ql-align-justify\">Hoje j\u00e1\u00a0passamos de\u00a050 pontos de venda,\u00a0entre o interior e a capital Salvador, em alguns bairros e nos principais Shoppings,\u00a0entregando em mais de\u00a0150 cidades\u00a0da Bahia\u00a0com uma\u00a0frota pr\u00f3pria de 25 caminh\u00f5es e o Centro de Distribui\u00e7\u00e3o que \u00e9\u00a0um dos mais modernos da Bahia com mais de 25 mil metros quadrados e \u00e1rea de amplia\u00e7\u00e3o para mais cinco mil metros quadrados.<\/p>\n<h3>Como se candidatar<\/h3>\n<p>Se voc\u00ea encontrou uma oportunidade de emprego no Grupo Ramiro que se encaixa no seu perfil profissional, <a href=\"https:\/\/99empregos.com.br\/vaga\/grupo-ramiro-abre-novas-vagas-de-emprego-na-bahia-confira\/\">basta clicar neste link<\/a> para se candidatar. No entanto, antes de efetivar a sua inscri\u00e7\u00e3o, recomendamos que fa\u00e7a uma revis\u00e3o completa de todos os pr\u00e9-requisitos solicitados pela vaga em quest\u00e3o. Boa sorte!<\/p>\n","protected":false},"excerpt":{"rendered":"<p>O Grupo Ramiro, empresa com sede em Valen\u00e7a\/BA e especializada no com\u00e9rcio de telefonia celular, est\u00e1 com novas oportunidades de emprego abertas. Com 40 anos de experi\u00eancia no mercado, a companhia segue expandindo os seus neg\u00f3cios e agora busca os seguintes profissionais: Agente Administrativo &#8211; Caixa &#8211; Itabuna\/BA;l Ajudante de Dep\u00f3sito &#8211; Valen\u00e7a\/BA;\u00a0 Ajudante de [&hellip;]<\/p>\n","protected":false},"author":8,"featured_media":8316,"comment_status":"open","ping_status":"closed","sticky":false,"template":"","format":"standard","meta":{"footnotes":""},"categories":[7],"tags":[5,1067,742,16],"class_list":["post-8313","post","type-post","status-publish","format-standard","has-post-thumbnail","hentry","category-noticias","tag-empregos","tag-grupo-ramiro","tag-vagas-2022","tag-vagas-de-emprego"],"_links":{"self":[{"href":"https:\/\/99empregos.com.br\/blog\/wp-json\/wp\/v2\/posts\/8313","targetHints":{"allow":["GET"]}}],"collection":[{"href":"https:\/\/99empregos.com.br\/blog\/wp-json\/wp\/v2\/posts"}],"about":[{"href":"https:\/\/99empregos.com.br\/blog\/wp-json\/wp\/v2\/types\/post"}],"author":[{"embeddable":true,"href":"https:\/\/99empregos.com.br\/blog\/wp-json\/wp\/v2\/users\/8"}],"replies":[{"embeddable":true,"href":"https:\/\/99empregos.com.br\/blog\/wp-json\/wp\/v2\/comments?post=8313"}],"version-history":[{"count":0,"href":"https:\/\/99empregos.com.br\/blog\/wp-json\/wp\/v2\/posts\/8313\/revisions"}],"wp:featuredmedia":[{"embeddable":true,"href":"https:\/\/99empregos.com.br\/blog\/wp-json\/wp\/v2\/media\/8316"}],"wp:attachment":[{"href":"https:\/\/99empregos.com.br\/blog\/wp-json\/wp\/v2\/media?parent=8313"}],"wp:term":[{"taxonomy":"category","embeddable":true,"href":"https:\/\/99empregos.com.br\/blog\/wp-json\/wp\/v2\/categories?post=8313"},{"taxonomy":"post_tag","embeddable":true,"href":"https:\/\/99empregos.com.br\/blog\/wp-json\/wp\/v2\/tags?post=8313"}],"curies":[{"name":"wp","href":"https:\/\/api.w.org\/{rel}","templated":true}]}}