{"id":8320,"date":"2022-12-01T07:05:48","date_gmt":"2022-12-01T10:05:48","guid":{"rendered":"https:\/\/123empregos.com.br\/?p=8320"},"modified":"2022-12-01T07:05:48","modified_gmt":"2022-12-01T10:05:48","slug":"empresa-de-telefonia-abre-novas-vagas-no-setor-comercial","status":"publish","type":"post","link":"https:\/\/99empregos.com.br\/blog\/empresa-de-telefonia-abre-novas-vagas-no-setor-comercial\/","title":{"rendered":"Empresa de telefonia abre novas vagas no setor comercial"},"content":{"rendered":"<p>A Cellular.com, empresa filiada \u00e0 Claro e com mais de 18 anos de experi\u00eancia no setor comercial de telefonia, est\u00e1 com <a href=\"https:\/\/99empregos.com.br\/rede-de-lojas-abre-novas-oportunidades-de-emprego-confira\/\">novas oportunidades<\/a> de emprego. Contando com mais de 100 lojas espalhadas pelos estados de S\u00e3o Paulo, Minas Gerais, Paran\u00e1 e Santa Catarina, a companhia segue expandindo seus neg\u00f3cios e, agora, busca os seguintes profissionais:<\/p>\n<ul>\n<li><span style=\"font-weight: 400\">Consultor de Vendas Especialista | Claro Regi\u00e3o de Americana\/SP;\u00a0<\/span><\/li>\n<li><span style=\"font-weight: 400\">Consultor de Vendas Especialista | Claro Regi\u00e3o de Itaja\u00ed\/SC;\u00a0<\/span><\/li>\n<li><span style=\"font-weight: 400\">Consultor de Vendas Especialista | Claro Regi\u00e3o de Joinville\/SC;\u00a0<\/span><\/li>\n<li><span style=\"font-weight: 400\">Consultor de Vendas Especialista | Claro Regi\u00e3o de Limeira\/SP;\u00a0<\/span><\/li>\n<li><span style=\"font-weight: 400\">Consultor de Vendas Especialista Porta \u00e0 Porta | Claro Curitiba\/PR;\u00a0<\/span><\/li>\n<li><span style=\"font-weight: 400\">Consultor de Vendas Especialista Porta \u00e0 Porta | Claro Jaboticabal;\u00a0<\/span><\/li>\n<li><span style=\"font-weight: 400\">Consultor de Vendas L\u00edder Porta \u00e0 Porta | Claro Regi\u00e3o de Americana\/SP;<\/span><\/li>\n<li><span style=\"font-weight: 400\">Consultor de Vendas L\u00edder Porta \u00e0 Porta | Claro Regi\u00e3o de Itaja\u00ed\/SC;<\/span><\/li>\n<li><span style=\"font-weight: 400\">Consultor de Vendas L\u00edder Porta \u00e0 Porta | Claro Regi\u00e3o de S\u00e3o Bento do Sul\/SC;\u00a0<\/span><\/li>\n<li><span style=\"font-weight: 400\">Consultor de Vendas L\u00edder Porta \u00e0 Porta | Claro Regi\u00e3o de S\u00e3o Francisco\/SC;\u00a0<\/span><\/li>\n<li><span style=\"font-weight: 400\">Consultor de Vendas | Lojas Claro Americana\/SP;\u00a0<\/span><\/li>\n<li><span style=\"font-weight: 400\">Consultor de Vendas | Lojas Claro Birigui\/SP;\u00a0<\/span><\/li>\n<li><span style=\"font-weight: 400\">Consultor de Vendas | Lojas Claro Brodowski\/SP;\u00a0<\/span><\/li>\n<li><span style=\"font-weight: 400\">Consultor de Vendas | Lojas Claro Campinas Shopping Galleria\/SP;\u00a0<\/span><\/li>\n<li><span style=\"font-weight: 400\">Consultor de Vendas | Lojas Claro Casa Branca\/SP;<\/span><\/li>\n<li><span style=\"font-weight: 400\">Consultor de Vendas | Lojas Claro Cotia\/SP;<\/span><\/li>\n<li><span style=\"font-weight: 400\">Consultor de Vendas | Lojas Claro Cravinhos\/SP;\u00a0<\/span><\/li>\n<li><span style=\"font-weight: 400\">Consultor de Vendas | Lojas Claro Espirito Santo do Pinhal\/SP;\u00a0<\/span><\/li>\n<li><span style=\"font-weight: 400\">Consultor de Vendas | Lojas Claro Igarapava\/SP;\u00a0<\/span><\/li>\n<li><span style=\"font-weight: 400\">Consultor de Vendas | Lojas Claro Itapema\/SC;<\/span><\/li>\n<li><span style=\"font-weight: 400\">Consultor de Vendas | Lojas Claro Itapetininga\/SP;<\/span><\/li>\n<li><span style=\"font-weight: 400\">Consultor de Vendas | Lojas Claro Ituverava\/SP;\u00a0<\/span><\/li>\n<li><span style=\"font-weight: 400\">Consultor de Vendas | Lojas Claro Jaboticabal\/SP;\u00a0<\/span><\/li>\n<li><span style=\"font-weight: 400\">Consultor de Vendas | Lojas Claro Limeira Shopping\/SP;\u00a0<\/span><\/li>\n<li><span style=\"font-weight: 400\">Consultor de Vendas | Lojas Claro Mat\u00e3o\/SP;\u00a0<\/span><\/li>\n<li><span style=\"font-weight: 400\">Consultor de Vendas | Lojas Claro Mococa\/SP;<\/span><\/li>\n<li><span style=\"font-weight: 400\">Consultor de Vendas | Lojas Claro Navegantes\/SC;\u00a0<\/span><\/li>\n<li><span style=\"font-weight: 400\">Consultor de Vendas | Lojas Claro Presidente Venceslau\/SP;\u00a0<\/span><\/li>\n<li><span style=\"font-weight: 400\">Consultor de Vendas | Lojas Claro Regi\u00e3o de Balne\u00e1rio Cambori\u00fa\/SC;\u00a0<\/span><\/li>\n<li><span style=\"font-weight: 400\">Consultor de Vendas | Lojas Claro Regi\u00e3o de Curitiba\/PR.<\/span><\/li>\n<\/ul>\n<figure id=\"attachment_8323\" aria-describedby=\"caption-attachment-8323\" style=\"width: 1200px\" class=\"wp-caption aligncenter\"><img decoding=\"async\" class=\"size-full wp-image-8323\" src=\"https:\/\/99empregos.com.br\/wp-content\/uploads\/2022\/12\/cellular.com-vagas.jpg\" alt=\"Cellular.com abre novas vagas de emprego, confira. Foto: Divulga\u00e7\u00e3o\" width=\"1200\" height=\"750\" srcset=\"https:\/\/99empregos.com.br\/blog\/wp-content\/uploads\/2022\/12\/cellular.com-vagas.jpg 1200w, https:\/\/99empregos.com.br\/blog\/wp-content\/uploads\/2022\/12\/cellular.com-vagas-300x188.jpg 300w, https:\/\/99empregos.com.br\/blog\/wp-content\/uploads\/2022\/12\/cellular.com-vagas-1024x640.jpg 1024w, https:\/\/99empregos.com.br\/blog\/wp-content\/uploads\/2022\/12\/cellular.com-vagas-768x480.jpg 768w\" sizes=\"(max-width: 1200px) 100vw, 1200px\" \/><figcaption id=\"caption-attachment-8323\" class=\"wp-caption-text\">Cellular.com abre novas vagas de emprego, confira. Foto: Divulga\u00e7\u00e3o<\/figcaption><\/figure>\n<h3>Sobre a Cellular.com<\/h3>\n<p>Somos o Grupo Cellular, o maior parceiro da Claro no Brasil com 100 lojas nos estados de S\u00e3o Paulo, Minas Gerais, Paran\u00e1 e Santa Catarina. Temos mais de 18 anos de experi\u00eancia no mercado de telefonia e somos especialistas no com\u00e9rcio de telefones celulares, smartphones, acess\u00f3rios e planos residenciais com excel\u00eancia no atendimento e pre\u00e7os competitivos.<\/p>\n<h3>Como se candidatar<\/h3>\n<p>Se voc\u00ea encontrou uma oportunidade de emprego que se encaixa no seu perfil profissional, <a href=\"https:\/\/99empregos.com.br\/vaga\/cellular-com-abre-novas-vagas-de-emprego-confira\/\">basta clicar neste link<\/a> para se candidatar. No entanto, antes de efetivar a sua inscri\u00e7\u00e3o, recomendamos que fa\u00e7a uma revis\u00e3o completa de todos os pr\u00e9-requisitos solicitados pela vaga em quest\u00e3o. Boa sorte!<\/p>\n","protected":false},"excerpt":{"rendered":"<p>A Cellular.com, empresa filiada \u00e0 Claro e com mais de 18 anos de experi\u00eancia no setor comercial de telefonia, est\u00e1 com novas oportunidades de emprego. Contando com mais de 100 lojas espalhadas pelos estados de S\u00e3o Paulo, Minas Gerais, Paran\u00e1 e Santa Catarina, a companhia segue expandindo seus neg\u00f3cios e, agora, busca os seguintes profissionais: [&hellip;]<\/p>\n","protected":false},"author":8,"featured_media":8322,"comment_status":"open","ping_status":"closed","sticky":false,"template":"","format":"standard","meta":{"footnotes":""},"categories":[7],"tags":[778,742,16],"class_list":["post-8320","post","type-post","status-publish","format-standard","has-post-thumbnail","hentry","category-noticias","tag-novas-oportunidades","tag-vagas-2022","tag-vagas-de-emprego"],"_links":{"self":[{"href":"https:\/\/99empregos.com.br\/blog\/wp-json\/wp\/v2\/posts\/8320","targetHints":{"allow":["GET"]}}],"collection":[{"href":"https:\/\/99empregos.com.br\/blog\/wp-json\/wp\/v2\/posts"}],"about":[{"href":"https:\/\/99empregos.com.br\/blog\/wp-json\/wp\/v2\/types\/post"}],"author":[{"embeddable":true,"href":"https:\/\/99empregos.com.br\/blog\/wp-json\/wp\/v2\/users\/8"}],"replies":[{"embeddable":true,"href":"https:\/\/99empregos.com.br\/blog\/wp-json\/wp\/v2\/comments?post=8320"}],"version-history":[{"count":0,"href":"https:\/\/99empregos.com.br\/blog\/wp-json\/wp\/v2\/posts\/8320\/revisions"}],"wp:featuredmedia":[{"embeddable":true,"href":"https:\/\/99empregos.com.br\/blog\/wp-json\/wp\/v2\/media\/8322"}],"wp:attachment":[{"href":"https:\/\/99empregos.com.br\/blog\/wp-json\/wp\/v2\/media?parent=8320"}],"wp:term":[{"taxonomy":"category","embeddable":true,"href":"https:\/\/99empregos.com.br\/blog\/wp-json\/wp\/v2\/categories?post=8320"},{"taxonomy":"post_tag","embeddable":true,"href":"https:\/\/99empregos.com.br\/blog\/wp-json\/wp\/v2\/tags?post=8320"}],"curies":[{"name":"wp","href":"https:\/\/api.w.org\/{rel}","templated":true}]}}