{"id":8428,"date":"2022-12-02T05:31:14","date_gmt":"2022-12-02T08:31:14","guid":{"rendered":"https:\/\/123empregos.com.br\/?p=8428"},"modified":"2022-12-02T05:31:14","modified_gmt":"2022-12-02T08:31:14","slug":"startup-contrata-freelancers-para-diversos-cargos-confira","status":"publish","type":"post","link":"https:\/\/99empregos.com.br\/blog\/startup-contrata-freelancers-para-diversos-cargos-confira\/","title":{"rendered":"Startup contrata freelancers para diversos cargos, confira"},"content":{"rendered":"<p>A Birdie, startup especializada na apresenta\u00e7\u00e3o de ambientes e o maior player do Brasil neste ramo, est\u00e1 com <a href=\"https:\/\/99empregos.com.br\/vaga\/grupo-ramiro-abre-novas-vagas-de-emprego-na-bahia-confira\/\">oportunidades de emprego<\/a> abertas para freelancers. Confira, antes de mais anda, quais s\u00e3o as vagas disponibilizadas para a presta\u00e7\u00e3o de servi\u00e7os:<\/p>\n<ul>\n<li><span style=\"font-weight: 400\">Profissionais de Fotografia | Porto Alegre RS &#8211; Freelancer;\u00a0<\/span><\/li>\n<li><span style=\"font-weight: 400\">Profissional de Fotografia | ABC Paulista &#8211; SP S\u00e3o Bernardo do Campo\/SP &#8211; Freelancer;\u00a0<\/span><\/li>\n<li><span style=\"font-weight: 400\">Profissional de Fotografia | Balne\u00e1rio Cambori\u00fa &#8211; SC &#8211; Freelancer;\u00a0<\/span><\/li>\n<li><span style=\"font-weight: 400\">Profissional de Fotografia | Belo Horizonte &#8211; MG &#8211; Freelancer;\u00a0<\/span><\/li>\n<li><span style=\"font-weight: 400\">Profissional de Fotografia |Bertioga &#8211; SP &#8211; Freelancer;\u00a0<\/span><\/li>\n<li><span style=\"font-weight: 400\">Profissional de Fotografia | Cabo Frio &#8211; RJ &#8211; Freelancer;\u00a0<\/span><\/li>\n<li><span style=\"font-weight: 400\">Profissional de Fotografia |Caldas Novas &#8211; GO &#8211; Freelancer;\u00a0<\/span><\/li>\n<li><span style=\"font-weight: 400\">Profissional de Fotografia | Campinas &#8211; SP &#8211; Freelancer;\u00a0<\/span><\/li>\n<li><span style=\"font-weight: 400\">Profissional de Fotografia |Canoas &#8211; RS &#8211; Freelancer;\u00a0<\/span><\/li>\n<li><span style=\"font-weight: 400\">Profissional de Fotografia | Curitiba &#8211; PR &#8211; Freelancer;\u00a0<\/span><\/li>\n<li><span style=\"font-weight: 400\">Profissional de Fotografia | Florian\u00f3polis &#8211; SC &#8211; Freelancer;\u00a0<\/span><\/li>\n<li><span style=\"font-weight: 400\">Profissional de Fotografia | Fortaleza &#8211; CE &#8211; Freelancer;\u00a0<\/span><\/li>\n<li><span style=\"font-weight: 400\">Profissional de Fotografia | Gramado &#8211; RS &#8211; Freelancer;\u00a0<\/span><\/li>\n<li><span style=\"font-weight: 400\">Profissional de Fotografia | Jo\u00e3o Pessoa &#8211; PB &#8211; Freelancer;\u00a0<\/span><\/li>\n<li><span style=\"font-weight: 400\">Profissional de Fotografia | Macei\u00f3 &#8211; AL &#8211; Freelancer;\u00a0<\/span><\/li>\n<li><span style=\"font-weight: 400\">Profissional de Fotografia | Mogi das Cruzes &#8211; SP &#8211; Freelancer;\u00a0<\/span><\/li>\n<li><span style=\"font-weight: 400\">Profissional de Fotografia | Niter\u00f3i &#8211; RJ &#8211; Freelancer;\u00a0<\/span><\/li>\n<li><span style=\"font-weight: 400\">Profissional de Fotografia | Osasco SP &#8211; Freelancer;\u00a0<\/span><\/li>\n<li><span style=\"font-weight: 400\">Profissional de Fotografia | Recife &#8211; PE &#8211; Freelancer;\u00a0<\/span><\/li>\n<li><span style=\"font-weight: 400\">Profissional de Fotografia | Ribeir\u00e3o Preto &#8211; SP &#8211; Freelancer;\u00a0<\/span><\/li>\n<li><span style=\"font-weight: 400\">Profissional de Fotografia | Rio de Janeiro &#8211; RJ &#8211; Freelancer;\u00a0<\/span><\/li>\n<li><span style=\"font-weight: 400\">Profissional de Fotografia |Salvador &#8211; BA &#8211; Freelancer;\u00a0<\/span><\/li>\n<li><span style=\"font-weight: 400\">Profissional de Fotografia | S\u00e3o Paulo &#8211; SP &#8211; Freelancer;\u00a0<\/span><\/li>\n<li><span style=\"font-weight: 400\">Profissional de Fotografia | S\u00e3o Sebasti\u00e3o &#8211; SP &#8211; Freelancer;\u00a0<\/span><\/li>\n<li><span style=\"font-weight: 400\">Profissional de Fotografia | Ubatuba &#8211; SP &#8211; Freelancer;\u00a0<\/span><\/li>\n<li><span style=\"font-weight: 400\">Profissional de Fotografia | Uberl\u00e2ndia &#8211; MG &#8211; Freelancer;\u00a0<\/span><\/li>\n<li><span style=\"font-weight: 400\">Profissional de Fotografia | Vit\u00f3ria &#8211; ES &#8211; Freelancer;\u00a0<\/span><\/li>\n<li><span style=\"font-weight: 400\">Profissional Piloto de Drone | Belo Horizonte &#8211; MG &#8211; Freelancer;\u00a0<\/span><\/li>\n<li><span style=\"font-weight: 400\">Profissional Piloto de Drone | Campinas &#8211; SP &#8211; Freelancer;\u00a0<\/span><\/li>\n<li><span style=\"font-weight: 400\">Profissional Piloto de Drone | Fortaleza &#8211; CE &#8211; Freelancer;\u00a0<\/span><\/li>\n<li><span style=\"font-weight: 400\">Profissional Piloto de Drone | Macei\u00f3 &#8211; AL &#8211; Freelancer;\u00a0<\/span><\/li>\n<li><span style=\"font-weight: 400\">Profissional Piloto de Drone | Porto Alegre &#8211; RS &#8211; Freelancer;\u00a0<\/span><\/li>\n<li><span style=\"font-weight: 400\">Profissional Piloto de Drone | Ribeir\u00e3o Preto &#8211; SP &#8211; Freelancer;\u00a0<\/span><\/li>\n<li><span style=\"font-weight: 400\">Profissional Piloto de Drone | Rio de Janeiro &#8211; RJ &#8211; Freelancer;\u00a0<\/span><\/li>\n<li><span style=\"font-weight: 400\">Profissional Piloto de Drone | Santos &#8211; SP &#8211; Freelancer;\u00a0<\/span><\/li>\n<li><span style=\"font-weight: 400\">Profissional Piloto de Drone | S\u00e3o Paulo &#8211; SP &#8211; Freelancer.<\/span><\/li>\n<\/ul>\n<figure id=\"attachment_8430\" aria-describedby=\"caption-attachment-8430\" style=\"width: 1200px\" class=\"wp-caption aligncenter\"><img decoding=\"async\" class=\"size-full wp-image-8430\" src=\"https:\/\/99empregos.com.br\/wp-content\/uploads\/2022\/12\/birdie-2022.jpg\" alt=\"Birdie abre novas oportunidades de emprego, confira. Foto: Divulga\u00e7\u00e3o\" width=\"1200\" height=\"750\" srcset=\"https:\/\/99empregos.com.br\/blog\/wp-content\/uploads\/2022\/12\/birdie-2022.jpg 1200w, https:\/\/99empregos.com.br\/blog\/wp-content\/uploads\/2022\/12\/birdie-2022-300x188.jpg 300w, https:\/\/99empregos.com.br\/blog\/wp-content\/uploads\/2022\/12\/birdie-2022-1024x640.jpg 1024w, https:\/\/99empregos.com.br\/blog\/wp-content\/uploads\/2022\/12\/birdie-2022-768x480.jpg 768w\" sizes=\"(max-width: 1200px) 100vw, 1200px\" \/><figcaption id=\"caption-attachment-8430\" class=\"wp-caption-text\">Birdie abre novas oportunidades de emprego, confira. Foto: Divulga\u00e7\u00e3o<\/figcaption><\/figure>\n<h3>Mais informa\u00e7\u00f5es sobre a Birdie<\/h3>\n<p>Somos uma startup especializada na apresenta\u00e7\u00e3o de ambientes, o\u00a0<em>maior player<\/em> do Brasil neste ramo. Nosso prop\u00f3sito \u00e9 digitalizar o mundo. Sim, acreditamos que qualquer lugar deveria estar a apenas alguns cliques de dist\u00e2ncia.<\/p>\n<p>A Birdie nasceu para revolucionar a realidade do mundo virtual. Estamos unidos em torno de uma plataforma que conecta fot\u00f3grafos a empresas para entregar a melhor apresenta\u00e7\u00e3o digital atrav\u00e9s de imagens de alta qualidade. Contamos com um time extremamente competente e dedicado, trabalhando de forma remota em v\u00e1rias regi\u00f5es do Brasil.<\/p>\n<h3>Como se candidatar<\/h3>\n<p>Se voc\u00ea encontrou uma oportunidade de emprego que se encaixa no seu perfil profissional, <a href=\"https:\/\/99empregos.com.br\/vaga\/birdie-abre-novas-vagas-de-emprego-confira\/\">basta clicar neste link<\/a> para se canidatar. No entanto, antes de efetivar a sua inscri\u00e7\u00e3o, recomendamos que fa\u00e7a uma revis\u00e3o completa de todos os pr\u00e9-requisitos da vaga escolhida. Boa sorte!<\/p>\n","protected":false},"excerpt":{"rendered":"<p>A Birdie, startup especializada na apresenta\u00e7\u00e3o de ambientes e o maior player do Brasil neste ramo, est\u00e1 com oportunidades de emprego abertas para freelancers. Confira, antes de mais anda, quais s\u00e3o as vagas disponibilizadas para a presta\u00e7\u00e3o de servi\u00e7os: Profissionais de Fotografia | Porto Alegre RS &#8211; Freelancer;\u00a0 Profissional de Fotografia | ABC Paulista &#8211; [&hellip;]<\/p>\n","protected":false},"author":8,"featured_media":8431,"comment_status":"open","ping_status":"closed","sticky":false,"template":"","format":"standard","meta":{"footnotes":""},"categories":[7],"tags":[5,778,742],"class_list":["post-8428","post","type-post","status-publish","format-standard","has-post-thumbnail","hentry","category-noticias","tag-empregos","tag-novas-oportunidades","tag-vagas-2022"],"_links":{"self":[{"href":"https:\/\/99empregos.com.br\/blog\/wp-json\/wp\/v2\/posts\/8428","targetHints":{"allow":["GET"]}}],"collection":[{"href":"https:\/\/99empregos.com.br\/blog\/wp-json\/wp\/v2\/posts"}],"about":[{"href":"https:\/\/99empregos.com.br\/blog\/wp-json\/wp\/v2\/types\/post"}],"author":[{"embeddable":true,"href":"https:\/\/99empregos.com.br\/blog\/wp-json\/wp\/v2\/users\/8"}],"replies":[{"embeddable":true,"href":"https:\/\/99empregos.com.br\/blog\/wp-json\/wp\/v2\/comments?post=8428"}],"version-history":[{"count":0,"href":"https:\/\/99empregos.com.br\/blog\/wp-json\/wp\/v2\/posts\/8428\/revisions"}],"wp:featuredmedia":[{"embeddable":true,"href":"https:\/\/99empregos.com.br\/blog\/wp-json\/wp\/v2\/media\/8431"}],"wp:attachment":[{"href":"https:\/\/99empregos.com.br\/blog\/wp-json\/wp\/v2\/media?parent=8428"}],"wp:term":[{"taxonomy":"category","embeddable":true,"href":"https:\/\/99empregos.com.br\/blog\/wp-json\/wp\/v2\/categories?post=8428"},{"taxonomy":"post_tag","embeddable":true,"href":"https:\/\/99empregos.com.br\/blog\/wp-json\/wp\/v2\/tags?post=8428"}],"curies":[{"name":"wp","href":"https:\/\/api.w.org\/{rel}","templated":true}]}}