{"id":8434,"date":"2022-12-02T05:43:00","date_gmt":"2022-12-02T08:43:00","guid":{"rendered":"https:\/\/123empregos.com.br\/?p=8434"},"modified":"2022-12-02T05:43:00","modified_gmt":"2022-12-02T08:43:00","slug":"companhia-de-saude-abre-vagas-no-brasil-confira","status":"publish","type":"post","link":"https:\/\/99empregos.com.br\/blog\/companhia-de-saude-abre-vagas-no-brasil-confira\/","title":{"rendered":"Companhia de sa\u00fade abre vagas no Brasil, confira"},"content":{"rendered":"<p>O Imtep, instituto que faz parte da maior companhia de gest\u00e3o de sa\u00fade do Brasil, a 3778, est\u00e1 com <a href=\"https:\/\/99empregos.com.br\/instituto-de-ciencia-e-tecnologia-abre-novas-vagas-de-emprego\/\">novas oportunidades<\/a> de emprego abertas. Com mais de 200 unidades espalhadas por todo o pa\u00eds, a companhai segue expandindo seus neg\u00f3cios e, agora, precisa dos seguintes profissionais:<\/p>\n<ul>\n<li><span style=\"font-weight: 400\">Assistente Administrativo &#8211; Belo Horizonte Curitiba\/PR;\u00a0\u00a0<\/span><\/li>\n<li><span style=\"font-weight: 400\">Assistente Administrativo &#8211; Belo Horizonte;\u00a0<\/span><\/li>\n<li><span style=\"font-weight: 400\">Assistente Administrativo &#8211; Belo Horizonte\/MG;\u00a0<\/span><\/li>\n<li><span style=\"font-weight: 400\">Assistente Administrativo &#8211; Jacare\u00ed\/SP S\u00e3o Paulo Tempor\u00e1rio;\u00a0<\/span><\/li>\n<li><span style=\"font-weight: 400\">Assistente Administrativo Rio de Janeiro\/RJ;\u00a0<\/span><\/li>\n<li><span style=\"font-weight: 400\">Assistente de Recrutamento e Sele\u00e7\u00e3o &#8211; Curitiba\/PR e Remoto;\u00a0<\/span><\/li>\n<li><span style=\"font-weight: 400\">Assistente Social &#8211; Madre de Deus\/BA;\u00a0<\/span><\/li>\n<li><span style=\"font-weight: 400\">Assistente Social Rio de Janeiro\/RJ Tempor\u00e1rio;\u00a0<\/span><\/li>\n<li><span style=\"font-weight: 400\">Assistente Social Rio de Janeiro\/RJ Tempor\u00e1rio;\u00a0<\/span><\/li>\n<li><span style=\"font-weight: 400\">Assistente Social &#8211; S\u00e3o Paulo\/SP;\u00a0<\/span><\/li>\n<li><span style=\"font-weight: 400\">Condutor de Ambul\u00e2ncia &#8211; Caraguatatuba\/SP;\u00a0<\/span><\/li>\n<li><span style=\"font-weight: 400\">Condutor de Ambul\u00e2ncia &#8211; Mau\u00e1\/SP;\u00a0<\/span><\/li>\n<li><span style=\"font-weight: 400\">Condutor de Ambul\u00e2ncia &#8211; Mau\u00e1\/SP;\u00a0<\/span><\/li>\n<li><span style=\"font-weight: 400\">Condutor de Ambul\u00e2ncia &#8211; Ribas do Rio Pardo\/MS;\u00a0<\/span><\/li>\n<li><span style=\"font-weight: 400\">Consultor SGI I &#8211; Cama\u00e7ari\/BA;<\/span><\/li>\n<li><span style=\"font-weight: 400\">Consultor STMA I &#8211; Cajamar\/SP;<\/span><\/li>\n<li><span style=\"font-weight: 400\">Consultor STMA I &#8211; Cajamar\/SP;<\/span><\/li>\n<li><span style=\"font-weight: 400\">Consultor STMA I &#8211; Varginha\/MG Aut\u00f4nomo;\u00a0<\/span><\/li>\n<li><span style=\"font-weight: 400\">Educador F\u00edsico &#8211; Joinville\/SC Aut\u00f4nomo;\u00a0<\/span><\/li>\n<li><span style=\"font-weight: 400\">Educador F\u00edsico &#8211; S\u00e3o Carlos\/SP Aut\u00f4nomo;\u00a0<\/span><\/li>\n<li><span style=\"font-weight: 400\">Enfermeiro &#8211; Brasil Trabalho Remoto;\u00a0<\/span><\/li>\n<li><span style=\"font-weight: 400\">Enfermeiro &#8211; Cama\u00e7ari\/BA;\u00a0<\/span><\/li>\n<li><span style=\"font-weight: 400\">Enfermeiro do Trabalho &#8211; Fortaleza\/CE Aut\u00f4nomo;\u00a0<\/span><\/li>\n<li><span style=\"font-weight: 400\">Enfermeiro do Trabalho &#8211; Rio de Janeiro\/RJ Aut\u00f4nomo;\u00a0<\/span><\/li>\n<li><span style=\"font-weight: 400\">Enfermeiro do Trabalho &#8211; S\u00e3o Carlos\/SP;\u00a0<\/span><\/li>\n<li><span style=\"font-weight: 400\">Enfermeiro do Trabalho &#8211; S\u00e3o Carlos\/SP;\u00a0<\/span><\/li>\n<li><span style=\"font-weight: 400\">Enfermeiro do Trabalho &#8211; S\u00e3o Paulo\/SP;\u00a0<\/span><\/li>\n<li><span style=\"font-weight: 400\">Enfermeiro do Trabalho &#8211; S\u00e3o Paulo\/SP;\u00a0<\/span><\/li>\n<li><span style=\"font-weight: 400\">Enfermeiro &#8211; Ribas do Rio Pardo\/MS;\u00a0<\/span><\/li>\n<li><span style=\"font-weight: 400\">Enfermeiro &#8211; S\u00e3o Paulo\/SP;\u00a0<\/span><\/li>\n<li><span style=\"font-weight: 400\">Ergonomista &#8211; Bras\u00edlia\/DF Aut\u00f4nomo;\u00a0<\/span><\/li>\n<li><span style=\"font-weight: 400\">Ergonomista &#8211; Manaus\/AM;\u00a0<\/span><\/li>\n<li><span style=\"font-weight: 400\">Ergonomista &#8211; S\u00e3o Carlos\/SP Aut\u00f4nomo;\u00a0<\/span><\/li>\n<li><span style=\"font-weight: 400\">Estagi\u00e1rio de Gest\u00e3o de Afastados &#8211; Belo Horizonte\/MG;\u00a0<\/span><\/li>\n<li><span style=\"font-weight: 400\">Fonoaudi\u00f3loga &#8211; Campo Largo\/PR Pessoa jur\u00eddica;\u00a0<\/span><\/li>\n<li><span style=\"font-weight: 400\">Fonoaudi\u00f3logo(a) &#8211; Curitiba\/PR Pessoa jur\u00eddica;\u00a0<\/span><\/li>\n<li><span style=\"font-weight: 400\">Gestor Operacional &#8211; Ribas do Rio Pardo\/MS;\u00a0<\/span><\/li>\n<li><span style=\"font-weight: 400\">M\u00e9dico de Fam\u00edlia e Comunidade &#8211; Brasil Trabalho Remoto;\u00a0<\/span><\/li>\n<li><span style=\"font-weight: 400\">M\u00e9dico do Trabalho Niter\u00f3i\/RJ Pessoa jur\u00eddica;\u00a0<\/span><\/li>\n<li><span style=\"font-weight: 400\">M\u00e9dico do Trabalho Rio de Janeiro\/RJ Pessoa jur\u00eddica;\u00a0<\/span><\/li>\n<li><span style=\"font-weight: 400\">M\u00e9dico do Trabalho &#8211; Brasil Trabalho Remoto.<\/span><\/li>\n<\/ul>\n<figure id=\"attachment_8436\" aria-describedby=\"caption-attachment-8436\" style=\"width: 1200px\" class=\"wp-caption aligncenter\"><img decoding=\"async\" class=\"size-full wp-image-8436\" src=\"https:\/\/99empregos.com.br\/wp-content\/uploads\/2022\/12\/imtep-2022.jpg\" alt=\"Imtep abre novas oportunidades de emprego, confira. Foto: Divulga\u00e7\u00e3o\" width=\"1200\" height=\"750\" srcset=\"https:\/\/99empregos.com.br\/blog\/wp-content\/uploads\/2022\/12\/imtep-2022.jpg 1200w, https:\/\/99empregos.com.br\/blog\/wp-content\/uploads\/2022\/12\/imtep-2022-300x188.jpg 300w, https:\/\/99empregos.com.br\/blog\/wp-content\/uploads\/2022\/12\/imtep-2022-1024x640.jpg 1024w, https:\/\/99empregos.com.br\/blog\/wp-content\/uploads\/2022\/12\/imtep-2022-768x480.jpg 768w\" sizes=\"(max-width: 1200px) 100vw, 1200px\" \/><figcaption id=\"caption-attachment-8436\" class=\"wp-caption-text\">Imtep abre novas oportunidades de emprego, confira. Foto: Divulga\u00e7\u00e3o<\/figcaption><\/figure>\n<h3>Mais informa\u00e7\u00f5es sobre o Imtep<\/h3>\n<p>O Imtep faz parte da maior companhia de gest\u00e3o de sa\u00fade do Brasil, a 3778. Representa o maior operador de ambulat\u00f3rios corporativos do pa\u00eds, atendendo empresas nacionais de grande porte e multinacionais. S\u00e3o mais de 200 unidades espalhadas em todo o Brasil, com cerca de 2 mil colaboradores espalhados em 120 cidades.<\/p>\n<p>Al\u00e9m da gest\u00e3o de ambulat\u00f3rio, as empresas t\u00eam ainda como principais servi\u00e7os a Aten\u00e7\u00e3o Prim\u00e1ria em Sa\u00fade, o atendimento em Sa\u00fade Ocupacional e o desenvolvimento de solu\u00e7\u00f5es tecnol\u00f3gicas em sa\u00fade.<\/p>\n<h3>Como se candidatar<\/h3>\n<p>Se voc\u00ea encontrou uma oportunidade de emprego que se encaixa no seu perfil profissional, <a href=\"https:\/\/99empregos.com.br\/vaga\/imtep-abre-novas-vagas-de-emprego-confira\/\">basta clicar neste link<\/a> para se candidatar. No entanto, antes de efetivar a sua inscri\u00e7\u00e3o, recomendamos que fa\u00e7a uma revis\u00e3o completa de todos os detalhes da vaga escolhida. Boa sorte!<\/p>\n","protected":false},"excerpt":{"rendered":"<p>O Imtep, instituto que faz parte da maior companhia de gest\u00e3o de sa\u00fade do Brasil, a 3778, est\u00e1 com novas oportunidades de emprego abertas. Com mais de 200 unidades espalhadas por todo o pa\u00eds, a companhai segue expandindo seus neg\u00f3cios e, agora, precisa dos seguintes profissionais: Assistente Administrativo &#8211; Belo Horizonte Curitiba\/PR;\u00a0\u00a0 Assistente Administrativo &#8211; [&hellip;]<\/p>\n","protected":false},"author":8,"featured_media":8437,"comment_status":"open","ping_status":"closed","sticky":false,"template":"","format":"standard","meta":{"footnotes":""},"categories":[7],"tags":[5,1072,778,742],"class_list":["post-8434","post","type-post","status-publish","format-standard","has-post-thumbnail","hentry","category-noticias","tag-empregos","tag-imtep","tag-novas-oportunidades","tag-vagas-2022"],"_links":{"self":[{"href":"https:\/\/99empregos.com.br\/blog\/wp-json\/wp\/v2\/posts\/8434","targetHints":{"allow":["GET"]}}],"collection":[{"href":"https:\/\/99empregos.com.br\/blog\/wp-json\/wp\/v2\/posts"}],"about":[{"href":"https:\/\/99empregos.com.br\/blog\/wp-json\/wp\/v2\/types\/post"}],"author":[{"embeddable":true,"href":"https:\/\/99empregos.com.br\/blog\/wp-json\/wp\/v2\/users\/8"}],"replies":[{"embeddable":true,"href":"https:\/\/99empregos.com.br\/blog\/wp-json\/wp\/v2\/comments?post=8434"}],"version-history":[{"count":0,"href":"https:\/\/99empregos.com.br\/blog\/wp-json\/wp\/v2\/posts\/8434\/revisions"}],"wp:featuredmedia":[{"embeddable":true,"href":"https:\/\/99empregos.com.br\/blog\/wp-json\/wp\/v2\/media\/8437"}],"wp:attachment":[{"href":"https:\/\/99empregos.com.br\/blog\/wp-json\/wp\/v2\/media?parent=8434"}],"wp:term":[{"taxonomy":"category","embeddable":true,"href":"https:\/\/99empregos.com.br\/blog\/wp-json\/wp\/v2\/categories?post=8434"},{"taxonomy":"post_tag","embeddable":true,"href":"https:\/\/99empregos.com.br\/blog\/wp-json\/wp\/v2\/tags?post=8434"}],"curies":[{"name":"wp","href":"https:\/\/api.w.org\/{rel}","templated":true}]}}