{"id":8448,"date":"2022-12-02T06:05:05","date_gmt":"2022-12-02T09:05:05","guid":{"rendered":"https:\/\/123empregos.com.br\/?p=8448"},"modified":"2022-12-02T06:05:05","modified_gmt":"2022-12-02T09:05:05","slug":"empresa-especialista-em-vendas-abre-novas-vagas","status":"publish","type":"post","link":"https:\/\/99empregos.com.br\/blog\/empresa-especialista-em-vendas-abre-novas-vagas\/","title":{"rendered":"Empresa especialista em vendas abre novas vagas"},"content":{"rendered":"<p>A ZAZ, empresa que oferece solu\u00e7\u00f5es para o lojista alavancar suas vendas no com\u00e9rcio, est\u00e1 com <a href=\"https:\/\/99empregos.com.br\/vaga\/jamef-transportes-divulga-vagas-de-emprego-pelo-brasil\/\">novas oportunidades<\/a> de emprego. Com bases espalhadas em diversas cidades do Brasil, a companhia precisa dos profissionais nas seguintes \u00e1reas:<\/p>\n<ul>\n<li><span style=\"font-weight: 400\">As<\/span>stesinte de Vendas INTERNA &#8211; Campinas\/ SP;<\/li>\n<li><span style=\"font-weight: 400\">Promotor de Vendas Externas;\u00a0<\/span><\/li>\n<li><span style=\"font-weight: 400\">Coordenador de Vendas &#8211; Aracaju\/ SE;\u00a0<\/span><\/li>\n<li><span style=\"font-weight: 400\">Coordenador de Vendas &#8211; Ara\u00e7atuba\/SP;\u00a0<\/span><\/li>\n<li><span style=\"font-weight: 400\">Coordenador de Vendas &#8211; Belo Horizonte\/ MG;\u00a0<\/span><\/li>\n<li><span style=\"font-weight: 400\">Coordenador de Vendas &#8211; Brusque\/SC;\u00a0\u00a0<\/span><\/li>\n<li><span style=\"font-weight: 400\">Coordenador de Vendas &#8211; Cachoeirinha\/ RS;\u00a0<\/span><\/li>\n<li><span style=\"font-weight: 400\">Coordenador de Vendas &#8211; Campinas\/SP;\u00a0<\/span><\/li>\n<li><span style=\"font-weight: 400\">Coordenador de Vendas &#8211; Caraguatatuba\/SP;\u00a0<\/span><\/li>\n<li><span style=\"font-weight: 400\">Coordenador de Vendas &#8211; Curitiba\/ PR;\u00a0<\/span><\/li>\n<li><span style=\"font-weight: 400\">Coordenador de Vendas &#8211; Fortaleza\/ CE;\u00a0<\/span><\/li>\n<li><span style=\"font-weight: 400\">Coordenador de Vendas &#8211; Jo\u00e3o Pessoa\/ PB;<\/span><\/li>\n<li><span style=\"font-weight: 400\">Coordenador de Vendas &#8211; Macei\u00f3\/ AL;\u00a0<\/span><\/li>\n<li><span style=\"font-weight: 400\">Coordenador de Vendas &#8211; Natal\/ RN;<\/span><\/li>\n<li><span style=\"font-weight: 400\">Coordenador de Vendas &#8211; Porto Alegre\/ RS;\u00a0<\/span><\/li>\n<li><span style=\"font-weight: 400\">Coordenador de Vendas &#8211; Rio de Janeiro\/ RJ;\u00a0<\/span><\/li>\n<li><span style=\"font-weight: 400\">Coordenador de Vendas &#8211; Salvador\/ BA;\u00a0<\/span><\/li>\n<li><span style=\"font-weight: 400\">Coordenador de Vendas &#8211; Santos\/Guaruj\u00e1 &#8211; SP;\u00a0<\/span><\/li>\n<li><span style=\"font-weight: 400\">Coordenador de Vendas &#8211; S\u00e3o Jos\u00e9 do Rio Preto\/SP;\u00a0<\/span><\/li>\n<li><span style=\"font-weight: 400\">Coordenador de Vendas &#8211; S\u00e3o Lu\u00eds\/ MA;\u00a0<\/span><\/li>\n<li><span style=\"font-weight: 400\">Coordenador de Vendas &#8211; S\u00e3o Mateus;\u00a0\u00a0<\/span><\/li>\n<li><span style=\"font-weight: 400\">Coordenador de Vendas &#8211; Uberl\u00e2ndia-MG;\u00a0<\/span><\/li>\n<li><span style=\"font-weight: 400\">Coordenador de Vendas &#8211; Viam\u00e3o\/ RS Viam\u00e3o\/RS;\u00a0\u00a0<\/span><\/li>\n<li><span style=\"font-weight: 400\">Especialista de Business Intelligence | Campinas\/ SP;\u00a0<\/span><\/li>\n<li><span style=\"font-weight: 400\">Gerente de Vendas | Londrina\/PR;<\/span><\/li>\n<li><span style=\"font-weight: 400\">Gerente de Vendas | Maring\u00e1\/PR;\u00a0<\/span><\/li>\n<li><span style=\"font-weight: 400\">Promotor (a) ZAZ &#8211; Governador Valadares;\u00a0<\/span><\/li>\n<li><span style=\"font-weight: 400\">Promotor de Neg\u00f3cios &#8211; Rio de Janeiro\/RJ;\u00a0<\/span><\/li>\n<li><span style=\"font-weight: 400\">PROMOTOR DE VENDAS EXTERNA MACA\u00c9\/ RJ;\u00a0<\/span><\/li>\n<li><span style=\"font-weight: 400\">Promotor de Vendas Externas &#8211; Americana\/SP;\u00a0<\/span><\/li>\n<li><span style=\"font-weight: 400\">Promotor de Vendas Externas Ara\u00e7atuba-SP;<\/span><\/li>\n<li><span style=\"font-weight: 400\">Promotor de Vendas Externas &#8211; Arapiraca\/AL;<\/span><\/li>\n<li><span style=\"font-weight: 400\">Promotor de Vendas Externas &#8211; Ararangu\u00e1\/SC;<\/span><\/li>\n<li><span style=\"font-weight: 400\">Promotor de Vendas Externas &#8211; Araraquara\/SP;\u00a0<\/span><\/li>\n<li><span style=\"font-weight: 400\">Promotor de Vendas Externas &#8211; Arauc\u00e1ria\/PR;<\/span><\/li>\n<li><span style=\"font-weight: 400\">Promotor de Vendas Externas &#8211; Balne\u00e1rio Cambori\u00fa\/SC;\u00a0<\/span><\/li>\n<li><span style=\"font-weight: 400\">Promotor de Vendas Externas &#8211; Barbacena\/MG;\u00a0<\/span><\/li>\n<li><span style=\"font-weight: 400\">Promotor de Vendas Externas &#8211; Bauru\/SP;\u00a0<\/span><\/li>\n<li><span style=\"font-weight: 400\">Promotor de Vendas Externas &#8211; Blumenau\/SC;\u00a0<\/span><\/li>\n<li><span style=\"font-weight: 400\">Promotor de Vendas Externas &#8211; Cachoeirinha\/RS.<\/span><\/li>\n<\/ul>\n<figure id=\"attachment_8450\" aria-describedby=\"caption-attachment-8450\" style=\"width: 1200px\" class=\"wp-caption aligncenter\"><img decoding=\"async\" class=\"size-full wp-image-8450\" src=\"https:\/\/99empregos.com.br\/wp-content\/uploads\/2022\/12\/zaz-novas-vaga.jpg\" alt=\"ZAZ abre novas vagas de emprego pelo pa\u00eds. Foto: Divulga\u00e7\u00e3o\" width=\"1200\" height=\"750\" srcset=\"https:\/\/99empregos.com.br\/blog\/wp-content\/uploads\/2022\/12\/zaz-novas-vaga.jpg 1200w, https:\/\/99empregos.com.br\/blog\/wp-content\/uploads\/2022\/12\/zaz-novas-vaga-300x188.jpg 300w, https:\/\/99empregos.com.br\/blog\/wp-content\/uploads\/2022\/12\/zaz-novas-vaga-1024x640.jpg 1024w, https:\/\/99empregos.com.br\/blog\/wp-content\/uploads\/2022\/12\/zaz-novas-vaga-768x480.jpg 768w\" sizes=\"(max-width: 1200px) 100vw, 1200px\" \/><figcaption id=\"caption-attachment-8450\" class=\"wp-caption-text\">ZAZ abre novas vagas de emprego pelo pa\u00eds. Foto: Divulga\u00e7\u00e3o<\/figcaption><\/figure>\n<h3>Mais sobre a ZAZ Vendas<\/h3>\n<p>Queremos ser a melhor oportunidade de carreira da sua vida. E vamos fazer de tudo para que isso aconte\u00e7a! A\u00a0Sele\u00e7\u00e3o ZAZ\u00a0\u00e9 formada por pessoas apaixonadas pelo que fazem, simples, conectadas, parceiras e empreendedoras.\u00a0Com tecnologia e inova\u00e7\u00e3o, somos especialistas em vendas\u00a0e oferecemos as melhores solu\u00e7\u00f5es para o lojista se desenvolver cada vez mais.<\/p>\n<p>Assim, crescemos juntos a cada conquista. Nesses 10 anos de hist\u00f3ria, estamos presentes em quase todos os estados do Brasil, atuando desde a prospec\u00e7\u00e3o at\u00e9 a reten\u00e7\u00e3o de clientes. Aqui,\u00a0investimos no cuidado e desenvolvimento dos nossos colaboradores\u00a0para que eles decolem na carreira com mais qualidade de vida.<\/p>\n<h3>Como se candidatar<\/h3>\n<p>Se voc\u00ea encontrou uma boa oportunidade para a sua carreira, <a href=\"https:\/\/99empregos.com.br\/vaga\/zaz-abre-novas-vagas-de-emprego-confira\/\">basta clicar neste link<\/a> para se candidatar. No entanto, antes de efetivar a sua inscri\u00e7\u00e3o, recomendamos que revise todos os detalhes e pr\u00e9-requisitos solicitados pela vaga em quest\u00e3o. Boa sorte!<\/p>\n","protected":false},"excerpt":{"rendered":"<p>A ZAZ, empresa que oferece solu\u00e7\u00f5es para o lojista alavancar suas vendas no com\u00e9rcio, est\u00e1 com novas oportunidades de emprego. Com bases espalhadas em diversas cidades do Brasil, a companhia precisa dos profissionais nas seguintes \u00e1reas: Asstesinte de Vendas INTERNA &#8211; Campinas\/ SP; Promotor de Vendas Externas;\u00a0 Coordenador de Vendas &#8211; Aracaju\/ SE;\u00a0 Coordenador de [&hellip;]<\/p>\n","protected":false},"author":8,"featured_media":8451,"comment_status":"open","ping_status":"closed","sticky":false,"template":"","format":"standard","meta":{"footnotes":""},"categories":[7],"tags":[5,693,742],"class_list":["post-8448","post","type-post","status-publish","format-standard","has-post-thumbnail","hentry","category-noticias","tag-empregos","tag-nova-oportunidade","tag-vagas-2022"],"_links":{"self":[{"href":"https:\/\/99empregos.com.br\/blog\/wp-json\/wp\/v2\/posts\/8448","targetHints":{"allow":["GET"]}}],"collection":[{"href":"https:\/\/99empregos.com.br\/blog\/wp-json\/wp\/v2\/posts"}],"about":[{"href":"https:\/\/99empregos.com.br\/blog\/wp-json\/wp\/v2\/types\/post"}],"author":[{"embeddable":true,"href":"https:\/\/99empregos.com.br\/blog\/wp-json\/wp\/v2\/users\/8"}],"replies":[{"embeddable":true,"href":"https:\/\/99empregos.com.br\/blog\/wp-json\/wp\/v2\/comments?post=8448"}],"version-history":[{"count":0,"href":"https:\/\/99empregos.com.br\/blog\/wp-json\/wp\/v2\/posts\/8448\/revisions"}],"wp:featuredmedia":[{"embeddable":true,"href":"https:\/\/99empregos.com.br\/blog\/wp-json\/wp\/v2\/media\/8451"}],"wp:attachment":[{"href":"https:\/\/99empregos.com.br\/blog\/wp-json\/wp\/v2\/media?parent=8448"}],"wp:term":[{"taxonomy":"category","embeddable":true,"href":"https:\/\/99empregos.com.br\/blog\/wp-json\/wp\/v2\/categories?post=8448"},{"taxonomy":"post_tag","embeddable":true,"href":"https:\/\/99empregos.com.br\/blog\/wp-json\/wp\/v2\/tags?post=8448"}],"curies":[{"name":"wp","href":"https:\/\/api.w.org\/{rel}","templated":true}]}}