{"id":8716,"date":"2022-12-04T07:25:55","date_gmt":"2022-12-04T10:25:55","guid":{"rendered":"https:\/\/123empregos.com.br\/?p=8716"},"modified":"2022-12-04T07:25:55","modified_gmt":"2022-12-04T10:25:55","slug":"empresa-de-comercio-geral-abre-novas-oportunidades-confira","status":"publish","type":"post","link":"https:\/\/99empregos.com.br\/blog\/empresa-de-comercio-geral-abre-novas-oportunidades-confira\/","title":{"rendered":"Empresa de com\u00e9rcio geral abre novas oportunidades, confira"},"content":{"rendered":"<p>A Ferramentas Gerais, empresa com mais de 60 anos de tradi\u00e7\u00e3o no mercado, est\u00e1 com <a href=\"https:\/\/99empregos.com.br\/vaga\/raizen-divulga-novos-empregos-pelo-pais\/\">novas oportunidades<\/a> de emprego abertas pelo pa\u00eds. Em parceria com as principais companhias que fazem parte da ind\u00fastria brasileira, a rede bsuca profissionais nos seguintes cargos:<\/p>\n<ul>\n<li><span style=\"font-weight: 400\">Analista Cont\u00e1bil Porto Alegre\/RS;\u00a0\u00a0<\/span><\/li>\n<li><span style=\"font-weight: 400\">Analista de Recursos Humanos &#8211; Recrutamento e Sele\u00e7\u00e3o Porto Alegre\/RS;\u00a0\u00a0<\/span><\/li>\n<li><span style=\"font-weight: 400\">Auxiliar de Log\u00edstica Itaja\u00ed\/SC;\u00a0<\/span><\/li>\n<li><span style=\"font-weight: 400\">Banco de talentos Auxiliar de Log\u00edstica Porto Alegre\/RS;\u00a0\u00a0<\/span><\/li>\n<li><span style=\"font-weight: 400\">Auxiliar de Log\u00edstica &#8211; Loja Ferramentas Gerais Novo Hamburgo\/RS;\u00a0\u00a0<\/span><\/li>\n<li><span style=\"font-weight: 400\">Auxiliar de Log\u00edstica &#8211; PCD Novo Hamburgo\/RS;\u00a0\u00a0<\/span><\/li>\n<li><span style=\"font-weight: 400\">Auxiliar de Log\u00edstica &#8211; PCD Porto Alegre\/RS;\u00a0\u00a0<\/span><\/li>\n<li><span style=\"font-weight: 400\">Auxiliar de Manuten\u00e7\u00e3o Novo Hamburgo\/RS;\u00a0\u00a0<\/span><\/li>\n<li><span style=\"font-weight: 400\">Banco de Talentos Porto Alegre\/RS;\u00a0<\/span><\/li>\n<li><span style=\"font-weight: 400\">Banco de Talentos Curitiba\/PR;\u00a0<\/span><\/li>\n<li><span style=\"font-weight: 400\">Especialista de Produto Minas Gerais\/MG;\u00a0\u00a0<\/span><\/li>\n<li><span style=\"font-weight: 400\">Fiscal Curitiba\/PR;\u00a0\u00a0<\/span><\/li>\n<li><span style=\"font-weight: 400\">Fiscal de Loja Novo Hamburgo\/RS;\u00a0\u00a0<\/span><\/li>\n<li><span style=\"font-weight: 400\">Jovem Aprendiz Jundia\u00ed\/SP;<\/span><\/li>\n<li><span style=\"font-weight: 400\">Jovem Aprendiz Porto Alegre\/RS;\u00a0<\/span><\/li>\n<li><span style=\"font-weight: 400\">Jovem Aprendiz Feira de Santana\/BA;\u00a0<\/span><\/li>\n<li><span style=\"font-weight: 400\">Promotor (a) de Vendas Externas &#8211; Banco de Talentos &#8211; Minas Gerais;\u00a0<\/span><\/li>\n<li><span style=\"font-weight: 400\">Promotor (a) de Vendas Externas &#8211; Banco de Talentos &#8211; Rio Grande do Sul Porto Alegre\/RS;\u00a0<\/span><\/li>\n<li><span style=\"font-weight: 400\">Promotor (a) de Vendas Externas &#8211; Banco de Talentos &#8211; S\u00e3o Paulo S\u00e3o Jos\u00e9 do Rio Preto\/SP;<\/span><\/li>\n<li><span style=\"font-weight: 400\">Promotor (a) de Vendas Externas &#8211; Regi\u00e3o de Charqueadas &#8211; RS Charqueadas\/RS;\u00a0\u00a0<\/span><\/li>\n<li><span style=\"font-weight: 400\">Promotor (a) de Vendas Externas &#8211; Regi\u00e3o de Itaja\u00ed &#8211; SC;\u00a0<\/span><\/li>\n<li><span style=\"font-weight: 400\">Promotor (a) de Vendas Externas &#8211; Regi\u00e3o de Mirassol &#8211; SP;\u00a0<\/span><\/li>\n<li><span style=\"font-weight: 400\">Promotor (a) de Vendas Externas &#8211; Regi\u00e3o de Santa Rosa e Horizontina &#8211; RS Santa Rosa\/RS;\u00a0\u00a0<\/span><\/li>\n<li><span style=\"font-weight: 400\">Promotor (a) de Vendas Externas &#8211; Regi\u00e3o de S\u00e3o Luiz Gonzaga e Iju\u00ed;<\/span><\/li>\n<li><span style=\"font-weight: 400\">Promotor (a) de Vendas Externas &#8211; Regi\u00e3o metropolitana de Porto Alegre &#8211; RS;\u00a0<\/span><\/li>\n<li><span style=\"font-weight: 400\">Vendedor (a) Interno (a) Curitiba\/PR;\u00a0\u00a0<\/span><\/li>\n<li><span style=\"font-weight: 400\">Vendedor (a) Interno (a) Porto Alegre\/RS;\u00a0<\/span><\/li>\n<li><span style=\"font-weight: 400\">Vendedor (a) Interno (a) &#8211; Loja Novo Hamburgo\/RS;\u00a0\u00a0<\/span><\/li>\n<li><span style=\"font-weight: 400\">Vendedor (a) Interno (a) &#8211; Loja Porto Alegre\/RS;\u00a0\u00a0<\/span><\/li>\n<li><span style=\"font-weight: 400\">Vendedor (a) Interno (a) &#8211; Loja Caxias do Sul\/RS.\u00a0<\/span><\/li>\n<\/ul>\n<figure id=\"attachment_8719\" aria-describedby=\"caption-attachment-8719\" style=\"width: 1200px\" class=\"wp-caption aligncenter\"><img decoding=\"async\" class=\"size-full wp-image-8719\" src=\"https:\/\/99empregos.com.br\/wp-content\/uploads\/2022\/12\/ferramentas-gerais.jpg\" alt=\"Ferramentas Gerais abre novas vagas de emprego, confira. Foto: Divulga\u00e7\u00e3o\" width=\"1200\" height=\"750\" srcset=\"https:\/\/99empregos.com.br\/blog\/wp-content\/uploads\/2022\/12\/ferramentas-gerais.jpg 1200w, https:\/\/99empregos.com.br\/blog\/wp-content\/uploads\/2022\/12\/ferramentas-gerais-300x188.jpg 300w, https:\/\/99empregos.com.br\/blog\/wp-content\/uploads\/2022\/12\/ferramentas-gerais-1024x640.jpg 1024w, https:\/\/99empregos.com.br\/blog\/wp-content\/uploads\/2022\/12\/ferramentas-gerais-768x480.jpg 768w\" sizes=\"(max-width: 1200px) 100vw, 1200px\" \/><figcaption id=\"caption-attachment-8719\" class=\"wp-caption-text\">Ferramentas Gerais abre novas vagas de emprego, confira. Foto: Divulga\u00e7\u00e3o<\/figcaption><\/figure>\n<h3>Mais sobre a Ferramentas Gerais<\/h3>\n<p>Temos mais de 60 anos de tradi\u00e7\u00e3o e experi\u00eancia, oferecendo produtos das principais marcas do mercado e que h\u00e1 muitos anos est\u00e3o presentes no trabalho e no cora\u00e7\u00e3o da ind\u00fastria e dos profissionais em diferentes ramos de atua\u00e7\u00e3o.<\/p>\n<p>Contamos com uma opera\u00e7\u00e3o log\u00edstica de ponta, com m\u00e1xima prontid\u00e3o, rapidez e efici\u00eancia nas entregas em todo Brasil. Tamb\u00e9m oferecemos o melhor atendimento \u00e0 ind\u00fastria, profissionais e p\u00fablico em geral em nossas diferentes frentes Comerciais, com lojas, vendas internas e promotores externos com atua\u00e7\u00e3o em todo territ\u00f3rio nacional.<\/p>\n<p>Por tudo isso, a\u00a0FG\u00a0\u00e9 l\u00edder nacional em nosso segmento e refer\u00eancia pela estrutura moderna e especializada e a maior variedade de ferramentas, equipamentos e suprimentos para o trabalho profissional e industrial.<\/p>\n<h3>Como se candidatar<\/h3>\n<p>Se voc\u00ea encontrou uma oportunidade de emprego na Ferramentas Gerais que se encaixa com seu perfil profissional, <a href=\"https:\/\/99empregos.com.br\/vaga\/ferramentas-gerais-abre-novas-vagas-de-emprego\/\">basta clicar neste link<\/a> para se candidatar. No entanto, antes de efetivar a sua inscri\u00e7\u00e3o, recomendamos que fa\u00e7a uma revis\u00e3o completa de todos os pr\u00e9-requisitos solicitados pela vaga em quest\u00e3o. Boa sorte!<\/p>\n","protected":false},"excerpt":{"rendered":"<p>A Ferramentas Gerais, empresa com mais de 60 anos de tradi\u00e7\u00e3o no mercado, est\u00e1 com novas oportunidades de emprego abertas pelo pa\u00eds. Em parceria com as principais companhias que fazem parte da ind\u00fastria brasileira, a rede bsuca profissionais nos seguintes cargos: Analista Cont\u00e1bil Porto Alegre\/RS;\u00a0\u00a0 Analista de Recursos Humanos &#8211; Recrutamento e Sele\u00e7\u00e3o Porto Alegre\/RS;\u00a0\u00a0 [&hellip;]<\/p>\n","protected":false},"author":8,"featured_media":8718,"comment_status":"open","ping_status":"closed","sticky":false,"template":"","format":"standard","meta":{"footnotes":""},"categories":[7],"tags":[847,778,742],"class_list":["post-8716","post","type-post","status-publish","format-standard","has-post-thumbnail","hentry","category-noticias","tag-chance-unica","tag-novas-oportunidades","tag-vagas-2022"],"_links":{"self":[{"href":"https:\/\/99empregos.com.br\/blog\/wp-json\/wp\/v2\/posts\/8716","targetHints":{"allow":["GET"]}}],"collection":[{"href":"https:\/\/99empregos.com.br\/blog\/wp-json\/wp\/v2\/posts"}],"about":[{"href":"https:\/\/99empregos.com.br\/blog\/wp-json\/wp\/v2\/types\/post"}],"author":[{"embeddable":true,"href":"https:\/\/99empregos.com.br\/blog\/wp-json\/wp\/v2\/users\/8"}],"replies":[{"embeddable":true,"href":"https:\/\/99empregos.com.br\/blog\/wp-json\/wp\/v2\/comments?post=8716"}],"version-history":[{"count":0,"href":"https:\/\/99empregos.com.br\/blog\/wp-json\/wp\/v2\/posts\/8716\/revisions"}],"wp:featuredmedia":[{"embeddable":true,"href":"https:\/\/99empregos.com.br\/blog\/wp-json\/wp\/v2\/media\/8718"}],"wp:attachment":[{"href":"https:\/\/99empregos.com.br\/blog\/wp-json\/wp\/v2\/media?parent=8716"}],"wp:term":[{"taxonomy":"category","embeddable":true,"href":"https:\/\/99empregos.com.br\/blog\/wp-json\/wp\/v2\/categories?post=8716"},{"taxonomy":"post_tag","embeddable":true,"href":"https:\/\/99empregos.com.br\/blog\/wp-json\/wp\/v2\/tags?post=8716"}],"curies":[{"name":"wp","href":"https:\/\/api.w.org\/{rel}","templated":true}]}}