{"id":8736,"date":"2022-12-04T08:11:55","date_gmt":"2022-12-04T11:11:55","guid":{"rendered":"https:\/\/123empregos.com.br\/?p=8736"},"modified":"2022-12-04T08:11:55","modified_gmt":"2022-12-04T11:11:55","slug":"grupo-de-seguranca-patrimonial-abre-novas-vagas-de-emprego","status":"publish","type":"post","link":"https:\/\/99empregos.com.br\/blog\/grupo-de-seguranca-patrimonial-abre-novas-vagas-de-emprego\/","title":{"rendered":"Grupo de seguran\u00e7a patrimonial abre novas vagas de emprego"},"content":{"rendered":"<p>O Grupo Pro Security, localizado em S\u00e3o Paulo\/SP, est\u00e1 com novas oportunidades de <a href=\"https:\/\/99empregos.com.br\/vaga\/schumann-anuncia-vagas-de-emprego-pelo-pais-veja-os-cargos\/\">emprego<\/a> abertas. Com uma grade formada por mais de 500 funcion\u00e1rios, a companhia segue expandindo os seus neg\u00f3cios e agora precisa de profissionais para os seguintes cargos:<\/p>\n<ul>\n<li><span style=\"font-weight: 400\">Porteiro &#8211; Zona Norte &#8211; S\u00e3o Paulo &#8211; SP;\u00a0<\/span><\/li>\n<li><span style=\"font-weight: 400\">Zelador &#8211; Tatuap\u00e9 &#8211; S\u00e3o Paulo &#8211; SP;\u00a0<\/span><\/li>\n<li><span style=\"font-weight: 400\">Zelador &#8211; Itaim &#8211; S\u00e3o Paulo &#8211; SP;\u00a0<\/span><\/li>\n<li><span style=\"font-weight: 400\">Porteiro &#8211; S\u00e3o Paulo &#8211; SP;<\/span><\/li>\n<li><span style=\"font-weight: 400\">Porteiro &#8211; S\u00e3o Paulo &#8211; SP;\u00a0<\/span><\/li>\n<li><span style=\"font-weight: 400\">Porteiro &#8211; Lapa &#8211; S\u00e3o Paulo &#8211; SP;\u00a0<\/span><\/li>\n<li><span style=\"font-weight: 400\">Porteiro &#8211; S\u00e3o Paulo &#8211; SP;\u00a0<\/span><\/li>\n<li><span style=\"font-weight: 400\">Auxiliar De Limpeza &#8211; Jardim Paulista &#8211; Jundia\u00ed &#8211; SP\u00a0<\/span><\/li>\n<li><span style=\"font-weight: 400\">Recepcionista &#8211; Zona Sul &#8211; S\u00e3o Paulo &#8211; SP;\u00a0<\/span><\/li>\n<li><span style=\"font-weight: 400\">Porteiro &#8211; S\u00e3o Paulo &#8211; SP;\u00a0<\/span><\/li>\n<li><span style=\"font-weight: 400\">Vigilante L\u00edder &#8211; Vila Madalena &#8211; S\u00e3o Paulo &#8211; SP;\u00a0<\/span><\/li>\n<li><span style=\"font-weight: 400\">Controlador De Acesso &#8211; Vila Madalena &#8211; S\u00e3o Paulo &#8211; SP;\u00a0<\/span><\/li>\n<li><span style=\"font-weight: 400\">L\u00edder De Limpeza &#8211; S\u00e3o Paulo &#8211; SP;\u00a0<\/span><\/li>\n<li><span style=\"font-weight: 400\">Auxiliar De Limpeza &#8211; S\u00e3o Paulo &#8211; SP;\u00a0<\/span><\/li>\n<li><span style=\"font-weight: 400\">Manobrista &#8211; Panamby &#8211; S\u00e3o Paulo &#8211; SP;\u00a0<\/span><\/li>\n<li><span style=\"font-weight: 400\">Analista De Customer Success &#8211; S\u00e3o Paulo &#8211; SP;\u00a0<\/span><\/li>\n<li><span style=\"font-weight: 400\">Salva-Vidas &#8211; S\u00e3o Paulo &#8211; SP;\u00a0<\/span><\/li>\n<li><span style=\"font-weight: 400\">Auxiliar De Manuten\u00e7\u00e3o &#8211; S\u00e3o Paulo &#8211; SP;\u00a0<\/span><\/li>\n<li><span style=\"font-weight: 400\">Porteiro &#8211; S\u00e3o Paulo &#8211; SP;<\/span><\/li>\n<li><span style=\"font-weight: 400\">Gerente De Opera\u00e7\u00f5es &#8211; S\u00e3o Paulo &#8211; SP.<\/span><\/li>\n<\/ul>\n<figure id=\"attachment_8744\" aria-describedby=\"caption-attachment-8744\" style=\"width: 1200px\" class=\"wp-caption aligncenter\"><img decoding=\"async\" class=\"size-full wp-image-8744\" src=\"https:\/\/99empregos.com.br\/wp-content\/uploads\/2022\/12\/pro-security.jpg\" alt=\"Grupo Pro Security abre novas vagas de emprego em SP, confira. Foto: Divulga\u00e7\u00e3o\" width=\"1200\" height=\"750\" srcset=\"https:\/\/99empregos.com.br\/blog\/wp-content\/uploads\/2022\/12\/pro-security.jpg 1200w, https:\/\/99empregos.com.br\/blog\/wp-content\/uploads\/2022\/12\/pro-security-300x188.jpg 300w, https:\/\/99empregos.com.br\/blog\/wp-content\/uploads\/2022\/12\/pro-security-1024x640.jpg 1024w, https:\/\/99empregos.com.br\/blog\/wp-content\/uploads\/2022\/12\/pro-security-768x480.jpg 768w\" sizes=\"(max-width: 1200px) 100vw, 1200px\" \/><figcaption id=\"caption-attachment-8744\" class=\"wp-caption-text\">Grupo Pro Security abre novas vagas de emprego em SP, confira. Foto: Divulga\u00e7\u00e3o<\/figcaption><\/figure>\n<h3>Mais informa\u00e7\u00f5es sobre o Grupo Pro Security<\/h3>\n<p>Somos uma Empresa que investe em tecnologia e pessoas. Nosso objetivo \u00e9 oferecer inova\u00e7\u00e3o em servi\u00e7os de seguran\u00e7a e facilities, que proporcionem uma experi\u00eancia diferenciada aos nossos clientes, dando autonomia nas suas escolhas e satisfa\u00e7\u00e3o com o resultado final.<\/p>\n<div class=\"advisor-content-block\">\n<div class=\"advisor-description-wrap jsDescWrapper\">\n<div class=\"advisor-description clearfix jsAdvisorDescription\">\n<div id=\"ctl00_phMasterPage_cDescription_divMission\">\n<div class=\"advisor-p\">O Grupo Pro Security assume a miss\u00e3o de fornecer servi\u00e7os e tecnologias em seguran\u00e7a, conserva\u00e7\u00e3o e limpeza com qualidade, respeito, \u00e9tica, transpar\u00eancia e responsabilidade social, a partir de solu\u00e7\u00f5es que proporcionem satisfa\u00e7\u00e3o e tranquilidade ao cliente.<\/div>\n<\/div>\n<\/div>\n<\/div>\n<\/div>\n<p>Temos v\u00e1rios projetos de intelig\u00eancia artificial e automa\u00e7\u00e3o em desenvolvimento e buscamos a lideran\u00e7a no segmento de condom\u00ednios residenciais e comerciais, disponibilizando solu\u00e7\u00f5es inovadoras n\u00e3o s\u00f3 para o contratante, mas tamb\u00e9m para o usu\u00e1rio final.<\/p>\n<p>Valorizamos um ambiente de trabalho acolhedor, colaborativo, desafiador e prop\u00edcio a novos aprendizados. Se voc\u00ea se identifica com nosso objetivo e ambiente de trabalho, venha fazer parte de nosso time.<\/p>\n<h3>Como se candidatar \u00e0s vagas de emprego abertas<\/h3>\n<p>Se voc\u00ea encontrou uma oportunidade de emprego que se encaixa com seu perfil profissional, <a href=\"https:\/\/99empregos.com.br\/vaga\/grupo-pro-security-abre-novas-vagas-de-emprego-confira\/\">basta clicar neste link<\/a> para se candidatar. No entanto, antes de efetivar a sua inscri\u00e7\u00e3o, recomendamos que fa\u00e7a uma revis\u00e3o completa de todos os pr\u00e9-requisitos solicitados pela vaga e empresa em quest\u00e3o. Boa sorte!<\/p>\n","protected":false},"excerpt":{"rendered":"<p>O Grupo Pro Security, localizado em S\u00e3o Paulo\/SP, est\u00e1 com novas oportunidades de emprego abertas. Com uma grade formada por mais de 500 funcion\u00e1rios, a companhia segue expandindo os seus neg\u00f3cios e agora precisa de profissionais para os seguintes cargos: Porteiro &#8211; Zona Norte &#8211; S\u00e3o Paulo &#8211; SP;\u00a0 Zelador &#8211; Tatuap\u00e9 &#8211; S\u00e3o Paulo [&hellip;]<\/p>\n","protected":false},"author":8,"featured_media":8743,"comment_status":"open","ping_status":"closed","sticky":false,"template":"","format":"standard","meta":{"footnotes":""},"categories":[7],"tags":[5,778,742],"class_list":["post-8736","post","type-post","status-publish","format-standard","has-post-thumbnail","hentry","category-noticias","tag-empregos","tag-novas-oportunidades","tag-vagas-2022"],"_links":{"self":[{"href":"https:\/\/99empregos.com.br\/blog\/wp-json\/wp\/v2\/posts\/8736","targetHints":{"allow":["GET"]}}],"collection":[{"href":"https:\/\/99empregos.com.br\/blog\/wp-json\/wp\/v2\/posts"}],"about":[{"href":"https:\/\/99empregos.com.br\/blog\/wp-json\/wp\/v2\/types\/post"}],"author":[{"embeddable":true,"href":"https:\/\/99empregos.com.br\/blog\/wp-json\/wp\/v2\/users\/8"}],"replies":[{"embeddable":true,"href":"https:\/\/99empregos.com.br\/blog\/wp-json\/wp\/v2\/comments?post=8736"}],"version-history":[{"count":0,"href":"https:\/\/99empregos.com.br\/blog\/wp-json\/wp\/v2\/posts\/8736\/revisions"}],"wp:featuredmedia":[{"embeddable":true,"href":"https:\/\/99empregos.com.br\/blog\/wp-json\/wp\/v2\/media\/8743"}],"wp:attachment":[{"href":"https:\/\/99empregos.com.br\/blog\/wp-json\/wp\/v2\/media?parent=8736"}],"wp:term":[{"taxonomy":"category","embeddable":true,"href":"https:\/\/99empregos.com.br\/blog\/wp-json\/wp\/v2\/categories?post=8736"},{"taxonomy":"post_tag","embeddable":true,"href":"https:\/\/99empregos.com.br\/blog\/wp-json\/wp\/v2\/tags?post=8736"}],"curies":[{"name":"wp","href":"https:\/\/api.w.org\/{rel}","templated":true}]}}