{"id":8793,"date":"2022-12-04T12:00:47","date_gmt":"2022-12-04T15:00:47","guid":{"rendered":"https:\/\/123empregos.com.br\/?p=8793"},"modified":"2025-04-23T15:46:58","modified_gmt":"2025-04-23T18:46:58","slug":"realcafe-abre-vagas-para-jovem-aprendiz-no-es","status":"publish","type":"post","link":"https:\/\/99empregos.com.br\/blog\/realcafe-abre-vagas-para-jovem-aprendiz-no-es\/","title":{"rendered":"RealCaf\u00e9 abre vagas para JOVEM APRENDIZ no ES"},"content":{"rendered":"<p>A RealCaf\u00e9, ind\u00fastria cafeeira no estado do Esp\u00edrito Santos, abriu vagas para estudantes que est\u00e3o em busca do primeiro emprego. As oportunidades s\u00e3o para atuar como Jovem Aprendiz. Sendo assim, a carga hor\u00e1ria \u00e9 reduzida, possibilitando conciliar estudos e trabalho. Portanto, confira mais detalhes agora mesmo e veja como come\u00e7ar 2023 trabalhando!<\/p>\n<h2>Quem pode concorrer \u00e0s vagas de Jovem Aprendiz na RealCaf\u00e9?<\/h2>\n<p>Os postos de trabalho s\u00e3o espec\u00edficos para quem tem entre <strong>15 e 17 anos de idade<\/strong>. Al\u00e9m disso, somente quem est\u00e1 estudando pode participar da sele\u00e7\u00e3o. Portanto, \u00e9 necess\u00e1rio ter matr\u00edcula ativa alguma das s\u00e9ries do Ensino M\u00e9dio.<\/p>\n<p>Isso ocorre porque o programa de Aprendiz tem como intuito colaborar com o crescimento profissional de adolescentes e jovens adultos, no entanto, n\u00e3o deve interferir na forma\u00e7\u00e3o b\u00e1sica.<\/p>\n<p>Voc\u00ea tamb\u00e9m precisar\u00e1 de seus documentos pessoais (RG e CPF), fotos 3&#215;4 e a Carteira de Trabalho, documento profissional obrigat\u00f3rio para o seu registro no time de aprendizes da empresa.<\/p>\n<p>Ademais, vale a pena saber que as vagas est\u00e3o dispon\u00edveis no estado do Esp\u00edrito Santo, mais especificamente na cidade de Viana. A empresa n\u00e3o exige experi\u00eancia nem conhecimentos extras, pois os contratados ir\u00e3o atuar auxiliando em rotinas administrativas e acompanhando procedimentos importantes. Ou seja, voc\u00ea ir\u00e1 desenvolver conhecimentos e aprender muito!<\/p>\n<h2>Benef\u00edcios de atuar como Aprendiz no RealCaf\u00e9<\/h2>\n<p>Voc\u00ea poder\u00e1 ter sua primeira experi\u00eancia de emprego em uma empresa s\u00f3lida, que existe h\u00e1 cerca de 80 anos. Dessa forma, futuramente ter\u00e1 mais oportunidades no mercado de trabalho quando for em busca de uma recoloca\u00e7\u00e3o profissional.<\/p>\n<p>A vaga \u00e9 remunerada e conta tamb\u00e9m com vantagens que a empresa oferece, sendo algumas delas:<\/p>\n<ul>\n<li>Vale-transporte;<\/li>\n<li>Refei\u00e7\u00f5es no local de trabalho, que conta com card\u00e1pio balanceado;<\/li>\n<li>Seguro de vida;<\/li>\n<li>Descontos em produtos da marca RealCaf\u00e9.<\/li>\n<\/ul>\n<p>Outro benef\u00edcio \u00e9 o Programa de Qualidade de Vida no Trabalho, uma iniciativa da empresa para garantir o bem-estar de seus colaboradores. Com isso, voc\u00ea ter\u00e1 acesso a locais de descanso no escrit\u00f3rio, gin\u00e1stica laboral e outros recursos.<\/p>\n<h2>Veja agora se candidatar \u00e0s vagas<\/h2>\n<p>Se voc\u00ea gostou da possibilidade de trabalhar como Jovem Aprendiz na <a href=\"https:\/\/grupotristao.com\/\" target=\"_blank\" rel=\"noopener\">RealCaf\u00e9<\/a> e est\u00e1 dentro dos pr\u00e9-requisitos,<a href=\"https:\/\/99empregos.com.br\/vaga\/realcafe-abre-vagas-para-menor-aprendiz-no-es\/\" target=\"_blank\" rel=\"noopener\"> clique aqui para se candidatar \u00e0s vagas<\/a>.<\/p>\n<p>Por\u00e9m, se voc\u00ea j\u00e1 terminou o Ensino M\u00e9dio e, por isso, n\u00e3o pode concorrer, n\u00e3o desanime. A mesma empresa tamb\u00e9m est\u00e1 com oportunidades dispon\u00edveis para estudantes do Ensino Superior de diversas \u00e1reas. Tamb\u00e9m n\u00e3o h\u00e1 exig\u00eancia de experi\u00eancia neste caso! Ent\u00e3o, se for dor seu interesse, <a href=\"https:\/\/99empregos.com.br\/empresa-da-industria-alimenticia-abre-vagas-para-estagio-no-espirito-santo\/\" target=\"_blank\" rel=\"noopener\">clique aqui e veja mais detalhes<\/a>.<\/p>\n","protected":false},"excerpt":{"rendered":"<p>A RealCaf\u00e9, ind\u00fastria cafeeira no estado do Esp\u00edrito Santos, abriu vagas para estudantes que est\u00e3o em busca do primeiro emprego. As oportunidades s\u00e3o para atuar como Jovem Aprendiz. Sendo assim, a carga hor\u00e1ria \u00e9 reduzida, possibilitando conciliar estudos e trabalho. Portanto, confira mais detalhes agora mesmo e veja como come\u00e7ar 2023 trabalhando! Quem pode concorrer [&hellip;]<\/p>\n","protected":false},"author":12,"featured_media":8755,"comment_status":"open","ping_status":"closed","sticky":false,"template":"","format":"standard","meta":{"footnotes":""},"categories":[15],"tags":[165,463,1101],"class_list":["post-8793","post","type-post","status-publish","format-standard","has-post-thumbnail","hentry","category-vagas","tag-jovem-aprendiz","tag-primeiro-emprego","tag-realcafe"],"_links":{"self":[{"href":"https:\/\/99empregos.com.br\/blog\/wp-json\/wp\/v2\/posts\/8793","targetHints":{"allow":["GET"]}}],"collection":[{"href":"https:\/\/99empregos.com.br\/blog\/wp-json\/wp\/v2\/posts"}],"about":[{"href":"https:\/\/99empregos.com.br\/blog\/wp-json\/wp\/v2\/types\/post"}],"author":[{"embeddable":true,"href":"https:\/\/99empregos.com.br\/blog\/wp-json\/wp\/v2\/users\/12"}],"replies":[{"embeddable":true,"href":"https:\/\/99empregos.com.br\/blog\/wp-json\/wp\/v2\/comments?post=8793"}],"version-history":[{"count":0,"href":"https:\/\/99empregos.com.br\/blog\/wp-json\/wp\/v2\/posts\/8793\/revisions"}],"wp:featuredmedia":[{"embeddable":true,"href":"https:\/\/99empregos.com.br\/blog\/wp-json\/wp\/v2\/media\/8755"}],"wp:attachment":[{"href":"https:\/\/99empregos.com.br\/blog\/wp-json\/wp\/v2\/media?parent=8793"}],"wp:term":[{"taxonomy":"category","embeddable":true,"href":"https:\/\/99empregos.com.br\/blog\/wp-json\/wp\/v2\/categories?post=8793"},{"taxonomy":"post_tag","embeddable":true,"href":"https:\/\/99empregos.com.br\/blog\/wp-json\/wp\/v2\/tags?post=8793"}],"curies":[{"name":"wp","href":"https:\/\/api.w.org\/{rel}","templated":true}]}}