{"id":8811,"date":"2022-12-04T14:09:13","date_gmt":"2022-12-04T17:09:13","guid":{"rendered":"https:\/\/123empregos.com.br\/?p=8811"},"modified":"2022-12-04T14:09:13","modified_gmt":"2022-12-04T17:09:13","slug":"governo-lula-voce-sabe-o-que-acontecera-com-o-mercado-de-trabalho-em-2023","status":"publish","type":"post","link":"https:\/\/99empregos.com.br\/blog\/governo-lula-voce-sabe-o-que-acontecera-com-o-mercado-de-trabalho-em-2023\/","title":{"rendered":"Governo Lula: voc\u00ea sabe o que acontecer\u00e1 com o mercado de trabalho em 2023?"},"content":{"rendered":"<p>Ano que vem, 2023, nosso pa\u00eds ter\u00e1 como presidente da Rep\u00fablica, Luiz In\u00e1cio Lula da Silva (PT). Ele ocupar\u00e1 seu lugar na cadeira presidencial por conta de seu 3\u00b0 mandato ao vencer a disputa nas urnas contra Bolsonaro (PL). Nesta posi\u00e7\u00e3o, certamente que veremos algumas altera\u00e7\u00f5es no <strong>mercado de trabalho<\/strong>. Mas, ao que parece, o novo cen\u00e1rio ter\u00e1 mudan\u00e7as positivas direcionadas aos trabalhadores brasileiros.<\/p>\n<p>Um dos maiores desafios para o novo governo ser\u00e1 diminuir mais os n\u00edveis de desemprego, que, felizmente, apresentam queda nesses \u00faltimos meses. Segundo estudos recentes do IBGE (Instituto Brasileiro de Geografia e Estat\u00edstica), o Brasil tem 8,7% de cidad\u00e3os desempregados. Dessa forma, pode-se dizer que a garantia de <a href=\"https:\/\/99empregos.com.br\/3-estrategias-para-responder-quais-sao-suas-expectativas-salariais-em-uma-entrevista\/\" target=\"_blank\" rel=\"noopener\">direitos trabalhistas<\/a>, com as normas claras, oferece seguran\u00e7a para empresas e colaboradores. Isso os torna capazes de impulsionar e mobilizar trabalhos formais, criando alguns novos empregos e agitando o <strong>mercado de trabalho<\/strong>.<\/p>\n<h2>Mercado de trabalho antes e atualmente com o governo Lula<\/h2>\n<p>Na \u00e9poca em que Lu\u00eds In\u00e1cio governou o Brasil, os trabalhadores puderam ver sinais de melhora no sal\u00e1rio-m\u00ednimo, assim como na qualidade de vida. Isso ocorreu, em termos, devido ao processo relacionado ao crescimento em que o pa\u00eds se encontrava.<\/p>\n<p>As propostas da campanha de Lula, se forem concretizadas, certamente trar\u00e3o outros cen\u00e1rios para os trabalhadores em 2023. Haver\u00e1 a buscar pela diminui\u00e7\u00e3o de empregos informais, ent\u00e3o, proporcionalmente, ocorrer\u00e1 um aumento nos <a href=\"https:\/\/99empregos.com.br\/como-lidar-com-aquele-colega-que-te-causa-problemas-no-trabalho\/\" target=\"_blank\" rel=\"noopener\">trabalhos formai<\/a>s, adquirindo todos os direitos de um trabalhador envolvido.<\/p>\n<h2>Prov\u00e1vel retorno do Minist\u00e9rio do Trabalho<\/h2>\n<p>Quando Jair Bolsonaro foi eleito, o Minist\u00e9rio do Trabalho se extinguiu em 2019, se tornando uma das secretarias especiais do Minist\u00e9rio da Economia. J\u00e1 no ano de 2021, sua recria\u00e7\u00e3o aconteceu oficialmente, com o nome de Minist\u00e9rio do Trabalho e Previd\u00eancia.<\/p>\n<p>Com Lula saindo vitorioso das elei\u00e7\u00f5es, a tend\u00eancia ser\u00e1 do retorno da pasta exclusivamente para a \u00e1rea trabalhista. Assim, permitir\u00e1 fixar as diretrizes com uma maior praticidade, al\u00e9m de fiscalizar e cobrar o cumprimento de normas, tendo como finalidade, a manuten\u00e7\u00e3o do equil\u00edbrio em <a href=\"https:\/\/99empregos.com.br\/seu-guia-para-o-burnout-no-trabalho-sinais-causas-e-passos-a-tomar\/\" target=\"_blank\" rel=\"noopener\">rela\u00e7\u00f5es trabalhistas<\/a>, assim como o crit\u00e9rio com as taxas do emprego formal.<\/p>\n<h3>Regulamenta\u00e7\u00e3o das profiss\u00f5es<\/h3>\n<p>Uma das maiores tend\u00eancias depois da reforma trabalhista certamente foi a amplia\u00e7\u00e3o da quantidade de profissionais que se cadastraram como Pessoa Jur\u00eddica (PJ). S\u00e3o elas que fornecem o trabalho para as empresas, como os MEI\u2019s (microempreendedores individuais) ou mesmo de outras formas. Segundo pesquisas do IBGE, o n\u00famero de empregados no Brasil sem CTPS assinada pelo setor privado chegou a 12,5 milh\u00f5es de cidad\u00e3os no final do primeiro trimestre de 2022.<\/p>\n<p>O governo Lula deve direcionar seu olhar para trabalhadores de todas as categorias de maneira a garantir que todos os direitos sejam assegurados. Mas, claramente, esse assunto ter\u00e1 pauta em discuss\u00f5es acerca das novas altera\u00e7\u00f5es de direitos trabalhistas. Afinal, a \u201cpejotiza\u00e7\u00e3o\u201d v\u00e1rias vezes diminuiu as garantias m\u00ednimas dos trabalhadores.<\/p>\n<p>Al\u00e9m da aten\u00e7\u00e3o na pauta, Lu\u00eds In\u00e1cio sinalizou que certamente pretende regulamentar as profiss\u00f5es dos colaboradores que laboram em app\u2019s como Ifood e Uber. Dessa forma, eles ter\u00e3o as redes da seguridade social.<\/p>\n<p>A regulamenta\u00e7\u00e3o de profiss\u00f5es como as dos motoristas de delivery e aplicativo, com certeza garantir\u00e3o seus direitos fundamentais. O <strong>mercado de trabalho<\/strong> ser\u00e1, provavelmente, mais competitivo, entretanto, todos poder\u00e3o contar com f\u00e9rias, folgas e 13\u00b0 sal\u00e1rio.<\/p>\n<div id=\"icpbravoaccess_loaded\"><\/div>\n","protected":false},"excerpt":{"rendered":"<p>Ano que vem, 2023, nosso pa\u00eds ter\u00e1 como presidente da Rep\u00fablica, Luiz In\u00e1cio Lula da Silva (PT). Ele ocupar\u00e1 seu lugar na cadeira presidencial por conta de seu 3\u00b0 mandato ao vencer a disputa nas urnas contra Bolsonaro (PL). Nesta posi\u00e7\u00e3o, certamente que veremos algumas altera\u00e7\u00f5es no mercado de trabalho. Mas, ao que parece, o [&hellip;]<\/p>\n","protected":false},"author":2,"featured_media":8812,"comment_status":"open","ping_status":"closed","sticky":false,"template":"","format":"standard","meta":{"footnotes":""},"categories":[7],"tags":[131],"class_list":["post-8811","post","type-post","status-publish","format-standard","has-post-thumbnail","hentry","category-noticias","tag-mercado-de-trabalho"],"_links":{"self":[{"href":"https:\/\/99empregos.com.br\/blog\/wp-json\/wp\/v2\/posts\/8811","targetHints":{"allow":["GET"]}}],"collection":[{"href":"https:\/\/99empregos.com.br\/blog\/wp-json\/wp\/v2\/posts"}],"about":[{"href":"https:\/\/99empregos.com.br\/blog\/wp-json\/wp\/v2\/types\/post"}],"author":[{"embeddable":true,"href":"https:\/\/99empregos.com.br\/blog\/wp-json\/wp\/v2\/users\/2"}],"replies":[{"embeddable":true,"href":"https:\/\/99empregos.com.br\/blog\/wp-json\/wp\/v2\/comments?post=8811"}],"version-history":[{"count":0,"href":"https:\/\/99empregos.com.br\/blog\/wp-json\/wp\/v2\/posts\/8811\/revisions"}],"wp:featuredmedia":[{"embeddable":true,"href":"https:\/\/99empregos.com.br\/blog\/wp-json\/wp\/v2\/media\/8812"}],"wp:attachment":[{"href":"https:\/\/99empregos.com.br\/blog\/wp-json\/wp\/v2\/media?parent=8811"}],"wp:term":[{"taxonomy":"category","embeddable":true,"href":"https:\/\/99empregos.com.br\/blog\/wp-json\/wp\/v2\/categories?post=8811"},{"taxonomy":"post_tag","embeddable":true,"href":"https:\/\/99empregos.com.br\/blog\/wp-json\/wp\/v2\/tags?post=8811"}],"curies":[{"name":"wp","href":"https:\/\/api.w.org\/{rel}","templated":true}]}}