{"id":8863,"date":"2022-12-05T04:35:19","date_gmt":"2022-12-05T07:35:19","guid":{"rendered":"https:\/\/123empregos.com.br\/?p=8863"},"modified":"2022-12-05T04:35:19","modified_gmt":"2022-12-05T07:35:19","slug":"empresa-de-rh-abre-novas-vagas-confira","status":"publish","type":"post","link":"https:\/\/99empregos.com.br\/blog\/empresa-de-rh-abre-novas-vagas-confira\/","title":{"rendered":"Empresa de RH abre novas vagas, confira"},"content":{"rendered":"<p>A EDC Smart, empresa com mais de 12 anos no mercado, est\u00e1 com <a href=\"https:\/\/99empregos.com.br\/vaga\/baia-sul-abre-novas-vagas-de-emprego-em-florianopolis-confira\/\">novas oportunidades<\/a> de emprego. Com uma gama completa de servi\u00e7os de recursos humanos, a companhia busca profissionais de diversas vagas. Confira, antes de mais nada, quais s\u00e3o as chances de emprego abertas por l\u00e1:<\/p>\n<ul>\n<li><span style=\"font-weight: 400\">Analista Cont\u00e1bil S\u00e3o Paulo\/SP;\u00a0\u00a0<\/span><\/li>\n<li><span style=\"font-weight: 400\">Analista da Qualidade de Fornecedor STA Ca\u00e7apava\/SP;\u00a0\u00a0<\/span><\/li>\n<li><span style=\"font-weight: 400\">Analista de Com\u00e9rcio Exterior Indaiatuba\/SP;\u00a0\u00a0<\/span><\/li>\n<li><span style=\"font-weight: 400\">Analista de Comunica\u00e7\u00e3o S\u00eanior &#8211; PJ S\u00e3o Paulo\/SP Pessoa jur\u00eddica;\u00a0<\/span><\/li>\n<li><span style=\"font-weight: 400\">Analista de Garantia Indaiatuba\/SP;\u00a0\u00a0<\/span><\/li>\n<li><span style=\"font-weight: 400\">Analista de Garantia &#8211; ES Cariacica\/ES;\u00a0\u00a0<\/span><\/li>\n<li><span style=\"font-weight: 400\">Analista de Gera\u00e7\u00e3o Distribu\u00edda S\u00e3o Paulo\/SP;\u00a0\u00a0<\/span><\/li>\n<li><span style=\"font-weight: 400\">Analista de Log\u00edstica S\u00eanior (Processos Log\u00edsticos Externos) Joinville\/SC;\u00a0\u00a0<\/span><\/li>\n<li><span style=\"font-weight: 400\">Analista de Log\u00edstica S\u00eanior (Processos Log\u00edsticos Externos);\u00a0\u00a0<\/span><\/li>\n<li><span style=\"font-weight: 400\">Analista de Log\u00edstica S\u00eanior (Processos Log\u00edsticos Internos) Joinville\/SC;\u00a0\u00a0<\/span><\/li>\n<li><span style=\"font-weight: 400\">Analista de Log\u00edstica S\u00eanior (Processos Log\u00edsticos Internos);\u00a0\u00a0<\/span><\/li>\n<li><span style=\"font-weight: 400\">Analista de Qualidade S\u00e3o Paulo\/SP;\u00a0\u00a0<\/span><\/li>\n<li><span style=\"font-weight: 400\">Analista de Qualidade Indaiatuba\/SP;\u00a0\u00a0<\/span><\/li>\n<li><span style=\"font-weight: 400\">Analista de Qualidade Osasco\/SP;\u00a0\u00a0<\/span><\/li>\n<li><span style=\"font-weight: 400\">Analista de Recrutamento e Sele\u00e7\u00e3o Indaiatuba\/SP;\u00a0\u00a0<\/span><\/li>\n<li><span style=\"font-weight: 400\">Analista de Suporte (TI) Indaiatuba\/SP;\u00a0\u00a0<\/span><\/li>\n<li><span style=\"font-weight: 400\">Analista Fiscal Indaiatuba\/SP;\u00a0\u00a0<\/span><\/li>\n<li><span style=\"font-weight: 400\">Arquiteta Pleno\/S\u00eanior S\u00e3o Paulo\/SP Pessoa jur\u00eddica;\u00a0<\/span><\/li>\n<li><span style=\"font-weight: 400\">Assistente Administrativo (\u00e1rea fiscal\/ financeira) S\u00e3o Paulo\/SP;\u00a0\u00a0<\/span><\/li>\n<li><span style=\"font-weight: 400\">Assistente Administrativo (Compras) S\u00e3o Paulo\/SP;\u00a0\u00a0<\/span><\/li>\n<li><span style=\"font-weight: 400\">Assistente Administrativo Fiscal S\u00e3o Paulo\/SP;\u00a0<\/span><\/li>\n<li><span style=\"font-weight: 400\">Assistente de Compras S\u00e3o Paulo\/SP;\u00a0\u00a0<\/span><\/li>\n<li><span style=\"font-weight: 400\">Assistente T\u00e9cnico Timb\u00f3\/SC;\u00a0\u00a0<\/span><\/li>\n<li><span style=\"font-weight: 400\">Auxiliar de Log\u00edstica S\u00e3o Paulo\/SP;\u00a0\u00a0<\/span><\/li>\n<li><span style=\"font-weight: 400\">Auxiliar de Log\u00edstica Osasco\/SP;\u00a0\u00a0<\/span><\/li>\n<li><span style=\"font-weight: 400\">Auxiliar de Produ\u00e7\u00e3o Timb\u00f3\/SC;<\/span><\/li>\n<li><span style=\"font-weight: 400\">Colhedor de Laranja Franca\/SP;\u00a0<\/span><\/li>\n<li><span style=\"font-weight: 400\">Conferente Osasco\/SP;\u00a0<\/span><\/li>\n<li><span style=\"font-weight: 400\">Coordenador Comercial Externo Sete Lagoas\/MG;<\/span><\/li>\n<li><span style=\"font-weight: 400\">Coordenador de Infraestrutura (Pleno) Indaiatuba\/SP;\u00a0<\/span><\/li>\n<li><span style=\"font-weight: 400\">Desenvolvedor de Software Timb\u00f3\/SC;\u00a0<\/span><\/li>\n<li><span style=\"font-weight: 400\">Desenvolvedor Front-end S\u00e3o Paulo\/SP;\u00a0<\/span><\/li>\n<li><span style=\"font-weight: 400\">Engenheiro de Processos (Foco em Embalagens) Ca\u00e7apava\/SP;\u00a0<\/span><\/li>\n<li><span style=\"font-weight: 400\">Engenheiro Qualidade de Projetos Ca\u00e7apava\/SP;\u00a0<\/span><\/li>\n<li><span style=\"font-weight: 400\">Est\u00e1gio \u2013 \u00c1rea Administrativa\/RH Indaiatuba\/SP.<\/span><\/li>\n<\/ul>\n<figure id=\"attachment_8865\" aria-describedby=\"caption-attachment-8865\" style=\"width: 1200px\" class=\"wp-caption aligncenter\"><img decoding=\"async\" class=\"size-full wp-image-8865\" src=\"https:\/\/99empregos.com.br\/wp-content\/uploads\/2022\/12\/edc-smart-vagas.jpg\" alt=\"EDC Smart abre novas vagas de emprego, confira. Foto: Divulga\u00e7\u00e3o\" width=\"1200\" height=\"750\" srcset=\"https:\/\/99empregos.com.br\/blog\/wp-content\/uploads\/2022\/12\/edc-smart-vagas.jpg 1200w, https:\/\/99empregos.com.br\/blog\/wp-content\/uploads\/2022\/12\/edc-smart-vagas-300x188.jpg 300w, https:\/\/99empregos.com.br\/blog\/wp-content\/uploads\/2022\/12\/edc-smart-vagas-1024x640.jpg 1024w, https:\/\/99empregos.com.br\/blog\/wp-content\/uploads\/2022\/12\/edc-smart-vagas-768x480.jpg 768w\" sizes=\"(max-width: 1200px) 100vw, 1200px\" \/><figcaption id=\"caption-attachment-8865\" class=\"wp-caption-text\">EDC Smart abre novas vagas de emprego, confira. Foto: Divulga\u00e7\u00e3o<\/figcaption><\/figure>\n<h3>Mais sobre a EDC Smart<\/h3>\n<p>H\u00e1 mais de 12 anos no mercado, a EDC Smart faz parte da EDC Group, uma holding do mercado de recursos humanos presente no Brasil, EUA e Argentina. Oferecemos uma gama completa de servi\u00e7os como processos de hunting C-level, servi\u00e7os de treinamento e desenvolvimento de lideran\u00e7as, outsourcing especializado e servi\u00e7os tempor\u00e1rios\/terceiros.<\/p>\n<p>N\u00f3s desenvolvemos nossa pr\u00f3pria metodologia, buscando ajudar nossos parceiros com velocidade, foco em pessoas, capta\u00e7\u00e3o de talentos qualificados, flexibilidade de adapta\u00e7\u00e3o e treinamentos de alto n\u00edvel. Nossa miss\u00e3o \u00e9 fornecer o profissional adequado \u00e0 necessidade do cliente, proporcionando a cada colaborador a oportunidade de crescimento e desenvolvimento, objetivando a qualidade dos servi\u00e7os, preservando e protegendo o meio ambiente.<\/p>\n<h3>Como se candidatar \u00e0s vagas de emprego abertas<\/h3>\n<p>Se voc\u00ea encontrou uma oportunidade de emprego na EDC Smart que se encaixa no seu perfil profissional, <a href=\"https:\/\/99empregos.com.br\/vaga\/edc-smart-abre-novas-vagas-de-emprego-confira\/\">basta clicar neste link<\/a> para se candidatar. No entanto, antes de efetivar a sua inscri\u00e7\u00e3o, recomendamos que fa\u00e7a uma revis\u00e3o completa de todos os pr\u00e9-requisitos da vaga e empresa. Boa sorte!<\/p>\n","protected":false},"excerpt":{"rendered":"<p>A EDC Smart, empresa com mais de 12 anos no mercado, est\u00e1 com novas oportunidades de emprego. Com uma gama completa de servi\u00e7os de recursos humanos, a companhia busca profissionais de diversas vagas. Confira, antes de mais nada, quais s\u00e3o as chances de emprego abertas por l\u00e1: Analista Cont\u00e1bil S\u00e3o Paulo\/SP;\u00a0\u00a0 Analista da Qualidade de [&hellip;]<\/p>\n","protected":false},"author":8,"featured_media":8866,"comment_status":"open","ping_status":"closed","sticky":false,"template":"","format":"standard","meta":{"footnotes":""},"categories":[7],"tags":[603,1120,5,37],"class_list":["post-8863","post","type-post","status-publish","format-standard","has-post-thumbnail","hentry","category-noticias","tag-603","tag-edc-smart","tag-empregos","tag-vagas"],"_links":{"self":[{"href":"https:\/\/99empregos.com.br\/blog\/wp-json\/wp\/v2\/posts\/8863","targetHints":{"allow":["GET"]}}],"collection":[{"href":"https:\/\/99empregos.com.br\/blog\/wp-json\/wp\/v2\/posts"}],"about":[{"href":"https:\/\/99empregos.com.br\/blog\/wp-json\/wp\/v2\/types\/post"}],"author":[{"embeddable":true,"href":"https:\/\/99empregos.com.br\/blog\/wp-json\/wp\/v2\/users\/8"}],"replies":[{"embeddable":true,"href":"https:\/\/99empregos.com.br\/blog\/wp-json\/wp\/v2\/comments?post=8863"}],"version-history":[{"count":0,"href":"https:\/\/99empregos.com.br\/blog\/wp-json\/wp\/v2\/posts\/8863\/revisions"}],"wp:featuredmedia":[{"embeddable":true,"href":"https:\/\/99empregos.com.br\/blog\/wp-json\/wp\/v2\/media\/8866"}],"wp:attachment":[{"href":"https:\/\/99empregos.com.br\/blog\/wp-json\/wp\/v2\/media?parent=8863"}],"wp:term":[{"taxonomy":"category","embeddable":true,"href":"https:\/\/99empregos.com.br\/blog\/wp-json\/wp\/v2\/categories?post=8863"},{"taxonomy":"post_tag","embeddable":true,"href":"https:\/\/99empregos.com.br\/blog\/wp-json\/wp\/v2\/tags?post=8863"}],"curies":[{"name":"wp","href":"https:\/\/api.w.org\/{rel}","templated":true}]}}