{"id":8869,"date":"2022-12-05T04:47:15","date_gmt":"2022-12-05T07:47:15","guid":{"rendered":"https:\/\/123empregos.com.br\/?p=8869"},"modified":"2022-12-05T04:47:15","modified_gmt":"2022-12-05T07:47:15","slug":"cotriba-empresa-do-agronegocio-e-varejo-abre-novas-vagas-de-emprego-confira","status":"publish","type":"post","link":"https:\/\/99empregos.com.br\/blog\/cotriba-empresa-do-agronegocio-e-varejo-abre-novas-vagas-de-emprego-confira\/","title":{"rendered":"Cotrib\u00e1: Empresa do agroneg\u00f3cio e varejo abre novas vagas de emprego, confira"},"content":{"rendered":"<p>A Cotrib\u00e1, empresa refer\u00eancia no agroneg\u00f3cio e varejo, est\u00e1 com novas <a href=\"https:\/\/99empregos.com.br\/empresa-de-solucoes-logisticas-esta-com-novas-oportunidades-de-emprego-confira\/\">oportunidades de emprego<\/a> abertas. Com foco em resultados e mais de 1000 colaboradores, a companhia segue expandindo os seus neg\u00f3cios e, agora, busca os seguintes profissionais para integrarem sua equipe:<\/p>\n<ul>\n<li><span style=\"font-weight: 400\">Analista de Seguran\u00e7a da Informa\u00e7\u00e3o Ibirub\u00e1;\u00a0\u00a0<\/span><\/li>\n<li><span style=\"font-weight: 400\">Analista de Sistemas Ibirub\u00e1\/RS;\u00a0\u00a0<\/span><\/li>\n<li><span style=\"font-weight: 400\">Assistente Administrativo &#8211; Contabilidade Ibirub\u00e1\/RS;\u00a0\u00a0<\/span><\/li>\n<li><span style=\"font-weight: 400\">Assistente Auditoria Interna Ibirub\u00e1\/RS;\u00a0\u00a0<\/span><\/li>\n<li><span style=\"font-weight: 400\">Auxiliar de Dep\u00f3sito &#8211; Unidade Candel\u00e1ria\/RS;\u00a0\u00a0<\/span><\/li>\n<li><span style=\"font-weight: 400\">Auxiliar de Escrit\u00f3rio Balan\u00e7a &#8211; Unidade Augusto Pestana Augusto Pestana\/RS;\u00a0<\/span><\/li>\n<li><span style=\"font-weight: 400\">Auxiliar de Estoque &#8211; Se\u00e7\u00e3o de Pe\u00e7as Ibirub\u00e1\/RS;\u00a0\u00a0<\/span><\/li>\n<li><span style=\"font-weight: 400\">Auxiliar de Padeiro &#8211; Supermercado Ibirub\u00e1;\u00a0\u00a0<\/span><\/li>\n<li><span style=\"font-weight: 400\">Auxiliar Dep\u00f3sito &#8211; Defensivos Ibirub\u00e1\/RS;\u00a0\u00a0<\/span><\/li>\n<li><span style=\"font-weight: 400\">Auxiliar Escrit\u00f3rio Unidade &#8211; Rio Pardo\/RS;\u00a0\u00a0<\/span><\/li>\n<li><span style=\"font-weight: 400\">Banco de Talentos Engenheiro Agr\u00f4nomo\/T\u00e9cnico Agr\u00edcola &#8211; Regi\u00e3o Cachoeira do Sul;\u00a0<\/span><\/li>\n<li><span style=\"font-weight: 400\">Engenheiro Agr\u00f4nomo\/T\u00e9cnico Agr\u00edcola &#8211; Regi\u00e3o Cachoeira do Sul\/RS;\u00a0<\/span><\/li>\n<li><span style=\"font-weight: 400\">Engenheiro Agr\u00f4nomo \/T\u00e9cnico Agr\u00edcola &#8211; Regi\u00e3o Candel\u00e1ria\/RS;\u00a0\u00a0<\/span><\/li>\n<li><span style=\"font-weight: 400\">Engenheiro Agr\u00f4nomo\/T\u00e9cnico Agr\u00edcola &#8211; Regi\u00e3o Santana do Livramento Santana do Livramento;\u00a0\u00a0<\/span><\/li>\n<li><span style=\"font-weight: 400\">Engenheiro Agr\u00f4nomo\/T\u00e9cnico Agr\u00edcola &#8211; Unidade Cruz Alta\/RS;\u00a0\u00a0<\/span><\/li>\n<li><span style=\"font-weight: 400\">Engenheiro Agr\u00f4nomo\/T\u00e9cnico Agr\u00edcola &#8211; Unidade Santa Cruz do Sul\/RS;\u00a0\u00a0<\/span><\/li>\n<li><span style=\"font-weight: 400\">Estoquista &#8211; Loja Ibirub\u00e1\/RS;\u00a0\u00a0<\/span><\/li>\n<li><span style=\"font-weight: 400\">Motorista Caminh\u00e3o &#8211; Regional Centro Leste Pantano Grande\/RS;\u00a0\u00a0<\/span><\/li>\n<li><span style=\"font-weight: 400\">Operador de Caixa &#8211; Supermercado Fortaleza dos Valos\/RS;\u00a0\u00a0<\/span><\/li>\n<li><span style=\"font-weight: 400\">Programa Trainee Cotrib\u00e1 &#8211; Gest\u00e3o Trainee T\u00e9cnico em Enfermagem do Trabalho Ibirub\u00e1\/RS;\u00a0\u00a0<\/span><\/li>\n<li><span style=\"font-weight: 400\">T\u00e9cnico em Seguran\u00e7a do Trabalho &#8211; Regi\u00e3o Centro Leste Rio Pardo\u00a0 Vendedor de Balc\u00e3o &#8211; Unidade Rio Pardo Rio Pardo\/RS;\u00a0\u00a0<\/span><\/li>\n<li><span style=\"font-weight: 400\">Vendedor Externo &#8211; Pe\u00e7as e Implementos (Regi\u00e3o Sede) Ibirub\u00e1\/RS;\u00a0\u00a0<\/span><\/li>\n<li><span style=\"font-weight: 400\">Vendedor Externo &#8211; Produ\u00e7\u00e3o Animal (Regi\u00e3o Noroeste) Ibirub\u00e1\/RS;\u00a0\u00a0<\/span><\/li>\n<li><span style=\"font-weight: 400\">Vendedor Externo &#8211; Produ\u00e7\u00e3o Animal (Regi\u00e3o Norte) Ibirub\u00e1\/RS;\u00a0<\/span><\/li>\n<li><span style=\"font-weight: 400\">Vendedor Externo &#8211; Regi\u00e3o S\u00e3o Louren\u00e7o do Sul;\u00a0<\/span><\/li>\n<li><span style=\"font-weight: 400\">Vendedor Externo &#8211; Unidade S\u00e3o Francisco de Assis S\u00e3o Francisco de Assis;<\/span><\/li>\n<li><span style=\"font-weight: 400\">Vendedor Externo &#8211; Unidade S\u00e3o Gabriel\/RS.<\/span><\/li>\n<\/ul>\n<figure id=\"attachment_8872\" aria-describedby=\"caption-attachment-8872\" style=\"width: 1200px\" class=\"wp-caption aligncenter\"><img decoding=\"async\" class=\"size-full wp-image-8872\" src=\"https:\/\/99empregos.com.br\/wp-content\/uploads\/2022\/12\/cotriba-2022-vagas.jpg\" alt=\"Cotrib\u00e1 abre novas vagas de emprego, confira. Foto: Divulga\u00e7\u00e3o\" width=\"1200\" height=\"750\" srcset=\"https:\/\/99empregos.com.br\/blog\/wp-content\/uploads\/2022\/12\/cotriba-2022-vagas.jpg 1200w, https:\/\/99empregos.com.br\/blog\/wp-content\/uploads\/2022\/12\/cotriba-2022-vagas-300x188.jpg 300w, https:\/\/99empregos.com.br\/blog\/wp-content\/uploads\/2022\/12\/cotriba-2022-vagas-1024x640.jpg 1024w, https:\/\/99empregos.com.br\/blog\/wp-content\/uploads\/2022\/12\/cotriba-2022-vagas-768x480.jpg 768w\" sizes=\"(max-width: 1200px) 100vw, 1200px\" \/><figcaption id=\"caption-attachment-8872\" class=\"wp-caption-text\">Cotrib\u00e1 abre novas vagas de emprego, confira. Foto: Divulga\u00e7\u00e3o<\/figcaption><\/figure>\n<h3>Mais informa\u00e7\u00f5es sobre a Cotrib\u00e1<\/h3>\n<p>Acreditamos que juntos podemos fazer a diferen\u00e7a nas comunidades em que estamos inseridos. Trabalhamos com foco em resultados, mas para n\u00f3s, o patrim\u00f4nio mais importante \u00e9 as pessoas. Somos mais de 1000 colaboradores e trabalhamos todos os dias para sermos refer\u00eancia no agroneg\u00f3cio e no varejo, especialmente pelos impactos sociais das nossas a\u00e7\u00f5es, sempre planejadas \u00e0 luz da nossa ess\u00eancia cooperativa, com inova\u00e7\u00e3o e responsabilidade ambiental.<\/p>\n<h3>Como se candidatar \u00e0s vagas de emprego<\/h3>\n<p>Se voc\u00ea se interessou por alguma oportunidade de emprego encontrada na Cotrib\u00e1, <a href=\"https:\/\/99empregos.com.br\/vaga\/cotriba-abre-novas-vagas-de-emprego-confira\/\">basta clicar neste link<\/a> para se candidatar. No entanto, antes de efetivar a sua candidatura, recomendamos que voc\u00ea fa\u00e7a uma revis\u00e3o completa e detalhada de todos os pr\u00e9-requisitos solicitados pela empresa e vaga em quest\u00e3o. Boas sorte!<\/p>\n","protected":false},"excerpt":{"rendered":"<p>A Cotrib\u00e1, empresa refer\u00eancia no agroneg\u00f3cio e varejo, est\u00e1 com novas oportunidades de emprego abertas. Com foco em resultados e mais de 1000 colaboradores, a companhia segue expandindo os seus neg\u00f3cios e, agora, busca os seguintes profissionais para integrarem sua equipe: Analista de Seguran\u00e7a da Informa\u00e7\u00e3o Ibirub\u00e1;\u00a0\u00a0 Analista de Sistemas Ibirub\u00e1\/RS;\u00a0\u00a0 Assistente Administrativo &#8211; Contabilidade [&hellip;]<\/p>\n","protected":false},"author":8,"featured_media":8873,"comment_status":"open","ping_status":"closed","sticky":false,"template":"","format":"standard","meta":{"footnotes":""},"categories":[7],"tags":[603,5,1121,37],"class_list":["post-8869","post","type-post","status-publish","format-standard","has-post-thumbnail","hentry","category-noticias","tag-603","tag-empregos","tag-oportunidades-unicas","tag-vagas"],"_links":{"self":[{"href":"https:\/\/99empregos.com.br\/blog\/wp-json\/wp\/v2\/posts\/8869","targetHints":{"allow":["GET"]}}],"collection":[{"href":"https:\/\/99empregos.com.br\/blog\/wp-json\/wp\/v2\/posts"}],"about":[{"href":"https:\/\/99empregos.com.br\/blog\/wp-json\/wp\/v2\/types\/post"}],"author":[{"embeddable":true,"href":"https:\/\/99empregos.com.br\/blog\/wp-json\/wp\/v2\/users\/8"}],"replies":[{"embeddable":true,"href":"https:\/\/99empregos.com.br\/blog\/wp-json\/wp\/v2\/comments?post=8869"}],"version-history":[{"count":0,"href":"https:\/\/99empregos.com.br\/blog\/wp-json\/wp\/v2\/posts\/8869\/revisions"}],"wp:featuredmedia":[{"embeddable":true,"href":"https:\/\/99empregos.com.br\/blog\/wp-json\/wp\/v2\/media\/8873"}],"wp:attachment":[{"href":"https:\/\/99empregos.com.br\/blog\/wp-json\/wp\/v2\/media?parent=8869"}],"wp:term":[{"taxonomy":"category","embeddable":true,"href":"https:\/\/99empregos.com.br\/blog\/wp-json\/wp\/v2\/categories?post=8869"},{"taxonomy":"post_tag","embeddable":true,"href":"https:\/\/99empregos.com.br\/blog\/wp-json\/wp\/v2\/tags?post=8869"}],"curies":[{"name":"wp","href":"https:\/\/api.w.org\/{rel}","templated":true}]}}