{"id":8882,"date":"2022-12-05T05:25:44","date_gmt":"2022-12-05T08:25:44","guid":{"rendered":"https:\/\/123empregos.com.br\/?p=8882"},"modified":"2022-12-05T05:25:44","modified_gmt":"2022-12-05T08:25:44","slug":"industria-farmaceutica-abre-novas-vagas-de-emprego-confira","status":"publish","type":"post","link":"https:\/\/99empregos.com.br\/blog\/industria-farmaceutica-abre-novas-vagas-de-emprego-confira\/","title":{"rendered":"Ind\u00fastria farmac\u00eautica abre novas vagas de emprego, confira"},"content":{"rendered":"<p>A Germed Pharma, empresa multinacional e 100% brasileira, est\u00e1 com novas <a href=\"https:\/\/99empregos.com.br\/cotriba-empresa-do-agronegocio-e-varejo-abre-novas-vagas-de-emprego-confira\/\">vagas de emprego<\/a> espalhadas pelo pa\u00eds. Com 20 anos de atua\u00e7\u00e3o no mercado nacional, a companhia segue expandindo os seus neg\u00f3cios e agora busca profissionais nas seguintes \u00e1reas:<\/p>\n<ul>\n<li><span style=\"font-weight: 400\">Analista de Marketing Jr. Campinas\/SP;\u00a0\u00a0<\/span><\/li>\n<li><span style=\"font-weight: 400\">Analista de Marketing Sr. Campinas\/SP;\u00a0\u00a0<\/span><\/li>\n<li><span style=\"font-weight: 400\">Analista de Marketing Sr. Campinas\/SP;\u00a0\u00a0<\/span><\/li>\n<li><span style=\"font-weight: 400\">Coordenador de Contas M\u00e9dias Redes &#8211; Rio de Janeiro\/RJ;\u00a0\u00a0<\/span><\/li>\n<li><span style=\"font-weight: 400\">Gerente de Contas &#8211; Gen\u00e9ricos (Belo Horizonte\/MG e Rio de Janeiro\/RJ) Belo Horizonte\/MG;\u00a0<\/span><\/li>\n<li><span style=\"font-weight: 400\">Banco de talentos Gerente de Contas &#8211; Gen\u00e9ricos (Campinas\/SP e Ribeir\u00e3o Preto\/SP);<\/span><\/li>\n<li><span style=\"font-weight: 400\">Gerente de Contas &#8211; Gen\u00e9ricos (Florian\u00f3polis\/SC);\u00a0<\/span><\/li>\n<li><span style=\"font-weight: 400\">Banco de talentos Gerente de Contas &#8211; Gen\u00e9ricos (Recife\/PE);\u00a0<\/span><\/li>\n<li><span style=\"font-weight: 400\">Gerente Distrital de Demanda (Salvador\/BA);\u00a0<\/span><\/li>\n<li><span style=\"font-weight: 400\">Gerente Distrital de Demanda (Varginha\/MG);<\/span><\/li>\n<li><span style=\"font-weight: 400\">Propagandista Vendedor Jr. &#8211; Gen\u00e9ricos (Carpina\/PE);\u00a0<\/span><\/li>\n<li><span style=\"font-weight: 400\">Propagandista Vendedor J\u00fanior (Curitiba, Paran\u00e1, Brasil);\u00a0<\/span><\/li>\n<li><span style=\"font-weight: 400\">Propagandista Vendedor J\u00fanior &#8211; Gen\u00e9ricos (Iguatu\/CE);\u00a0<\/span><\/li>\n<li><span style=\"font-weight: 400\">Propagandista Vendedor J\u00fanior &#8211; Gen\u00e9ricos (Lages-SC);\u00a0<\/span><\/li>\n<li><span style=\"font-weight: 400\">Propagandista Vendedor J\u00fanior &#8211; Gen\u00e9ricos (Manaus\/AM);\u00a0<\/span><\/li>\n<li><span style=\"font-weight: 400\">Propagandista Vendedor J\u00fanior &#8211; Gen\u00e9ricos (Marab\u00e1\/PA);\u00a0<\/span><\/li>\n<li><span style=\"font-weight: 400\">Propagandista Vendedor J\u00fanior &#8211; Gen\u00e9ricos (Paracatu\/MG);\u00a0<\/span><\/li>\n<li><span style=\"font-weight: 400\">Propagandista Vendedor J\u00fanior &#8211; Gen\u00e9ricos (Porto Alegre\/RS);<\/span><\/li>\n<li><span style=\"font-weight: 400\">Propagandista Vendedor J\u00fanior &#8211; Gen\u00e9ricos (Rio Verde\/GO);\u00a0<\/span><\/li>\n<li><span style=\"font-weight: 400\">Propagandista Vendedor J\u00fanior &#8211; Gen\u00e9ricos (Santo Ant\u00f4nio de Jesus\/BA);\u00a0<\/span><\/li>\n<li><span style=\"font-weight: 400\">Propagandista Vendedor J\u00fanior &#8211; Gen\u00e9ricos (S\u00e3o Paulo);<\/span><\/li>\n<li><span style=\"font-weight: 400\">Propagandista Vendedor J\u00fanior &#8211; Gen\u00e9ricos (S\u00e3o Paulo\/SP &#8211; ZL);\u00a0<\/span><\/li>\n<li><span style=\"font-weight: 400\">Propagandista Vendedor J\u00fanior &#8211; Gen\u00e9ricos (S\u00e3o Paulo\/SP &#8211; Zona Norte e Guarulhos);<\/span><\/li>\n<li><span style=\"font-weight: 400\">Propagandista Vendedor J\u00fanior &#8211; Gen\u00e9ricos (S\u00e3o Paulo\/SP &#8211; Zona Sul);<\/span><\/li>\n<li><span style=\"font-weight: 400\">Propagandista Vendedor J\u00fanior &#8211; Gen\u00e9ricos (Tiangu\u00e1\/CE);\u00a0<\/span><\/li>\n<li><span style=\"font-weight: 400\">Propagandista Vendedor J\u00fanior &#8211; Gen\u00e9ricos (Varginha\/MG).<\/span><\/li>\n<\/ul>\n<figure id=\"attachment_8884\" aria-describedby=\"caption-attachment-8884\" style=\"width: 1200px\" class=\"wp-caption aligncenter\"><img decoding=\"async\" class=\"size-full wp-image-8884\" src=\"https:\/\/99empregos.com.br\/wp-content\/uploads\/2022\/12\/germed-2022.jpg\" alt=\"Germed Pharma abre novas vagas de emprego pelo pa\u00eds. Foto: Divulga\u00e7\u00e3o\" width=\"1200\" height=\"750\" srcset=\"https:\/\/99empregos.com.br\/blog\/wp-content\/uploads\/2022\/12\/germed-2022.jpg 1200w, https:\/\/99empregos.com.br\/blog\/wp-content\/uploads\/2022\/12\/germed-2022-300x188.jpg 300w, https:\/\/99empregos.com.br\/blog\/wp-content\/uploads\/2022\/12\/germed-2022-1024x640.jpg 1024w, https:\/\/99empregos.com.br\/blog\/wp-content\/uploads\/2022\/12\/germed-2022-768x480.jpg 768w\" sizes=\"(max-width: 1200px) 100vw, 1200px\" \/><figcaption id=\"caption-attachment-8884\" class=\"wp-caption-text\">Germed Pharma abre novas vagas de emprego pelo pa\u00eds. Foto: Divulga\u00e7\u00e3o<\/figcaption><\/figure>\n<h3>Mais informa\u00e7\u00f5es sobre a Germed Pharma<\/h3>\n<p>A Germed Pharma \u00e9 a multinacional 100% brasileira que vai al\u00e9m das f\u00f3rmulas. Surgimos em 2002 como uma linha de produtos e hoje somos um dos laborat\u00f3rios farmac\u00eauticos do Grupo NC, atuando de forma independente, com foco na qualidade e no pre\u00e7o justo dos nossos produtos gen\u00e9ricos e de marca, voltado ao mercado brasileiro e europeu.<\/p>\n<p>Nos orgulhamos de uma for\u00e7a de vendas altamente qualificada! Somos diferentes e pr\u00f3ximos de todos os nossos p\u00fablicos: m\u00e9dicos, farmac\u00eauticos, parceiros, colaboradores, construindo rela\u00e7\u00f5es sustent\u00e1veis com muita profundidade e comprometimento, para atender \u00e0s necessidades dos nossos diversos p\u00fablicos oferecendo produtos de alt\u00edssima qualidade a um pre\u00e7o justo.<\/p>\n<h3>Como se candidatar \u00e0s vagas de emprego abertas<\/h3>\n<p>Se voc\u00ea encontrou uma oportunidade de emprego na Germed Pharma, <a href=\"https:\/\/99empregos.com.br\/vaga\/germed-pharma-abre-novas-vagas-de-emprego\/\">basta clicar neste link<\/a> para se candidatar. No entanto, antes de efetivar a sua inscri\u00e7\u00e3o, recomendamos que fa\u00e7a uma revis\u00e3o completa e detalhada de todos os pr\u00e9-requisitos solicitados pela empresa. Boa sorte!<\/p>\n","protected":false},"excerpt":{"rendered":"<p>A Germed Pharma, empresa multinacional e 100% brasileira, est\u00e1 com novas vagas de emprego espalhadas pelo pa\u00eds. Com 20 anos de atua\u00e7\u00e3o no mercado nacional, a companhia segue expandindo os seus neg\u00f3cios e agora busca profissionais nas seguintes \u00e1reas: Analista de Marketing Jr. Campinas\/SP;\u00a0\u00a0 Analista de Marketing Sr. Campinas\/SP;\u00a0\u00a0 Analista de Marketing Sr. Campinas\/SP;\u00a0\u00a0 Coordenador [&hellip;]<\/p>\n","protected":false},"author":8,"featured_media":8885,"comment_status":"open","ping_status":"closed","sticky":false,"template":"","format":"standard","meta":{"footnotes":""},"categories":[7],"tags":[603,778,16],"class_list":["post-8882","post","type-post","status-publish","format-standard","has-post-thumbnail","hentry","category-noticias","tag-603","tag-novas-oportunidades","tag-vagas-de-emprego"],"_links":{"self":[{"href":"https:\/\/99empregos.com.br\/blog\/wp-json\/wp\/v2\/posts\/8882","targetHints":{"allow":["GET"]}}],"collection":[{"href":"https:\/\/99empregos.com.br\/blog\/wp-json\/wp\/v2\/posts"}],"about":[{"href":"https:\/\/99empregos.com.br\/blog\/wp-json\/wp\/v2\/types\/post"}],"author":[{"embeddable":true,"href":"https:\/\/99empregos.com.br\/blog\/wp-json\/wp\/v2\/users\/8"}],"replies":[{"embeddable":true,"href":"https:\/\/99empregos.com.br\/blog\/wp-json\/wp\/v2\/comments?post=8882"}],"version-history":[{"count":0,"href":"https:\/\/99empregos.com.br\/blog\/wp-json\/wp\/v2\/posts\/8882\/revisions"}],"wp:featuredmedia":[{"embeddable":true,"href":"https:\/\/99empregos.com.br\/blog\/wp-json\/wp\/v2\/media\/8885"}],"wp:attachment":[{"href":"https:\/\/99empregos.com.br\/blog\/wp-json\/wp\/v2\/media?parent=8882"}],"wp:term":[{"taxonomy":"category","embeddable":true,"href":"https:\/\/99empregos.com.br\/blog\/wp-json\/wp\/v2\/categories?post=8882"},{"taxonomy":"post_tag","embeddable":true,"href":"https:\/\/99empregos.com.br\/blog\/wp-json\/wp\/v2\/tags?post=8882"}],"curies":[{"name":"wp","href":"https:\/\/api.w.org\/{rel}","templated":true}]}}